{"id":66795,"date":"2017-09-06T08:42:10","date_gmt":"2017-09-06T11:42:10","guid":{"rendered":"http:\/\/www.hoymercedes.com.ar\/principal\/?p=66795"},"modified":"2017-09-05T20:48:28","modified_gmt":"2017-09-05T23:48:28","slug":"inauguran-muestra-de-grupo-lo-sei-en-el-mamm","status":"publish","type":"post","link":"https:\/\/www.hoymercedes.com.ar\/principal\/2017\/09\/06\/inauguran-muestra-de-grupo-lo-sei-en-el-mamm\/","title":{"rendered":"Inauguran muestra de grupo Lo Sei en el MAMM"},"content":{"rendered":"<p>La muestra denominada \u201cLo Extra Vagante\u201d inaugura el viernes 8 de septiembre, a la hora 20, en las salas B, C y D del Museo de Arte \u00abMunicipalidad de Mercedes\u00bb.<\/p>\n<p><img loading=\"lazy\" decoding=\"async\" data-attachment-id=\"66801\" data-permalink=\"https:\/\/www.hoymercedes.com.ar\/principal\/2017\/09\/05\/ciclo-de-cine-en-mamm-la-vida-en-palabras\/06-expo-mamm-4\/#main\" data-orig-file=\"https:\/\/www.hoymercedes.com.ar\/principal\/wp-content\/uploads\/2017\/09\/06-expo-mamm-4.jpg\" data-orig-size=\"630,420\" data-comments-opened=\"0\" data-image-meta=\"{&quot;aperture&quot;:&quot;0&quot;,&quot;credit&quot;:&quot;&quot;,&quot;camera&quot;:&quot;&quot;,&quot;caption&quot;:&quot;&quot;,&quot;created_timestamp&quot;:&quot;1504182462&quot;,&quot;copyright&quot;:&quot;&quot;,&quot;focal_length&quot;:&quot;0&quot;,&quot;iso&quot;:&quot;0&quot;,&quot;shutter_speed&quot;:&quot;0&quot;,&quot;title&quot;:&quot;&quot;,&quot;orientation&quot;:&quot;1&quot;}\" data-image-title=\"06 expo mamm 4\" data-image-description=\"\" data-image-caption=\"\" data-large-file=\"https:\/\/www.hoymercedes.com.ar\/principal\/wp-content\/uploads\/2017\/09\/06-expo-mamm-4.jpg\" class=\"aligncenter size-medium wp-image-66801\" src=\"https:\/\/www.hoymercedes.com.ar\/principal\/wp-content\/uploads\/2017\/09\/06-expo-mamm-4-630x420.jpg\" alt=\"\" width=\"630\" height=\"420\" srcset=\"https:\/\/www.hoymercedes.com.ar\/principal\/wp-content\/uploads\/2017\/09\/06-expo-mamm-4.jpg 630w, https:\/\/www.hoymercedes.com.ar\/principal\/wp-content\/uploads\/2017\/09\/06-expo-mamm-4-150x100.jpg 150w, https:\/\/www.hoymercedes.com.ar\/principal\/wp-content\/uploads\/2017\/09\/06-expo-mamm-4-300x200.jpg 300w\" sizes=\"auto, (max-width: 630px) 100vw, 630px\" \/><\/p>\n<p>\u201cLa\u200b \u200bpintura\u200b \u200bes\u200b \u200buna\u200b \u200bcasa\u200b \u200bsin\u200b \u200bpuertas\u200b \u200bni\u200b \u200bventanas.\u00a0Un edificio\u2026. un fondo inconsciente, inmaterial, com\u00fan a todos, hecho de infinidad de fuerzas, inclinaciones\u200b \u200by\u200b \u200bpercepciones\u201d.<\/p>\n<p>As\u00ed comienza el manifiesto de pintura que este grupo heterog\u00e9neo, autodenominado Lo Sei, ha enunciado en base a sus principios filos\u00f3fico-pl\u00e1sticos.<\/p>\n<p>El mismo hace referencia a las fuerzas perpetuas que rozan, atraen, repelen, crean y destruyen lo \u00fanico e indistinto, lo todo y diverso, en la naturalidad de los planos m\u00faltiples, instintivos, racionales, predominantemente libres y profundos de la conciencia art\u00edstica y humana. Abrazando esa diferencia, constituidos por ella,<\/p>\n<p>Lo Sei re\u00fane a los pintores Horacio Cacciabue, Gustavo Silva, Daniel Castro Cuccuini, Fabi\u00e1n Yuco, Javier Urani y Roberto Calcagno, para dar testimonio de su existencia plural.<\/p>\n<p>El grupo presentar\u00e1 en el Museo de Arte su pintoresca extravagancia fundamental, su extra-vagancia, su camino largo y errabundo, su derrotero colectivo hacia los m\u00e1rgenes y centros de la expresi\u00f3n.<\/p>\n<p>\u201cUn pintor debe estar alerta, al acecho y el acecho es\u200b \u200bontol\u00f3gico. Con una l\u00ednea puede dominar a un tigre, domesticarlo\u200b \u200by\u200b \u200bllevarlo\u200b \u200ba\u200b \u200buna\u200b \u200bcelda\u200b \u200bsin\u200b \u200brejas. Eso\u200b \u200bes\u200b \u200bdibujar,\u200b \u200beso\u200b \u200bes\u200b \u200bla\u200b \u200bpintura\u200b\u201d (Lo Sei).<\/p>\n<p>&nbsp;<\/p>\n<p>Fuente: MAMM<\/p>\n<p><img loading=\"lazy\" decoding=\"async\" data-attachment-id=\"66800\" data-permalink=\"https:\/\/www.hoymercedes.com.ar\/principal\/2017\/09\/05\/ciclo-de-cine-en-mamm-la-vida-en-palabras\/06-cuccuini-4\/#main\" data-orig-file=\"https:\/\/www.hoymercedes.com.ar\/principal\/wp-content\/uploads\/2017\/09\/06-Cuccuini-4.jpg\" data-orig-size=\"446,630\" data-comments-opened=\"0\" data-image-meta=\"{&quot;aperture&quot;:&quot;0&quot;,&quot;credit&quot;:&quot;&quot;,&quot;camera&quot;:&quot;&quot;,&quot;caption&quot;:&quot;&quot;,&quot;created_timestamp&quot;:&quot;1504182462&quot;,&quot;copyright&quot;:&quot;&quot;,&quot;focal_length&quot;:&quot;0&quot;,&quot;iso&quot;:&quot;0&quot;,&quot;shutter_speed&quot;:&quot;0&quot;,&quot;title&quot;:&quot;&quot;,&quot;orientation&quot;:&quot;1&quot;}\" data-image-title=\"06 Cuccuini 4\" data-image-description=\"\" data-image-caption=\"\" data-large-file=\"https:\/\/www.hoymercedes.com.ar\/principal\/wp-content\/uploads\/2017\/09\/06-Cuccuini-4.jpg\" class=\"aligncenter size-medium wp-image-66800\" src=\"https:\/\/www.hoymercedes.com.ar\/principal\/wp-content\/uploads\/2017\/09\/06-Cuccuini-4-439x620.jpg\" alt=\"\" width=\"439\" height=\"620\" srcset=\"https:\/\/www.hoymercedes.com.ar\/principal\/wp-content\/uploads\/2017\/09\/06-Cuccuini-4-439x620.jpg 439w, https:\/\/www.hoymercedes.com.ar\/principal\/wp-content\/uploads\/2017\/09\/06-Cuccuini-4-106x150.jpg 106w, https:\/\/www.hoymercedes.com.ar\/principal\/wp-content\/uploads\/2017\/09\/06-Cuccuini-4.jpg 446w\" sizes=\"auto, (max-width: 439px) 100vw, 439px\" \/><\/p>\n","protected":false},"excerpt":{"rendered":"<p>La muestra denominada \u201cLo Extra Vagante\u201d inaugura el viernes 8 de septiembre, a la hora 20, en las salas B, &#8230; <a title=\"Inauguran muestra de grupo Lo Sei en el MAMM\" class=\"read-more\" href=\"https:\/\/www.hoymercedes.com.ar\/principal\/2017\/09\/06\/inauguran-muestra-de-grupo-lo-sei-en-el-mamm\/\" aria-label=\"Leer m\u00e1s sobre Inauguran muestra de grupo Lo Sei en el MAMM\">Leer m\u00e1s<\/a><\/p>\n","protected":false},"author":1,"featured_media":66801,"comment_status":"closed","ping_status":"open","sticky":false,"template":"","format":"standard","meta":{"_monsterinsights_skip_tracking":false,"_monsterinsights_sitenote_active":false,"_monsterinsights_sitenote_note":"","_monsterinsights_sitenote_category":0,"jetpack_post_was_ever_published":false,"_jetpack_newsletter_access":"","_jetpack_dont_email_post_to_subs":false,"_jetpack_newsletter_tier_id":0,"_jetpack_memberships_contains_paywalled_content":false,"_jetpack_memberships_contains_paid_content":false,"footnotes":"","jetpack_publicize_message":"","jetpack_publicize_feature_enabled":true,"jetpack_social_post_already_shared":true,"jetpack_social_options":{"image_generator_settings":{"template":"highway","default_image_id":0,"font":"","enabled":false},"version":2},"_wpas_customize_per_network":false},"categories":[104],"tags":[7805,11820,8674,10,11821],"class_list":["post-66795","post","type-post","status-publish","format-standard","has-post-thumbnail","hentry","category-cultura","tag-cultura","tag-lo-extra-vagante","tag-mamm","tag-mercedes","tag-muestra-artistica","generate-columns","tablet-grid-50","mobile-grid-100","grid-parent","grid-50"],"jetpack_publicize_connections":[],"jetpack_featured_media_url":"https:\/\/www.hoymercedes.com.ar\/principal\/wp-content\/uploads\/2017\/09\/06-expo-mamm-4.jpg","wps_subtitle":"Lo extra vagante","jetpack_sharing_enabled":true,"_links":{"self":[{"href":"https:\/\/www.hoymercedes.com.ar\/principal\/wp-json\/wp\/v2\/posts\/66795","targetHints":{"allow":["GET"]}}],"collection":[{"href":"https:\/\/www.hoymercedes.com.ar\/principal\/wp-json\/wp\/v2\/posts"}],"about":[{"href":"https:\/\/www.hoymercedes.com.ar\/principal\/wp-json\/wp\/v2\/types\/post"}],"author":[{"embeddable":true,"href":"https:\/\/www.hoymercedes.com.ar\/principal\/wp-json\/wp\/v2\/users\/1"}],"replies":[{"embeddable":true,"href":"https:\/\/www.hoymercedes.com.ar\/principal\/wp-json\/wp\/v2\/comments?post=66795"}],"version-history":[{"count":0,"href":"https:\/\/www.hoymercedes.com.ar\/principal\/wp-json\/wp\/v2\/posts\/66795\/revisions"}],"wp:featuredmedia":[{"embeddable":true,"href":"https:\/\/www.hoymercedes.com.ar\/principal\/wp-json\/wp\/v2\/media\/66801"}],"wp:attachment":[{"href":"https:\/\/www.hoymercedes.com.ar\/principal\/wp-json\/wp\/v2\/media?parent=66795"}],"wp:term":[{"taxonomy":"category","embeddable":true,"href":"https:\/\/www.hoymercedes.com.ar\/principal\/wp-json\/wp\/v2\/categories?post=66795"},{"taxonomy":"post_tag","embeddable":true,"href":"https:\/\/www.hoymercedes.com.ar\/principal\/wp-json\/wp\/v2\/tags?post=66795"}],"curies":[{"name":"wp","href":"https:\/\/api.w.org\/{rel}","templated":true}]}}