{"id":66835,"date":"2017-09-06T15:40:53","date_gmt":"2017-09-06T18:40:53","guid":{"rendered":"http:\/\/www.hoymercedes.com.ar\/principal\/?p=66835"},"modified":"2017-09-06T21:18:34","modified_gmt":"2017-09-07T00:18:34","slug":"el-municipio-entrega-ascensos-a-trabajadores-comunales","status":"publish","type":"post","link":"https:\/\/www.hoymercedes.com.ar\/principal\/2017\/09\/06\/el-municipio-entrega-ascensos-a-trabajadores-comunales\/","title":{"rendered":"El Municipio entrega categor\u00edas a trabajadores comunales"},"content":{"rendered":"<p>Los trabajadores municipales recibieron de manos del gobierno actual, categor\u00edas a la labor, y as\u00ed tener una cobertura mayor antes de jubilarse. Con la presencia de los sindicatos, el intendente Municipal Ustarroz, el Jefe de Gabinete y el Secretario de Gobierno se concret\u00f3 el beneficio.<\/p>\n<p><img loading=\"lazy\" decoding=\"async\" data-attachment-id=\"66836\" data-permalink=\"https:\/\/www.hoymercedes.com.ar\/principal\/2017\/09\/06\/el-municipio-entrega-ascensos-a-trabajadores-comunales\/05-muni-trabajadores\/#main\" data-orig-file=\"https:\/\/www.hoymercedes.com.ar\/principal\/wp-content\/uploads\/2017\/09\/05-muni-trabajadores.jpg\" data-orig-size=\"630,322\" data-comments-opened=\"0\" data-image-meta=\"{&quot;aperture&quot;:&quot;0&quot;,&quot;credit&quot;:&quot;&quot;,&quot;camera&quot;:&quot;&quot;,&quot;caption&quot;:&quot;&quot;,&quot;created_timestamp&quot;:&quot;0&quot;,&quot;copyright&quot;:&quot;&quot;,&quot;focal_length&quot;:&quot;0&quot;,&quot;iso&quot;:&quot;0&quot;,&quot;shutter_speed&quot;:&quot;0&quot;,&quot;title&quot;:&quot;&quot;,&quot;orientation&quot;:&quot;0&quot;}\" data-image-title=\"05 muni trabajadores\" data-image-description=\"\" data-image-caption=\"\" data-large-file=\"https:\/\/www.hoymercedes.com.ar\/principal\/wp-content\/uploads\/2017\/09\/05-muni-trabajadores.jpg\" class=\"aligncenter size-medium wp-image-66836\" src=\"https:\/\/www.hoymercedes.com.ar\/principal\/wp-content\/uploads\/2017\/09\/05-muni-trabajadores-630x322.jpg\" alt=\"\" width=\"630\" height=\"322\" srcset=\"https:\/\/www.hoymercedes.com.ar\/principal\/wp-content\/uploads\/2017\/09\/05-muni-trabajadores.jpg 630w, https:\/\/www.hoymercedes.com.ar\/principal\/wp-content\/uploads\/2017\/09\/05-muni-trabajadores-150x77.jpg 150w\" sizes=\"auto, (max-width: 630px) 100vw, 630px\" \/><\/p>\n<p>Ernesto Ballesteros, representante de los trabajadores, agradeci\u00f3 a \u201ceste gobierno porque nos da la posibilidad de que haya compa\u00f1eros que se jubilen con la categor\u00eda 13. Durante a\u00f1os por distintas circunstancias en gobiernos que pasaron fue quedando en el olvido este tema tan importante y por eso nos hace muy bien y muy feliz verlos a ellos recibir sus categor\u00edas, donde vemos el reconocimiento al compa\u00f1ero municipal\u201d<\/p>\n<p>Javier Mihura, trabajador del \u00e1rea de medio ambiente, expres\u00f3 ante los medios que \u201cingres\u00e9 a los 21 a\u00f1os y hoy me veo con esto inesperado y es invalorable para los empleados. Pasan los a\u00f1os y uno hace como una carrera ac\u00e1 adentro y por eso quiero agradecer p\u00fablicamente por esta actitud impensada\u201d narrando tambi\u00e9n que desde hace m\u00e1s de 15 a\u00f1os que no ten\u00eda una elevaci\u00f3n de categor\u00eda. Otros trabajadores, dado que fueron 11 los beneficiados, desde otras \u00e1reas, tambi\u00e9n recibiendo categor\u00edas.<\/p>\n<p>Por su parte, el primer mandatario local, Juan Ignacio Ustarroz, expres\u00f3 que \u201ces un reconocimiento desde los hechos. El trabajador antes de jubilarse obtiene la m\u00e1xima categor\u00eda, que es la 13, donde le permite tener un mejor ingreso ahora y jubilarse con una mejor perspectiva, m\u00e1s digno. Lo ve\u00edamos con Javier que hace tiempo ven\u00eda gestionando y, reitero, ahora es un derecho\u201d coment\u00f3 y recalc\u00f3 que \u201cno tiene que golpear la puerta de nadie o ver si el intendente quiere o no darle una categor\u00eda, es un derecho y as\u00ed tiene que ser. Se da en un contexto dif\u00edcil, uno es consciente de la realidad econ\u00f3mica que vive el pa\u00eds, pero por decisi\u00f3n y trabajo la municipalidad est\u00e1 en buenas condiciones administrativas, financieras y econ\u00f3micas y m\u00e1s presencia en la calle de los trabajadores requiere inversi\u00f3n y por eso compramos m\u00e1s de 40 nuevos veh\u00edculos entre motoniveladoras, tractores, camiones, barredoras, y eso al vecino le llega, sabemos que falta, pero tenemos un rumbo concreto de llegar con trabajo ingresando a un c\u00edrculo virtuoso donde el trabajador est\u00e1 mejor, trabaja mejor, el municipio le da las herramientas adecuadas y el vecino lo exterioriza por medio del apoyo como contribuyente y esto es importante\u201d, destac\u00f3 Ustarroz.<\/p>\n<p>El encuentro cont\u00f3 con la presencia de Florencia Balzategui, Ernesto Ballesteros, Evangelina Artaza, Martina Mansilla y Rojas, y Alberto Pi\u00f1aranda representantes de ambas expresiones gremiales y sindicales de los trabajadores. Acompa\u00f1\u00f3 tambi\u00e9n el Jefe de Gabinete, Ger\u00f3nimo Ustarroz quien remarc\u00f3 \u201cel agradecimiento constante que tenemos hacia los trabajadores, que siempre dan lo mejor de s\u00ed para brindar m\u00e1s y mejores servicios a sus vecinos\u201d<\/p>\n<p>Por su parte, el Secretario de Gobierno, Juan Pablo L\u00f3pez Baggio, remarc\u00f3 que \u201cestas acciones, que materializan derechos, se las han ganado los trabajadores, con su esfuerzo, con su compromiso, y con las expresiones gremiales siempre presentes, con una gesti\u00f3n que dialoga y act\u00faa junto a ellos\u201d<\/p>\n<p>De esta manera la Municipalidad de Mercedes sigue actuando en la jerarquizaci\u00f3n de los trabajadores, d\u00e1ndoles beneficios y tranquilidad, reconociendo derechos y construyendo un mejor futuro para las familias.<\/p>\n<p>&nbsp;<\/p>\n<p>Fuente: Prensa Municipal<\/p>\n","protected":false},"excerpt":{"rendered":"<p>Los trabajadores municipales recibieron de manos del gobierno actual, categor\u00edas a la labor, y as\u00ed tener una cobertura mayor antes &#8230; <a title=\"El Municipio entrega categor\u00edas a trabajadores comunales\" class=\"read-more\" href=\"https:\/\/www.hoymercedes.com.ar\/principal\/2017\/09\/06\/el-municipio-entrega-ascensos-a-trabajadores-comunales\/\" aria-label=\"Leer m\u00e1s sobre El Municipio entrega categor\u00edas a trabajadores comunales\">Leer m\u00e1s<\/a><\/p>\n","protected":false},"author":1,"featured_media":66836,"comment_status":"closed","ping_status":"open","sticky":false,"template":"","format":"standard","meta":{"_monsterinsights_skip_tracking":false,"_monsterinsights_sitenote_active":false,"_monsterinsights_sitenote_note":"","_monsterinsights_sitenote_category":0,"jetpack_post_was_ever_published":false,"_jetpack_newsletter_access":"","_jetpack_dont_email_post_to_subs":false,"_jetpack_newsletter_tier_id":0,"_jetpack_memberships_contains_paywalled_content":false,"_jetpack_memberships_contains_paid_content":false,"footnotes":"","jetpack_publicize_message":"","jetpack_publicize_feature_enabled":true,"jetpack_social_post_already_shared":true,"jetpack_social_options":{"image_generator_settings":{"template":"highway","default_image_id":0,"font":"","enabled":false},"version":2},"_wpas_customize_per_network":false},"categories":[30],"tags":[9260,244,2720],"class_list":["post-66835","post","type-post","status-publish","format-standard","has-post-thumbnail","hentry","category-municipio","tag-categorias","tag-municipio-2","tag-trabajadores-municipales","generate-columns","tablet-grid-50","mobile-grid-100","grid-parent","grid-50"],"jetpack_publicize_connections":[],"jetpack_featured_media_url":"https:\/\/www.hoymercedes.com.ar\/principal\/wp-content\/uploads\/2017\/09\/05-muni-trabajadores.jpg","wps_subtitle":"Reconocimiento a los municipales","jetpack_sharing_enabled":true,"_links":{"self":[{"href":"https:\/\/www.hoymercedes.com.ar\/principal\/wp-json\/wp\/v2\/posts\/66835","targetHints":{"allow":["GET"]}}],"collection":[{"href":"https:\/\/www.hoymercedes.com.ar\/principal\/wp-json\/wp\/v2\/posts"}],"about":[{"href":"https:\/\/www.hoymercedes.com.ar\/principal\/wp-json\/wp\/v2\/types\/post"}],"author":[{"embeddable":true,"href":"https:\/\/www.hoymercedes.com.ar\/principal\/wp-json\/wp\/v2\/users\/1"}],"replies":[{"embeddable":true,"href":"https:\/\/www.hoymercedes.com.ar\/principal\/wp-json\/wp\/v2\/comments?post=66835"}],"version-history":[{"count":0,"href":"https:\/\/www.hoymercedes.com.ar\/principal\/wp-json\/wp\/v2\/posts\/66835\/revisions"}],"wp:featuredmedia":[{"embeddable":true,"href":"https:\/\/www.hoymercedes.com.ar\/principal\/wp-json\/wp\/v2\/media\/66836"}],"wp:attachment":[{"href":"https:\/\/www.hoymercedes.com.ar\/principal\/wp-json\/wp\/v2\/media?parent=66835"}],"wp:term":[{"taxonomy":"category","embeddable":true,"href":"https:\/\/www.hoymercedes.com.ar\/principal\/wp-json\/wp\/v2\/categories?post=66835"},{"taxonomy":"post_tag","embeddable":true,"href":"https:\/\/www.hoymercedes.com.ar\/principal\/wp-json\/wp\/v2\/tags?post=66835"}],"curies":[{"name":"wp","href":"https:\/\/api.w.org\/{rel}","templated":true}]}}