{"id":66879,"date":"2017-09-07T18:36:18","date_gmt":"2017-09-07T21:36:18","guid":{"rendered":"http:\/\/www.hoymercedes.com.ar\/principal\/?p=66879"},"modified":"2017-09-07T18:36:18","modified_gmt":"2017-09-07T21:36:18","slug":"robaron-el-escapulario-de-la-virgen-de-las-mercedes-en-la-basilica","status":"publish","type":"post","link":"https:\/\/www.hoymercedes.com.ar\/principal\/2017\/09\/07\/robaron-el-escapulario-de-la-virgen-de-las-mercedes-en-la-basilica\/","title":{"rendered":"Robaron el escapulario de la Virgen de las Mercedes en la Bas\u00edlica"},"content":{"rendered":"<p>Este jueves se conoci\u00f3 de manera p\u00fablica un hurto en la iglesia Bas\u00edlica Catedral de Mercedes. De acuerdo a la informaci\u00f3n brindada por el Padre Federico Lagoa, p\u00e1rroco de la iglesia, desconocidos se robaron el escapulario de la Virgen de las Mercedes y su cetro o bast\u00f3n de mando.<\/p>\n<p>El sacerdote Federico Lagoa, en di\u00e1logo con FM Universo, destac\u00f3 que es frecuente el hurto en la iglesia, pero en esta oportunidad los sustra\u00eddo tiene un significado religioso e hist\u00f3rico relevante. \u00abA la imagen peregrina de Nuestra Se\u00f1ora de las Mercedes todos los septiembre la dejamos en el prebiterio para su veneraci\u00f3n en el mes de la virgen. Le han robado el escapulario en la ma\u00f1ana del s\u00e1bado y el lunes a la ma\u00f1ana le han robado el bast\u00f3n de mando\u00bb, cont\u00f3 el Padre Federico.<\/p>\n<p>\u00abPrimero pensamos que el escapulario estaba en otro lado, pero despu\u00e9s cuando sucedi\u00f3 lo del lunes nos dimos cuenta que tambi\u00e9n lo hab\u00edan robado. La polic\u00eda nos dec\u00eda que no se lo hab\u00edan podido robar todo junto porque el bast\u00f3n estaba atado con alambre, y lo encontramos cortado con un alicate\u00bb, agreg\u00f3.<\/p>\n<p>\u00abEstamos muy triste porque no tiene valor econ\u00f3mico, pero s\u00ed hist\u00f3rico religioso. La comunidad est\u00e1 muy apenada. Esperamos que el que lo tom\u00f3 que tome conciencia de que no les sirve ni les significar\u00e1 nada. Para nosotros los creyentes, devotos de la Virgen es importante. por ah\u00ed se arrepienten, Dios quiera, y lo traen\u00bb, resalt\u00f3 el sacerdote que adem\u00e1s confirm\u00f3 la denuncia policial y el refuerzo de la seguridad.<\/p>\n","protected":false},"excerpt":{"rendered":"<p>Este jueves se conoci\u00f3 de manera p\u00fablica un hurto en la iglesia Bas\u00edlica Catedral de Mercedes. De acuerdo a la &#8230; <a title=\"Robaron el escapulario de la Virgen de las Mercedes en la Bas\u00edlica\" class=\"read-more\" href=\"https:\/\/www.hoymercedes.com.ar\/principal\/2017\/09\/07\/robaron-el-escapulario-de-la-virgen-de-las-mercedes-en-la-basilica\/\" aria-label=\"Leer m\u00e1s sobre Robaron el escapulario de la Virgen de las Mercedes en la Bas\u00edlica\">Leer m\u00e1s<\/a><\/p>\n","protected":false},"author":1,"featured_media":7645,"comment_status":"closed","ping_status":"open","sticky":false,"template":"","format":"standard","meta":{"_monsterinsights_skip_tracking":false,"_monsterinsights_sitenote_active":false,"_monsterinsights_sitenote_note":"","_monsterinsights_sitenote_category":0,"jetpack_post_was_ever_published":false,"_jetpack_newsletter_access":"","_jetpack_dont_email_post_to_subs":false,"_jetpack_newsletter_tier_id":0,"_jetpack_memberships_contains_paywalled_content":false,"_jetpack_memberships_contains_paid_content":false,"footnotes":"","jetpack_publicize_message":"","jetpack_publicize_feature_enabled":true,"jetpack_social_post_already_shared":true,"jetpack_social_options":{"image_generator_settings":{"template":"highway","default_image_id":0,"font":"","enabled":false},"version":2},"_wpas_customize_per_network":false},"categories":[11],"tags":[4311,11831,96,889,2765],"class_list":["post-66879","post","type-post","status-publish","format-standard","has-post-thumbnail","hentry","category-ciudad","tag-basilica-catedral","tag-ciduad","tag-policial-2","tag-robo","tag-virgen-de-las-mercedes","generate-columns","tablet-grid-50","mobile-grid-100","grid-parent","grid-50"],"jetpack_publicize_connections":[],"jetpack_featured_media_url":"https:\/\/www.hoymercedes.com.ar\/principal\/wp-content\/uploads\/2011\/09\/Procesion-24.09.2011002.jpg","wps_subtitle":"Entre s\u00e1bado y lunes","jetpack_sharing_enabled":true,"_links":{"self":[{"href":"https:\/\/www.hoymercedes.com.ar\/principal\/wp-json\/wp\/v2\/posts\/66879","targetHints":{"allow":["GET"]}}],"collection":[{"href":"https:\/\/www.hoymercedes.com.ar\/principal\/wp-json\/wp\/v2\/posts"}],"about":[{"href":"https:\/\/www.hoymercedes.com.ar\/principal\/wp-json\/wp\/v2\/types\/post"}],"author":[{"embeddable":true,"href":"https:\/\/www.hoymercedes.com.ar\/principal\/wp-json\/wp\/v2\/users\/1"}],"replies":[{"embeddable":true,"href":"https:\/\/www.hoymercedes.com.ar\/principal\/wp-json\/wp\/v2\/comments?post=66879"}],"version-history":[{"count":0,"href":"https:\/\/www.hoymercedes.com.ar\/principal\/wp-json\/wp\/v2\/posts\/66879\/revisions"}],"wp:featuredmedia":[{"embeddable":true,"href":"https:\/\/www.hoymercedes.com.ar\/principal\/wp-json\/wp\/v2\/media\/7645"}],"wp:attachment":[{"href":"https:\/\/www.hoymercedes.com.ar\/principal\/wp-json\/wp\/v2\/media?parent=66879"}],"wp:term":[{"taxonomy":"category","embeddable":true,"href":"https:\/\/www.hoymercedes.com.ar\/principal\/wp-json\/wp\/v2\/categories?post=66879"},{"taxonomy":"post_tag","embeddable":true,"href":"https:\/\/www.hoymercedes.com.ar\/principal\/wp-json\/wp\/v2\/tags?post=66879"}],"curies":[{"name":"wp","href":"https:\/\/api.w.org\/{rel}","templated":true}]}}