{"id":66899,"date":"2017-09-08T09:17:20","date_gmt":"2017-09-08T12:17:20","guid":{"rendered":"http:\/\/www.hoymercedes.com.ar\/principal\/?p=66899"},"modified":"2017-09-07T21:25:07","modified_gmt":"2017-09-08T00:25:07","slug":"selva-presente-en-belgica-para-participar-del-seminario-entre-mercosur-y-la-union-europea","status":"publish","type":"post","link":"https:\/\/www.hoymercedes.com.ar\/principal\/2017\/09\/08\/selva-presente-en-belgica-para-participar-del-seminario-entre-mercosur-y-la-union-europea\/","title":{"rendered":"Selva presente en B\u00e9lgica para participar del Seminario entre Mercosur y la Uni\u00f3n Europea"},"content":{"rendered":"<p>El diputado nacional Carlos Selva integra la comitiva oficial de las C\u00e1maras legislativas argentina que participa del Seminario \u00abOportunidades y Desaf\u00edos del Acuerdo Mercosur-UE\u00bb. Tras su paso por Espa\u00f1a lleg\u00f3 a Bruselas donde discutir\u00e1n posiciones con Europarlamentarios de diversas fuerzas pol\u00edticas.<\/p>\n<p><img loading=\"lazy\" decoding=\"async\" data-attachment-id=\"66901\" data-permalink=\"https:\/\/www.hoymercedes.com.ar\/principal\/2017\/09\/08\/selva-presente-en-belgica-para-participar-del-seminario-entre-mercosur-y-la-union-europea\/08-selvasalafranca7\/#main\" data-orig-file=\"https:\/\/www.hoymercedes.com.ar\/principal\/wp-content\/uploads\/2017\/09\/08-selvasalafranca7.jpg\" data-orig-size=\"630,473\" data-comments-opened=\"0\" data-image-meta=\"{&quot;aperture&quot;:&quot;0&quot;,&quot;credit&quot;:&quot;&quot;,&quot;camera&quot;:&quot;&quot;,&quot;caption&quot;:&quot;&quot;,&quot;created_timestamp&quot;:&quot;0&quot;,&quot;copyright&quot;:&quot;&quot;,&quot;focal_length&quot;:&quot;0&quot;,&quot;iso&quot;:&quot;0&quot;,&quot;shutter_speed&quot;:&quot;0&quot;,&quot;title&quot;:&quot;&quot;,&quot;orientation&quot;:&quot;0&quot;}\" data-image-title=\"08 selvasalafranca7\" data-image-description=\"\" data-image-caption=\"\" data-large-file=\"https:\/\/www.hoymercedes.com.ar\/principal\/wp-content\/uploads\/2017\/09\/08-selvasalafranca7.jpg\" class=\"aligncenter size-medium wp-image-66901\" src=\"https:\/\/www.hoymercedes.com.ar\/principal\/wp-content\/uploads\/2017\/09\/08-selvasalafranca7-630x473.jpg\" alt=\"\" width=\"630\" height=\"473\" srcset=\"https:\/\/www.hoymercedes.com.ar\/principal\/wp-content\/uploads\/2017\/09\/08-selvasalafranca7.jpg 630w, https:\/\/www.hoymercedes.com.ar\/principal\/wp-content\/uploads\/2017\/09\/08-selvasalafranca7-150x113.jpg 150w\" sizes=\"auto, (max-width: 630px) 100vw, 630px\" \/><\/p>\n<p>En el marco de su visita oficial a Espa\u00f1a, el diputado nacional Carlos Selva mantuvo una reuni\u00f3n junto a otros legisladores nacionales con el Embajador Ram\u00f3n Puerta y el se\u00f1or Jos\u00e9 Pique en la Embajada Argentina. Eso fue casi a su llegada, pero este jueves tras una serie de eventos de los que fue parte lleg\u00f3 a B\u00e9lgica, para el Seminario \u201cOportunidades y desaf\u00edos del Acuerdo Mercosur \u2013 UE\u201d.<\/p>\n<p>En su recepci\u00f3n en Espa\u00f1a hab\u00eda estado con Piqu\u00e9, quien fue ex ministro de Aznar y hoy es consultor del gobierno por el acuerdo. \u201cAdem\u00e1s pude encontrarme\u00a0con el embajador ante la Uni\u00f3n Europea para establecer pautas e informarnos de la negociaci\u00f3n\u201d, dijo Selva.<\/p>\n<p>En la jornada siguiente el mercedino tambi\u00e9n fue parte de una reuni\u00f3n con Jordi Sevilla y Pablo Zalva. Sevilla es miembro del PSOE y ex ministro de Aznar, y Zalva es eurodiputado y presidente del ICO (Instituto de Cr\u00e9dito Oficial Espa\u00f1ol).<\/p>\n<p>Ya en B\u00e9lgica, y en la continuidad de su gira por Europa, junto a los legisladores e integrantes de la comitiva se dirigieron hacia el Parlamento de la Uni\u00f3n Europea, para ser parte del Seminario \u201cOportunidades y desaf\u00edos del Acuerdo Mercosur \u2013 UE\u201d, con Europarlamentarios de diversas fuerzas pol\u00edticas, la Delegaci\u00f3n de parlamentarios argentinos y de diversos funcionarios de Argentina y de la UE. Todo con coordinaci\u00f3n de Jos\u00e9 Ignacio Salafranca (Eurodiputado, Vicecoordinador en la Comisi\u00f3n de Asuntos Exteriores y Ponente del Acuerdo Uni\u00f3n Europea Mercosur en la Comisi\u00f3n de Comercio Internacional. Ex Embajador de la UE en Argentina).<\/p>\n<p>Fuente: Web Carlos Selva<\/p>\n<p><img loading=\"lazy\" decoding=\"async\" data-attachment-id=\"66900\" data-permalink=\"https:\/\/www.hoymercedes.com.ar\/principal\/2017\/09\/08\/selva-presente-en-belgica-para-participar-del-seminario-entre-mercosur-y-la-union-europea\/08-selvasalafranca1\/#main\" data-orig-file=\"https:\/\/www.hoymercedes.com.ar\/principal\/wp-content\/uploads\/2017\/09\/08-selvasalafranca1.jpg\" data-orig-size=\"630,330\" data-comments-opened=\"0\" data-image-meta=\"{&quot;aperture&quot;:&quot;0&quot;,&quot;credit&quot;:&quot;&quot;,&quot;camera&quot;:&quot;&quot;,&quot;caption&quot;:&quot;&quot;,&quot;created_timestamp&quot;:&quot;0&quot;,&quot;copyright&quot;:&quot;&quot;,&quot;focal_length&quot;:&quot;0&quot;,&quot;iso&quot;:&quot;0&quot;,&quot;shutter_speed&quot;:&quot;0&quot;,&quot;title&quot;:&quot;&quot;,&quot;orientation&quot;:&quot;0&quot;}\" data-image-title=\"08 selvasalafranca1\" data-image-description=\"\" data-image-caption=\"\" data-large-file=\"https:\/\/www.hoymercedes.com.ar\/principal\/wp-content\/uploads\/2017\/09\/08-selvasalafranca1.jpg\" class=\"aligncenter size-medium wp-image-66900\" src=\"https:\/\/www.hoymercedes.com.ar\/principal\/wp-content\/uploads\/2017\/09\/08-selvasalafranca1-630x330.jpg\" alt=\"\" width=\"630\" height=\"330\" srcset=\"https:\/\/www.hoymercedes.com.ar\/principal\/wp-content\/uploads\/2017\/09\/08-selvasalafranca1.jpg 630w, https:\/\/www.hoymercedes.com.ar\/principal\/wp-content\/uploads\/2017\/09\/08-selvasalafranca1-150x79.jpg 150w\" sizes=\"auto, (max-width: 630px) 100vw, 630px\" \/><\/p>\n","protected":false},"excerpt":{"rendered":"<p>El diputado nacional Carlos Selva integra la comitiva oficial de las C\u00e1maras legislativas argentina que participa del Seminario \u00abOportunidades y &#8230; <a title=\"Selva presente en B\u00e9lgica para participar del Seminario entre Mercosur y la Uni\u00f3n Europea\" class=\"read-more\" href=\"https:\/\/www.hoymercedes.com.ar\/principal\/2017\/09\/08\/selva-presente-en-belgica-para-participar-del-seminario-entre-mercosur-y-la-union-europea\/\" aria-label=\"Leer m\u00e1s sobre Selva presente en B\u00e9lgica para participar del Seminario entre Mercosur y la Uni\u00f3n Europea\">Leer m\u00e1s<\/a><\/p>\n","protected":false},"author":1,"featured_media":66900,"comment_status":"closed","ping_status":"open","sticky":false,"template":"","format":"standard","meta":{"_monsterinsights_skip_tracking":false,"_monsterinsights_sitenote_active":false,"_monsterinsights_sitenote_note":"","_monsterinsights_sitenote_category":0,"jetpack_post_was_ever_published":false,"_jetpack_newsletter_access":"","_jetpack_dont_email_post_to_subs":false,"_jetpack_newsletter_tier_id":0,"_jetpack_memberships_contains_paywalled_content":false,"_jetpack_memberships_contains_paid_content":false,"footnotes":"","jetpack_publicize_message":"","jetpack_publicize_feature_enabled":true,"jetpack_social_post_already_shared":true,"jetpack_social_options":{"image_generator_settings":{"template":"highway","default_image_id":0,"font":"","enabled":false},"version":2},"_wpas_customize_per_network":false},"categories":[5210],"tags":[39,7500,11837,10113],"class_list":["post-66899","post","type-post","status-publish","format-standard","has-post-thumbnail","hentry","category-politica-nacional","tag-carlos-selva","tag-diputado-nacional","tag-mercosu-ue","tag-politica-nacional","generate-columns","tablet-grid-50","mobile-grid-100","grid-parent","grid-50"],"jetpack_publicize_connections":[],"jetpack_featured_media_url":"https:\/\/www.hoymercedes.com.ar\/principal\/wp-content\/uploads\/2017\/09\/08-selvasalafranca1.jpg","wps_subtitle":"Gira legislativa","jetpack_sharing_enabled":true,"_links":{"self":[{"href":"https:\/\/www.hoymercedes.com.ar\/principal\/wp-json\/wp\/v2\/posts\/66899","targetHints":{"allow":["GET"]}}],"collection":[{"href":"https:\/\/www.hoymercedes.com.ar\/principal\/wp-json\/wp\/v2\/posts"}],"about":[{"href":"https:\/\/www.hoymercedes.com.ar\/principal\/wp-json\/wp\/v2\/types\/post"}],"author":[{"embeddable":true,"href":"https:\/\/www.hoymercedes.com.ar\/principal\/wp-json\/wp\/v2\/users\/1"}],"replies":[{"embeddable":true,"href":"https:\/\/www.hoymercedes.com.ar\/principal\/wp-json\/wp\/v2\/comments?post=66899"}],"version-history":[{"count":0,"href":"https:\/\/www.hoymercedes.com.ar\/principal\/wp-json\/wp\/v2\/posts\/66899\/revisions"}],"wp:featuredmedia":[{"embeddable":true,"href":"https:\/\/www.hoymercedes.com.ar\/principal\/wp-json\/wp\/v2\/media\/66900"}],"wp:attachment":[{"href":"https:\/\/www.hoymercedes.com.ar\/principal\/wp-json\/wp\/v2\/media?parent=66899"}],"wp:term":[{"taxonomy":"category","embeddable":true,"href":"https:\/\/www.hoymercedes.com.ar\/principal\/wp-json\/wp\/v2\/categories?post=66899"},{"taxonomy":"post_tag","embeddable":true,"href":"https:\/\/www.hoymercedes.com.ar\/principal\/wp-json\/wp\/v2\/tags?post=66899"}],"curies":[{"name":"wp","href":"https:\/\/api.w.org\/{rel}","templated":true}]}}