{"id":66903,"date":"2017-09-08T11:27:03","date_gmt":"2017-09-08T14:27:03","guid":{"rendered":"http:\/\/www.hoymercedes.com.ar\/principal\/?p=66903"},"modified":"2017-09-07T21:38:14","modified_gmt":"2017-09-08T00:38:14","slug":"ustarroz-confirmo-ampliacion-del-jardin-n-918-y-de-la-primaria-n-14","status":"publish","type":"post","link":"https:\/\/www.hoymercedes.com.ar\/principal\/2017\/09\/08\/ustarroz-confirmo-ampliacion-del-jardin-n-918-y-de-la-primaria-n-14\/","title":{"rendered":"Ustarroz confirm\u00f3 ampliaci\u00f3n del Jard\u00edn N\u00b0 918 y de la Primaria N\u00b0 14"},"content":{"rendered":"<p>En sus recorridas por espacios educativos el intendente, Juan Ignacio Ustarroz se hizo presente en el Jard\u00edn de infantes N\u00b0918 y la Escuela Primaria N\u00b014, ambas instituciones de la zona rural, para entregarles materiales. Junto a las responsables de ambas instituciones, anunciaron la ampliaci\u00f3n del edificio.<\/p>\n<p><img loading=\"lazy\" decoding=\"async\" data-attachment-id=\"66904\" data-permalink=\"https:\/\/www.hoymercedes.com.ar\/principal\/2017\/09\/08\/ustarroz-confirmo-ampliacion-del-jardin-n-918-y-de-la-primaria-n-14\/08-visita-jarin-obras\/#main\" data-orig-file=\"https:\/\/www.hoymercedes.com.ar\/principal\/wp-content\/uploads\/2017\/09\/08-Visita-Jarin-Obras.jpg\" data-orig-size=\"630,420\" data-comments-opened=\"0\" data-image-meta=\"{&quot;aperture&quot;:&quot;0&quot;,&quot;credit&quot;:&quot;&quot;,&quot;camera&quot;:&quot;&quot;,&quot;caption&quot;:&quot;&quot;,&quot;created_timestamp&quot;:&quot;0&quot;,&quot;copyright&quot;:&quot;&quot;,&quot;focal_length&quot;:&quot;0&quot;,&quot;iso&quot;:&quot;0&quot;,&quot;shutter_speed&quot;:&quot;0&quot;,&quot;title&quot;:&quot;&quot;,&quot;orientation&quot;:&quot;0&quot;}\" data-image-title=\"08 Visita-Jarin-Obras\" data-image-description=\"\" data-image-caption=\"\" data-large-file=\"https:\/\/www.hoymercedes.com.ar\/principal\/wp-content\/uploads\/2017\/09\/08-Visita-Jarin-Obras.jpg\" class=\"aligncenter size-medium wp-image-66904\" src=\"https:\/\/www.hoymercedes.com.ar\/principal\/wp-content\/uploads\/2017\/09\/08-Visita-Jarin-Obras-630x420.jpg\" alt=\"\" width=\"630\" height=\"420\" srcset=\"https:\/\/www.hoymercedes.com.ar\/principal\/wp-content\/uploads\/2017\/09\/08-Visita-Jarin-Obras.jpg 630w, https:\/\/www.hoymercedes.com.ar\/principal\/wp-content\/uploads\/2017\/09\/08-Visita-Jarin-Obras-150x100.jpg 150w, https:\/\/www.hoymercedes.com.ar\/principal\/wp-content\/uploads\/2017\/09\/08-Visita-Jarin-Obras-300x200.jpg 300w\" sizes=\"auto, (max-width: 630px) 100vw, 630px\" \/><\/p>\n<p>\u201cQuiero felicitar a los miembros del Jard\u00edn como de la Escuela. Las instituciones rurales tienen comunidades muy unidas, que trabajan mucho. Son instituciones que han crecido notablemente y tienen demandas muy concretas. Por un lado le entregamos algunas cosas simples, pero necesarias, como un televisor led para que no ocupe espacio, dos equipos de sonido, pack pedag\u00f3gico Paka Paka, boucher para alimentos de actividades solidarias, un viaje a la Ciudad de los Ni\u00f1os para los chicos y sus pap\u00e1s, un dvd y se est\u00e1 construyendo un mangrullo nuevo\u201d cont\u00f3 el primer mandatario local, Juan Ignacio Ustarroz, para destacar que \u201ctratamos de escuchar la sana demanda del sector educativo de la ciudad y encontrar soluciones, como la necesidad de construir un nuevo m\u00f3dulo y otro ba\u00f1o\u201d sostuvo.<\/p>\n<p>M\u00e1s adelante coment\u00f3 que \u201chay que ver todo el trabajo que hacen cada d\u00eda, el amor con el que educan. A veces se escuchan miradas negativas sobre la educaci\u00f3n p\u00fablica, pero basta con recorrer y ver el compromiso, el amor, la dedicaci\u00f3n de nuestros docentes educando a las nuevas generaciones. Por pro eso es un orgullo desde el Municipio acompa\u00f1ar y trabajar juntos en proyectos para mejorar\u201d sostuvo Ustarroz.<\/p>\n<p>Por su parte, la directora del Jard\u00edn N\u00b0918, Daniela Turnes relat\u00f3 ante las c\u00e1maras que \u201csiempre tuvimos respuesta del municipio. Con el techo hace m\u00e1s de 11 a\u00f1os que ven\u00edamos pidi\u00e9ndolo. Ahora con el SUM y este viaje que es algo so\u00f1ado para nosotros porque nunca hicimos un viaje\u201d, narr\u00f3 y destac\u00f3 luego que \u201clo que nos trajeron hoy es b\u00e1rbaro, estamos muy agradecidas y seguiremos trabajando, por m\u00e1s. Hay necesidades, pero sabemos tenemos el apoyo de los padres, del municipio, siempre pregunt\u00e1ndonos lo que necesitamos\u201d narr\u00f3 Daniela Turnes<\/p>\n<p>Quien tambi\u00e9n estuvo presente fue la responsable de la Escuela N\u00b014, Alejandra Agostini, quien cont\u00f3 que se est\u00e1 por realizar una actividad solidaria y que \u201cser\u00e1 una venta de empanadas, tradicionales en la escuela as\u00ed que prontito con la ayuda de Juani y todos los pap\u00e1s vamos a hacerlo para realizar distintas acciones para los chicos\u201d, coment\u00f3 la directora.<\/p>\n<p>Por \u00faltimo y consultado por los medios el jefe comunal mencion\u00f3 que \u201cel 90% de las obras en las escuelas son con fondos espec\u00edficos para educaci\u00f3n administrados por la Comuna y tambi\u00e9n se da en el marco que cada semana recorro escuelas y jardines, encontrando creatividad, amor, y hay demanda porque hay inter\u00e9s para cuidar la educaci\u00f3n y trabajamos desde todas las formas, desde vender empanadas para actuar junto a las familias hasta so\u00f1ar y proyectar obras como estas para que queden para siempre\u201d, refiri\u00f3 el Intendente Ustarroz ante la decisi\u00f3n de ampliar el espacio educativo.<\/p>\n<p>Fuente: Prensa Municipal<\/p>\n","protected":false},"excerpt":{"rendered":"<p>En sus recorridas por espacios educativos el intendente, Juan Ignacio Ustarroz se hizo presente en el Jard\u00edn de infantes N\u00b0918 &#8230; <a title=\"Ustarroz confirm\u00f3 ampliaci\u00f3n del Jard\u00edn N\u00b0 918 y de la Primaria N\u00b0 14\" class=\"read-more\" href=\"https:\/\/www.hoymercedes.com.ar\/principal\/2017\/09\/08\/ustarroz-confirmo-ampliacion-del-jardin-n-918-y-de-la-primaria-n-14\/\" aria-label=\"Leer m\u00e1s sobre Ustarroz confirm\u00f3 ampliaci\u00f3n del Jard\u00edn N\u00b0 918 y de la Primaria N\u00b0 14\">Leer m\u00e1s<\/a><\/p>\n","protected":false},"author":1,"featured_media":66904,"comment_status":"closed","ping_status":"open","sticky":false,"template":"","format":"standard","meta":{"_monsterinsights_skip_tracking":false,"_monsterinsights_sitenote_active":false,"_monsterinsights_sitenote_note":"","_monsterinsights_sitenote_category":0,"jetpack_post_was_ever_published":false,"_jetpack_newsletter_access":"","_jetpack_dont_email_post_to_subs":false,"_jetpack_newsletter_tier_id":0,"_jetpack_memberships_contains_paywalled_content":false,"_jetpack_memberships_contains_paid_content":false,"footnotes":"","jetpack_publicize_message":"","jetpack_publicize_feature_enabled":true,"jetpack_social_post_already_shared":true,"jetpack_social_options":{"image_generator_settings":{"template":"highway","default_image_id":0,"font":"","enabled":false},"version":2},"_wpas_customize_per_network":false},"categories":[30],"tags":[47,11838,10,244,11839],"class_list":["post-66903","post","type-post","status-publish","format-standard","has-post-thumbnail","hentry","category-municipio","tag-educacion-2","tag-jardin-918","tag-mercedes","tag-municipio-2","tag-primaria-14","generate-columns","tablet-grid-50","mobile-grid-100","grid-parent","grid-50"],"jetpack_publicize_connections":[],"jetpack_featured_media_url":"https:\/\/www.hoymercedes.com.ar\/principal\/wp-content\/uploads\/2017\/09\/08-Visita-Jarin-Obras.jpg","wps_subtitle":"Instituciones educativas","jetpack_sharing_enabled":true,"_links":{"self":[{"href":"https:\/\/www.hoymercedes.com.ar\/principal\/wp-json\/wp\/v2\/posts\/66903","targetHints":{"allow":["GET"]}}],"collection":[{"href":"https:\/\/www.hoymercedes.com.ar\/principal\/wp-json\/wp\/v2\/posts"}],"about":[{"href":"https:\/\/www.hoymercedes.com.ar\/principal\/wp-json\/wp\/v2\/types\/post"}],"author":[{"embeddable":true,"href":"https:\/\/www.hoymercedes.com.ar\/principal\/wp-json\/wp\/v2\/users\/1"}],"replies":[{"embeddable":true,"href":"https:\/\/www.hoymercedes.com.ar\/principal\/wp-json\/wp\/v2\/comments?post=66903"}],"version-history":[{"count":0,"href":"https:\/\/www.hoymercedes.com.ar\/principal\/wp-json\/wp\/v2\/posts\/66903\/revisions"}],"wp:featuredmedia":[{"embeddable":true,"href":"https:\/\/www.hoymercedes.com.ar\/principal\/wp-json\/wp\/v2\/media\/66904"}],"wp:attachment":[{"href":"https:\/\/www.hoymercedes.com.ar\/principal\/wp-json\/wp\/v2\/media?parent=66903"}],"wp:term":[{"taxonomy":"category","embeddable":true,"href":"https:\/\/www.hoymercedes.com.ar\/principal\/wp-json\/wp\/v2\/categories?post=66903"},{"taxonomy":"post_tag","embeddable":true,"href":"https:\/\/www.hoymercedes.com.ar\/principal\/wp-json\/wp\/v2\/tags?post=66903"}],"curies":[{"name":"wp","href":"https:\/\/api.w.org\/{rel}","templated":true}]}}