{"id":6696,"date":"2011-08-25T00:49:20","date_gmt":"2011-08-25T00:49:20","guid":{"rendered":"http:\/\/www.hoymercedes.com.ar\/principal\/?p=6696"},"modified":"2011-08-25T00:49:20","modified_gmt":"2011-08-25T00:49:20","slug":"prohiben-vender-alcohol-en-acceso-sur-el-dia-de-la-primavera","status":"publish","type":"post","link":"https:\/\/www.hoymercedes.com.ar\/principal\/2011\/08\/25\/prohiben-vender-alcohol-en-acceso-sur-el-dia-de-la-primavera\/","title":{"rendered":"Proh\u00edben vender alcohol en acceso sur el d\u00eda de la primavera"},"content":{"rendered":"<p>Durante la reuni\u00f3n que se concret\u00f3 el ultimo martes, se cambio el d\u00eda de sesiones debido al feriado del lunes, el Concejo Deliberante aprob\u00f3 por unanimidad de los concejales presentes la prohibici\u00f3n de vender bebidas alcoh\u00f3licas en todo tipo de comercio ubicado en el Acceso Manuel Sanmart\u00edn, para el D\u00eda de la Primavera desde las 0.00 del d\u00eda 21 hasta las 10.00 del 22 de septiembre.<\/p>\n<p>De esta manera se intenta evitar la concentraci\u00f3n de aquellas personas que no son estudiantes en bares o despachos de bebidas del sector comprendido entre la calle 110, es decir la posterior a la terminal, hasta el cruce con la Ruta 5.<\/p>\n<p>Tampoco podr\u00e1n expender dichas bebidas el resto de los comercios habilitados para tal fin como almacenes, despensas, autoservicios y kioscos.<\/p>\n<p>Dicha restricci\u00f3n horaria se impone de manera extraordinaria en virtud de la alta concentraci\u00f3n de estudiantes que el D\u00eda de la Primavera generar\u00e1 en dicho sector de la ciudad.<\/p>\n<p>Recordamos que una ley de la Provincia establece para los comercios mencionados el horario para el expendio de bebidas alcoh\u00f3licas entre las 10.00 y las 23.00 de cada d\u00eda, lo que gener\u00f3 la duda entre los concejales acerca si una ordenanza podr\u00eda cambiar lo que establece una ley, pero en definitiva el proyecto presentado por la bancada de FpV fue aprobado<\/p>\n","protected":false},"excerpt":{"rendered":"<p>Durante la reuni\u00f3n que se concret\u00f3 el ultimo martes, se cambio el d\u00eda de sesiones debido al feriado del lunes, &#8230; <a title=\"Proh\u00edben vender alcohol en acceso sur el d\u00eda de la primavera\" class=\"read-more\" href=\"https:\/\/www.hoymercedes.com.ar\/principal\/2011\/08\/25\/prohiben-vender-alcohol-en-acceso-sur-el-dia-de-la-primavera\/\" aria-label=\"Leer m\u00e1s sobre Proh\u00edben vender alcohol en acceso sur el d\u00eda de la primavera\">Leer m\u00e1s<\/a><\/p>\n","protected":false},"author":1,"featured_media":0,"comment_status":"open","ping_status":"open","sticky":false,"template":"","format":"standard","meta":{"_monsterinsights_skip_tracking":false,"_monsterinsights_sitenote_active":false,"_monsterinsights_sitenote_note":"","_monsterinsights_sitenote_category":0,"jetpack_post_was_ever_published":false,"_jetpack_newsletter_access":"","_jetpack_dont_email_post_to_subs":false,"_jetpack_newsletter_tier_id":0,"_jetpack_memberships_contains_paywalled_content":false,"_jetpack_memberships_contains_paid_content":false,"footnotes":"","jetpack_publicize_message":"","jetpack_publicize_feature_enabled":true,"jetpack_social_post_already_shared":false,"jetpack_social_options":{"image_generator_settings":{"template":"highway","default_image_id":0,"font":"","enabled":false},"version":2},"_wpas_customize_per_network":false},"categories":[5],"tags":[45,1002],"class_list":["post-6696","post","type-post","status-publish","format-standard","hentry","category-politica","tag-concejo-deliberante-mercedes","tag-dia-de-la-primavera","generate-columns","tablet-grid-50","mobile-grid-100","grid-parent","grid-50"],"jetpack_publicize_connections":[],"jetpack_featured_media_url":"","wps_subtitle":"","jetpack_sharing_enabled":true,"_links":{"self":[{"href":"https:\/\/www.hoymercedes.com.ar\/principal\/wp-json\/wp\/v2\/posts\/6696","targetHints":{"allow":["GET"]}}],"collection":[{"href":"https:\/\/www.hoymercedes.com.ar\/principal\/wp-json\/wp\/v2\/posts"}],"about":[{"href":"https:\/\/www.hoymercedes.com.ar\/principal\/wp-json\/wp\/v2\/types\/post"}],"author":[{"embeddable":true,"href":"https:\/\/www.hoymercedes.com.ar\/principal\/wp-json\/wp\/v2\/users\/1"}],"replies":[{"embeddable":true,"href":"https:\/\/www.hoymercedes.com.ar\/principal\/wp-json\/wp\/v2\/comments?post=6696"}],"version-history":[{"count":0,"href":"https:\/\/www.hoymercedes.com.ar\/principal\/wp-json\/wp\/v2\/posts\/6696\/revisions"}],"wp:attachment":[{"href":"https:\/\/www.hoymercedes.com.ar\/principal\/wp-json\/wp\/v2\/media?parent=6696"}],"wp:term":[{"taxonomy":"category","embeddable":true,"href":"https:\/\/www.hoymercedes.com.ar\/principal\/wp-json\/wp\/v2\/categories?post=6696"},{"taxonomy":"post_tag","embeddable":true,"href":"https:\/\/www.hoymercedes.com.ar\/principal\/wp-json\/wp\/v2\/tags?post=6696"}],"curies":[{"name":"wp","href":"https:\/\/api.w.org\/{rel}","templated":true}]}}