{"id":66984,"date":"2017-09-10T08:49:46","date_gmt":"2017-09-10T11:49:46","guid":{"rendered":"http:\/\/www.hoymercedes.com.ar\/principal\/?p=66984"},"modified":"2017-09-10T10:15:37","modified_gmt":"2017-09-10T13:15:37","slug":"solo-45-minutos-entre-mercedes-y-ateneo-se-jugaron","status":"publish","type":"post","link":"https:\/\/www.hoymercedes.com.ar\/principal\/2017\/09\/10\/solo-45-minutos-entre-mercedes-y-ateneo-se-jugaron\/","title":{"rendered":"Solo 45 minutos entre Mercedes y Ateneo se jugaron"},"content":{"rendered":"<p><strong><em>Foto @dagninojuan.<\/em><\/strong> Con la confirmaci\u00f3n de la suspensi\u00f3n del partido entre Pabell\u00f3n de Marcos Paz y Trocha y con un clima que ya avizoraba que iba a ser imposible que se jugara durante el fin de semana, la Liga Mercedina de F\u00fatbol hizo el esfuerzo porque al menos se lleve a cabo un encuentro de la s\u00e9ptima fecha del torneo Clausura, pero la historia entre Ateneo y Mercedes culmin\u00f3 en el primer tiempo.<\/p>\n<p><img loading=\"lazy\" decoding=\"async\" data-attachment-id=\"66985\" data-permalink=\"https:\/\/www.hoymercedes.com.ar\/principal\/2017\/09\/10\/solo-45-minutos-entre-mercedes-y-ateneo-se-jugaron\/captura-de-pantalla-2017-09-10-01-48-14\/#main\" data-orig-file=\"https:\/\/www.hoymercedes.com.ar\/principal\/wp-content\/uploads\/2017\/09\/Captura-de-pantalla-2017-09-10-01.48.14.png\" data-orig-size=\"422,479\" data-comments-opened=\"0\" data-image-meta=\"{&quot;aperture&quot;:&quot;0&quot;,&quot;credit&quot;:&quot;&quot;,&quot;camera&quot;:&quot;&quot;,&quot;caption&quot;:&quot;&quot;,&quot;created_timestamp&quot;:&quot;0&quot;,&quot;copyright&quot;:&quot;&quot;,&quot;focal_length&quot;:&quot;0&quot;,&quot;iso&quot;:&quot;0&quot;,&quot;shutter_speed&quot;:&quot;0&quot;,&quot;title&quot;:&quot;&quot;,&quot;orientation&quot;:&quot;0&quot;}\" data-image-title=\"Captura de pantalla 2017-09-10 01.48.14\" data-image-description=\"\" data-image-caption=\"\" data-large-file=\"https:\/\/www.hoymercedes.com.ar\/principal\/wp-content\/uploads\/2017\/09\/Captura-de-pantalla-2017-09-10-01.48.14.png\" class=\"aligncenter size-full wp-image-66985\" src=\"https:\/\/www.hoymercedes.com.ar\/principal\/wp-content\/uploads\/2017\/09\/Captura-de-pantalla-2017-09-10-01.48.14.png\" alt=\"\" width=\"422\" height=\"479\" srcset=\"https:\/\/www.hoymercedes.com.ar\/principal\/wp-content\/uploads\/2017\/09\/Captura-de-pantalla-2017-09-10-01.48.14.png 422w, https:\/\/www.hoymercedes.com.ar\/principal\/wp-content\/uploads\/2017\/09\/Captura-de-pantalla-2017-09-10-01.48.14-132x150.png 132w\" sizes=\"auto, (max-width: 422px) 100vw, 422px\" \/><\/p>\n<p>Una r\u00e1faga de goles lo dej\u00f3 al Blanquinegro arriba por 3 a 0 y cuando culmin\u00f3 el primer tiempo, un fuerte temporal se desat\u00f3 y oblig\u00f3 a la suspensi\u00f3n del juego. Luego, el clima oblig\u00f3 a que la jornada del domingo tambi\u00e9n se suspenda, quedando todo por disputarse el pr\u00f3ximo fin de semana.<\/p>\n<p><strong>Ateneo de la Juventud 0:\u00a0<\/strong>Agust\u00edn Ramos, Facundo Otero, Adam Chaparro, Joaqu\u00edn Mendiola, Mario Morales, Daniel Conenna, Paulo Lescano, Mauro Filippini, Ezequiel Van\u00edn, Carlos Zuleta y Tom\u00e1s Puricelli.\u00a0<strong>DT:<\/strong>\u00a0Gustavo Cestari.\u00a0<strong>Suplentes:<\/strong>\u00a0Franco Basualdo, Jonathan Medina, Maximiliano Arzani, M. Becerra, Enzo Medina, Nicol\u00e1s Gonz\u00e1lez y Tupac Luna.\u00a0<strong><\/p>\n<p>Club Mercedes 3:\u00a0<\/strong>Juan Bidone, Agust\u00edn Frustoli, Francisco Bomaggio, Federico Puliti, Franco P\u00e9rez, Santiago Selva, Juan Rosas, Agust\u00edn Juanicotena, Solano Espil, Francisco Silvestre y Sebasti\u00e1n Cabrera. DT: Diego Silvestre. <strong>Suplentes:<\/strong> Mat\u00edas Gim\u00e9nez, Iv\u00e1n G\u00f3mez, Nicol\u00e1s Paniagua, Franco Mart\u00ednez, Juan Bidone, Franco Fuaz y Juan Luza.<\/p>\n<p><strong>Goles en el PT:<\/strong>\u00a0Agust\u00edn Juanicotena, Francisco Silvestre y Santiago Selva para Club Mercedes.<br \/>\n<strong>Arbitro:\u00a0<\/strong>Javier Viglietti.<br \/>\n<strong>Incidencia:<\/strong> Encuentro suspendido en el entretiempo por lluvia.<\/p>\n","protected":false},"excerpt":{"rendered":"<p>Foto @dagninojuan. Con la confirmaci\u00f3n de la suspensi\u00f3n del partido entre Pabell\u00f3n de Marcos Paz y Trocha y con un &#8230; <a title=\"Solo 45 minutos entre Mercedes y Ateneo se jugaron\" class=\"read-more\" href=\"https:\/\/www.hoymercedes.com.ar\/principal\/2017\/09\/10\/solo-45-minutos-entre-mercedes-y-ateneo-se-jugaron\/\" aria-label=\"Leer m\u00e1s sobre Solo 45 minutos entre Mercedes y Ateneo se jugaron\">Leer m\u00e1s<\/a><\/p>\n","protected":false},"author":1,"featured_media":66985,"comment_status":"closed","ping_status":"open","sticky":false,"template":"","format":"standard","meta":{"_monsterinsights_skip_tracking":false,"_monsterinsights_sitenote_active":false,"_monsterinsights_sitenote_note":"","_monsterinsights_sitenote_category":0,"jetpack_post_was_ever_published":false,"_jetpack_newsletter_access":"","_jetpack_dont_email_post_to_subs":false,"_jetpack_newsletter_tier_id":0,"_jetpack_memberships_contains_paywalled_content":false,"_jetpack_memberships_contains_paid_content":false,"footnotes":"","jetpack_publicize_message":"","jetpack_publicize_feature_enabled":true,"jetpack_social_post_already_shared":true,"jetpack_social_options":{"image_generator_settings":{"template":"highway","default_image_id":0,"font":"","enabled":false},"version":2},"_wpas_customize_per_network":false},"categories":[21],"tags":[2254,204,1003,1901,10],"class_list":["post-66984","post","type-post","status-publish","format-standard","has-post-thumbnail","hentry","category-deportes","tag-ateneo","tag-deportes-2","tag-futbol","tag-liga-mercedina","tag-mercedes","generate-columns","tablet-grid-50","mobile-grid-100","grid-parent","grid-50"],"jetpack_publicize_connections":[],"jetpack_featured_media_url":"https:\/\/www.hoymercedes.com.ar\/principal\/wp-content\/uploads\/2017\/09\/Captura-de-pantalla-2017-09-10-01.48.14.png","wps_subtitle":"Liga Mercedina","jetpack_sharing_enabled":true,"_links":{"self":[{"href":"https:\/\/www.hoymercedes.com.ar\/principal\/wp-json\/wp\/v2\/posts\/66984","targetHints":{"allow":["GET"]}}],"collection":[{"href":"https:\/\/www.hoymercedes.com.ar\/principal\/wp-json\/wp\/v2\/posts"}],"about":[{"href":"https:\/\/www.hoymercedes.com.ar\/principal\/wp-json\/wp\/v2\/types\/post"}],"author":[{"embeddable":true,"href":"https:\/\/www.hoymercedes.com.ar\/principal\/wp-json\/wp\/v2\/users\/1"}],"replies":[{"embeddable":true,"href":"https:\/\/www.hoymercedes.com.ar\/principal\/wp-json\/wp\/v2\/comments?post=66984"}],"version-history":[{"count":0,"href":"https:\/\/www.hoymercedes.com.ar\/principal\/wp-json\/wp\/v2\/posts\/66984\/revisions"}],"wp:featuredmedia":[{"embeddable":true,"href":"https:\/\/www.hoymercedes.com.ar\/principal\/wp-json\/wp\/v2\/media\/66985"}],"wp:attachment":[{"href":"https:\/\/www.hoymercedes.com.ar\/principal\/wp-json\/wp\/v2\/media?parent=66984"}],"wp:term":[{"taxonomy":"category","embeddable":true,"href":"https:\/\/www.hoymercedes.com.ar\/principal\/wp-json\/wp\/v2\/categories?post=66984"},{"taxonomy":"post_tag","embeddable":true,"href":"https:\/\/www.hoymercedes.com.ar\/principal\/wp-json\/wp\/v2\/tags?post=66984"}],"curies":[{"name":"wp","href":"https:\/\/api.w.org\/{rel}","templated":true}]}}