{"id":67143,"date":"2017-09-13T16:30:47","date_gmt":"2017-09-13T19:30:47","guid":{"rendered":"http:\/\/www.hoymercedes.com.ar\/principal\/?p=67143"},"modified":"2017-09-14T15:43:15","modified_gmt":"2017-09-14T18:43:15","slug":"esta-tarde-se-trata-en-diputados-la-declaracion-de-mercedes-como-capital-nacional-del-salame","status":"publish","type":"post","link":"https:\/\/www.hoymercedes.com.ar\/principal\/2017\/09\/13\/esta-tarde-se-trata-en-diputados-la-declaracion-de-mercedes-como-capital-nacional-del-salame\/","title":{"rendered":"Esta tarde se trata en Diputados la declaraci\u00f3n de Mercedes como Capital Nacional del Salame"},"content":{"rendered":"<p>Este mediod\u00eda la C\u00e1mara de Diputados de la Naci\u00f3n habilit\u00f3 el tratamiento para la sesi\u00f3n en curso del proyecto del mercedino Wado de Pedro que promueve a la ciudad de Mercedes como Capital Nacional del Salame Quintero.<\/p>\n<p>En esta tarde-noche se sabr\u00e1 si la mayor\u00eda de los diputados nacionales aprueban la iniciativa.<\/p>\n<p>Se abri\u00f3 as\u00ed la disputa con legisladores vinculados a Tandil y ciudades de C\u00f3rdoba que cuentan con proyectos similares para consagrar a estas localidades como Capital Nacional del Salame.<\/p>\n<p>&nbsp;<\/p>\n","protected":false},"excerpt":{"rendered":"<p>Este mediod\u00eda la C\u00e1mara de Diputados de la Naci\u00f3n habilit\u00f3 el tratamiento para la sesi\u00f3n en curso del proyecto del &#8230; <a title=\"Esta tarde se trata en Diputados la declaraci\u00f3n de Mercedes como Capital Nacional del Salame\" class=\"read-more\" href=\"https:\/\/www.hoymercedes.com.ar\/principal\/2017\/09\/13\/esta-tarde-se-trata-en-diputados-la-declaracion-de-mercedes-como-capital-nacional-del-salame\/\" aria-label=\"Leer m\u00e1s sobre Esta tarde se trata en Diputados la declaraci\u00f3n de Mercedes como Capital Nacional del Salame\">Leer m\u00e1s<\/a><\/p>\n","protected":false},"author":1,"featured_media":67144,"comment_status":"closed","ping_status":"open","sticky":false,"template":"","format":"standard","meta":{"_monsterinsights_skip_tracking":false,"_monsterinsights_sitenote_active":false,"_monsterinsights_sitenote_note":"","_monsterinsights_sitenote_category":0,"jetpack_post_was_ever_published":false,"_jetpack_newsletter_access":"","_jetpack_dont_email_post_to_subs":false,"_jetpack_newsletter_tier_id":0,"_jetpack_memberships_contains_paywalled_content":false,"_jetpack_memberships_contains_paid_content":false,"footnotes":"","jetpack_publicize_message":"","jetpack_publicize_feature_enabled":true,"jetpack_social_post_already_shared":true,"jetpack_social_options":{"image_generator_settings":{"template":"highway","default_image_id":0,"font":"","enabled":false},"version":2},"_wpas_customize_per_network":false},"categories":[5210],"tags":[11869,281],"class_list":["post-67143","post","type-post","status-publish","format-standard","has-post-thumbnail","hentry","category-politica-nacional","tag-mercedes-capital-nacional-del-salame","tag-wado-de-pedro","generate-columns","tablet-grid-50","mobile-grid-100","grid-parent","grid-50"],"jetpack_publicize_connections":[],"jetpack_featured_media_url":"https:\/\/www.hoymercedes.com.ar\/principal\/wp-content\/uploads\/2017\/09\/Wado-1.jpeg","wps_subtitle":"Orgullo local","jetpack_sharing_enabled":true,"_links":{"self":[{"href":"https:\/\/www.hoymercedes.com.ar\/principal\/wp-json\/wp\/v2\/posts\/67143","targetHints":{"allow":["GET"]}}],"collection":[{"href":"https:\/\/www.hoymercedes.com.ar\/principal\/wp-json\/wp\/v2\/posts"}],"about":[{"href":"https:\/\/www.hoymercedes.com.ar\/principal\/wp-json\/wp\/v2\/types\/post"}],"author":[{"embeddable":true,"href":"https:\/\/www.hoymercedes.com.ar\/principal\/wp-json\/wp\/v2\/users\/1"}],"replies":[{"embeddable":true,"href":"https:\/\/www.hoymercedes.com.ar\/principal\/wp-json\/wp\/v2\/comments?post=67143"}],"version-history":[{"count":0,"href":"https:\/\/www.hoymercedes.com.ar\/principal\/wp-json\/wp\/v2\/posts\/67143\/revisions"}],"wp:featuredmedia":[{"embeddable":true,"href":"https:\/\/www.hoymercedes.com.ar\/principal\/wp-json\/wp\/v2\/media\/67144"}],"wp:attachment":[{"href":"https:\/\/www.hoymercedes.com.ar\/principal\/wp-json\/wp\/v2\/media?parent=67143"}],"wp:term":[{"taxonomy":"category","embeddable":true,"href":"https:\/\/www.hoymercedes.com.ar\/principal\/wp-json\/wp\/v2\/categories?post=67143"},{"taxonomy":"post_tag","embeddable":true,"href":"https:\/\/www.hoymercedes.com.ar\/principal\/wp-json\/wp\/v2\/tags?post=67143"}],"curies":[{"name":"wp","href":"https:\/\/api.w.org\/{rel}","templated":true}]}}