{"id":67152,"date":"2017-09-14T13:00:54","date_gmt":"2017-09-14T16:00:54","guid":{"rendered":"http:\/\/www.hoymercedes.com.ar\/principal\/?p=67152"},"modified":"2017-09-14T15:24:15","modified_gmt":"2017-09-14T18:24:15","slug":"historico-diputados-voto-para-que-mercedes-sea-capital-nacional-del-salame-quintero","status":"publish","type":"post","link":"https:\/\/www.hoymercedes.com.ar\/principal\/2017\/09\/14\/historico-diputados-voto-para-que-mercedes-sea-capital-nacional-del-salame-quintero\/","title":{"rendered":"Hist\u00f3rico: Diputados vot\u00f3 que Mercedes sea Capital Nacional del Salame Quintero"},"content":{"rendered":"<p><img loading=\"lazy\" decoding=\"async\" data-attachment-id=\"67144\" data-permalink=\"https:\/\/www.hoymercedes.com.ar\/principal\/2017\/09\/13\/esta-tarde-se-trata-en-diputados-la-declaracion-de-mercedes-como-capital-nacional-del-salame\/wado-5\/#main\" data-orig-file=\"https:\/\/www.hoymercedes.com.ar\/principal\/wp-content\/uploads\/2017\/09\/Wado-1.jpeg\" data-orig-size=\"1280,853\" data-comments-opened=\"0\" data-image-meta=\"{&quot;aperture&quot;:&quot;0&quot;,&quot;credit&quot;:&quot;&quot;,&quot;camera&quot;:&quot;&quot;,&quot;caption&quot;:&quot;&quot;,&quot;created_timestamp&quot;:&quot;0&quot;,&quot;copyright&quot;:&quot;&quot;,&quot;focal_length&quot;:&quot;0&quot;,&quot;iso&quot;:&quot;0&quot;,&quot;shutter_speed&quot;:&quot;0&quot;,&quot;title&quot;:&quot;&quot;,&quot;orientation&quot;:&quot;0&quot;}\" data-image-title=\"Wado\" data-image-description=\"\" data-image-caption=\"\" data-large-file=\"https:\/\/www.hoymercedes.com.ar\/principal\/wp-content\/uploads\/2017\/09\/Wado-1-1024x682.jpeg\" class=\"aligncenter size-medium wp-image-67144\" src=\"https:\/\/www.hoymercedes.com.ar\/principal\/wp-content\/uploads\/2017\/09\/Wado-1-630x420.jpeg\" alt=\"\" width=\"630\" height=\"420\" srcset=\"https:\/\/www.hoymercedes.com.ar\/principal\/wp-content\/uploads\/2017\/09\/Wado-1-630x420.jpeg 630w, https:\/\/www.hoymercedes.com.ar\/principal\/wp-content\/uploads\/2017\/09\/Wado-1-150x100.jpeg 150w, https:\/\/www.hoymercedes.com.ar\/principal\/wp-content\/uploads\/2017\/09\/Wado-1-1024x682.jpeg 1024w, https:\/\/www.hoymercedes.com.ar\/principal\/wp-content\/uploads\/2017\/09\/Wado-1-300x200.jpeg 300w, https:\/\/www.hoymercedes.com.ar\/principal\/wp-content\/uploads\/2017\/09\/Wado-1.jpeg 1280w\" sizes=\"auto, (max-width: 630px) 100vw, 630px\" \/><\/p>\n<p>A s\u00f3lo dos d\u00edas del comienzo de la 43\u00b0 Fiesta Nacional del Salame Quintero, la C\u00e1mara de Diputados le dio media sanci\u00f3n al proyecto de Ley del mercedino Eduardo \u2018Wado\u2019 de Pedro que declara a Mercedes como Capital Nacional del Salame Quintero.<\/p>\n<p>La iniciativa cont\u00f3 con el apoyo un\u00e1nime de la C\u00e1mara Baja. Ahora el proyecto de Wado de Pedro deber\u00e1 conseguir la aprobaci\u00f3n del Senado Nacional para convertirse definitivamente en Ley.<\/p>\n<p>De Pedro mostr\u00f3 su satisfacci\u00f3n por este logro tan anhelado por todos los mercedinos e invit\u00f3 a todos los vecinos de la ciudad a sumarse al apoyo de esta Ley para que \u201cfinalmente concretemos este sue\u00f1o que perseguimos todos hace a\u00f1os\u201d. \u201cEsto es un reconocimiento muy importante para posicionar a Mercedes como un polo gastron\u00f3mico de la provincia y para impulsar la comercializaci\u00f3n de los productos de todos los mercedinos\u00bb afirm\u00f3 De Pedro.<\/p>\n<p>M\u00e1s adelante, al ser consultado tras lo que es una gran alegr\u00eda para los vecinos, agreg\u00f3: \u00abEsta distinci\u00f3n no s\u00f3lo va a beneficiar a los productores sino a todos los comercios que viven del turismo, que hoy en d\u00eda es una gran industria sin chimeneas de la que viven miles de familias\u00bb.<\/p>\n<p>La propuesta tuvo un gran recibiendo en los productores locales y los vecinos, es una instancia que sin duda dar\u00e1 un pergamino m\u00e1s a la reconocida calidad de la elaboraci\u00f3n mercedina.<\/p>\n<p>&nbsp;<\/p>\n<p>Fuente: Prensa Unidad Ciudadana<\/p>\n","protected":false},"excerpt":{"rendered":"<p>A s\u00f3lo dos d\u00edas del comienzo de la 43\u00b0 Fiesta Nacional del Salame Quintero, la C\u00e1mara de Diputados le dio &#8230; <a title=\"Hist\u00f3rico: Diputados vot\u00f3 que Mercedes sea Capital Nacional del Salame Quintero\" class=\"read-more\" href=\"https:\/\/www.hoymercedes.com.ar\/principal\/2017\/09\/14\/historico-diputados-voto-para-que-mercedes-sea-capital-nacional-del-salame-quintero\/\" aria-label=\"Leer m\u00e1s sobre Hist\u00f3rico: Diputados vot\u00f3 que Mercedes sea Capital Nacional del Salame Quintero\">Leer m\u00e1s<\/a><\/p>\n","protected":false},"author":1,"featured_media":67144,"comment_status":"closed","ping_status":"open","sticky":false,"template":"","format":"standard","meta":{"_monsterinsights_skip_tracking":false,"_monsterinsights_sitenote_active":false,"_monsterinsights_sitenote_note":"","_monsterinsights_sitenote_category":0,"jetpack_post_was_ever_published":false,"_jetpack_newsletter_access":"","_jetpack_dont_email_post_to_subs":false,"_jetpack_newsletter_tier_id":0,"_jetpack_memberships_contains_paywalled_content":false,"_jetpack_memberships_contains_paid_content":false,"footnotes":"","jetpack_publicize_message":"","jetpack_publicize_feature_enabled":true,"jetpack_social_post_already_shared":true,"jetpack_social_options":{"image_generator_settings":{"template":"highway","default_image_id":0,"font":"","enabled":false},"version":2},"_wpas_customize_per_network":false},"categories":[5],"tags":[11872,2686,10,1169,281],"class_list":["post-67152","post","type-post","status-publish","format-standard","has-post-thumbnail","hentry","category-politica","tag-capital-nacional-del-salame","tag-eduardo-de-pedro","tag-mercedes","tag-salame-quintero","tag-wado-de-pedro","generate-columns","tablet-grid-50","mobile-grid-100","grid-parent","grid-50"],"jetpack_publicize_connections":[],"jetpack_featured_media_url":"https:\/\/www.hoymercedes.com.ar\/principal\/wp-content\/uploads\/2017\/09\/Wado-1.jpeg","wps_subtitle":"La alegr\u00eda es mercedina","jetpack_sharing_enabled":true,"_links":{"self":[{"href":"https:\/\/www.hoymercedes.com.ar\/principal\/wp-json\/wp\/v2\/posts\/67152","targetHints":{"allow":["GET"]}}],"collection":[{"href":"https:\/\/www.hoymercedes.com.ar\/principal\/wp-json\/wp\/v2\/posts"}],"about":[{"href":"https:\/\/www.hoymercedes.com.ar\/principal\/wp-json\/wp\/v2\/types\/post"}],"author":[{"embeddable":true,"href":"https:\/\/www.hoymercedes.com.ar\/principal\/wp-json\/wp\/v2\/users\/1"}],"replies":[{"embeddable":true,"href":"https:\/\/www.hoymercedes.com.ar\/principal\/wp-json\/wp\/v2\/comments?post=67152"}],"version-history":[{"count":0,"href":"https:\/\/www.hoymercedes.com.ar\/principal\/wp-json\/wp\/v2\/posts\/67152\/revisions"}],"wp:featuredmedia":[{"embeddable":true,"href":"https:\/\/www.hoymercedes.com.ar\/principal\/wp-json\/wp\/v2\/media\/67144"}],"wp:attachment":[{"href":"https:\/\/www.hoymercedes.com.ar\/principal\/wp-json\/wp\/v2\/media?parent=67152"}],"wp:term":[{"taxonomy":"category","embeddable":true,"href":"https:\/\/www.hoymercedes.com.ar\/principal\/wp-json\/wp\/v2\/categories?post=67152"},{"taxonomy":"post_tag","embeddable":true,"href":"https:\/\/www.hoymercedes.com.ar\/principal\/wp-json\/wp\/v2\/tags?post=67152"}],"curies":[{"name":"wp","href":"https:\/\/api.w.org\/{rel}","templated":true}]}}