{"id":67172,"date":"2017-09-15T11:30:57","date_gmt":"2017-09-15T14:30:57","guid":{"rendered":"http:\/\/www.hoymercedes.com.ar\/principal\/?p=67172"},"modified":"2017-09-14T19:50:01","modified_gmt":"2017-09-14T22:50:01","slug":"14-plantas-de-marihuana-secuestro-policia-comunal-tras-procedimiento","status":"publish","type":"post","link":"https:\/\/www.hoymercedes.com.ar\/principal\/2017\/09\/15\/14-plantas-de-marihuana-secuestro-policia-comunal-tras-procedimiento\/","title":{"rendered":"14 plantas de marihuana secuestr\u00f3 Polic\u00eda Comunal tras procedimiento"},"content":{"rendered":"<p><img loading=\"lazy\" decoding=\"async\" data-attachment-id=\"67173\" data-permalink=\"https:\/\/www.hoymercedes.com.ar\/principal\/2017\/09\/15\/14-plantas-de-marihuana-secuestro-policia-comunal-tras-procedimiento\/marihuana\/#main\" data-orig-file=\"https:\/\/www.hoymercedes.com.ar\/principal\/wp-content\/uploads\/2017\/09\/marihuana.jpg\" data-orig-size=\"1152,648\" data-comments-opened=\"0\" data-image-meta=\"{&quot;aperture&quot;:&quot;0&quot;,&quot;credit&quot;:&quot;&quot;,&quot;camera&quot;:&quot;&quot;,&quot;caption&quot;:&quot;&quot;,&quot;created_timestamp&quot;:&quot;0&quot;,&quot;copyright&quot;:&quot;&quot;,&quot;focal_length&quot;:&quot;0&quot;,&quot;iso&quot;:&quot;0&quot;,&quot;shutter_speed&quot;:&quot;0&quot;,&quot;title&quot;:&quot;&quot;,&quot;orientation&quot;:&quot;0&quot;}\" data-image-title=\"marihuana\" data-image-description=\"\" data-image-caption=\"\" data-large-file=\"https:\/\/www.hoymercedes.com.ar\/principal\/wp-content\/uploads\/2017\/09\/marihuana-1024x576.jpg\" class=\"aligncenter size-medium wp-image-67173\" src=\"https:\/\/www.hoymercedes.com.ar\/principal\/wp-content\/uploads\/2017\/09\/marihuana-630x354.jpg\" alt=\"\" width=\"630\" height=\"354\" srcset=\"https:\/\/www.hoymercedes.com.ar\/principal\/wp-content\/uploads\/2017\/09\/marihuana-630x354.jpg 630w, https:\/\/www.hoymercedes.com.ar\/principal\/wp-content\/uploads\/2017\/09\/marihuana-150x84.jpg 150w, https:\/\/www.hoymercedes.com.ar\/principal\/wp-content\/uploads\/2017\/09\/marihuana-1024x576.jpg 1024w, https:\/\/www.hoymercedes.com.ar\/principal\/wp-content\/uploads\/2017\/09\/marihuana.jpg 1152w\" sizes=\"auto, (max-width: 630px) 100vw, 630px\" \/><\/p>\n<p>Una vez m\u00e1s la Polic\u00eda Comunal, junto a su par que combate el narcotr\u00e1fico, lograron secuestrar una importante cantidad de plantas de cannabis que se encontraban en excelentes condiciones en claramente cuidadas para su posterior producci\u00f3n.<\/p>\n<p>El \u201ccannabis\u201d es el nombre cient\u00edfico que se le da a la com\u00fanmente denominada \u201cmarihuana\u201d que posee un alto valor en el mercado ilegal de venta de sustancias prohibidas.<\/p>\n<p>Los conducidos por el Comisario Sergio Macedo nuevamente lograron actuar a tiempo y desactivar una acci\u00f3n il\u00edcita. \u201cTras un alerta al 911 se inici\u00f3 el trabajo junto al Comisario Guillermo Castro\u201d cont\u00f3 Macedo destacando la labor conjunta con la fuerza dedicada al narcotr\u00e1fico.<\/p>\n<p>La actuaci\u00f3n cont\u00f3 tambi\u00e9n con la participaci\u00f3n del Gabinete de Prevenci\u00f3n y los m\u00f3viles de la Estaci\u00f3n Comunal Mercedes bajo la jefatura del sub comisario Delporto.<\/p>\n<p>Por el momento no hay detenidos, pero, la investigaci\u00f3n contin\u00faa dado que se buscar\u00e1 dilucidar como habitualmente lo hacen si era para comercializar, para consumo personal, como as\u00ed tambi\u00e9n la procedencia de las plantas.<\/p>\n<p>De esta manera, una vez m\u00e1s, la Polic\u00eda Comunal logr\u00f3 llevar tranquilidad a los vecinos y una barriada. El procedimiento se dio en 22 e\/115 y \u201ccortada\u201d.<\/p>\n","protected":false},"excerpt":{"rendered":"<p>Una vez m\u00e1s la Polic\u00eda Comunal, junto a su par que combate el narcotr\u00e1fico, lograron secuestrar una importante cantidad de &#8230; <a title=\"14 plantas de marihuana secuestr\u00f3 Polic\u00eda Comunal tras procedimiento\" class=\"read-more\" href=\"https:\/\/www.hoymercedes.com.ar\/principal\/2017\/09\/15\/14-plantas-de-marihuana-secuestro-policia-comunal-tras-procedimiento\/\" aria-label=\"Leer m\u00e1s sobre 14 plantas de marihuana secuestr\u00f3 Polic\u00eda Comunal tras procedimiento\">Leer m\u00e1s<\/a><\/p>\n","protected":false},"author":1,"featured_media":67173,"comment_status":"closed","ping_status":"open","sticky":false,"template":"","format":"standard","meta":{"_monsterinsights_skip_tracking":false,"_monsterinsights_sitenote_active":false,"_monsterinsights_sitenote_note":"","_monsterinsights_sitenote_category":0,"jetpack_post_was_ever_published":false,"_jetpack_newsletter_access":"","_jetpack_dont_email_post_to_subs":false,"_jetpack_newsletter_tier_id":0,"_jetpack_memberships_contains_paywalled_content":false,"_jetpack_memberships_contains_paid_content":false,"footnotes":"","jetpack_publicize_message":"","jetpack_publicize_feature_enabled":true,"jetpack_social_post_already_shared":true,"jetpack_social_options":{"image_generator_settings":{"template":"highway","default_image_id":0,"font":"","enabled":false},"version":2},"_wpas_customize_per_network":false},"categories":[85],"tags":[5766,11874],"class_list":["post-67172","post","type-post","status-publish","format-standard","has-post-thumbnail","hentry","category-policial","tag-policia-comunal","tag-secuestro-de-marihuana","generate-columns","tablet-grid-50","mobile-grid-100","grid-parent","grid-50"],"jetpack_publicize_connections":[],"jetpack_featured_media_url":"https:\/\/www.hoymercedes.com.ar\/principal\/wp-content\/uploads\/2017\/09\/marihuana.jpg","wps_subtitle":"Policial Mercedes","jetpack_sharing_enabled":true,"_links":{"self":[{"href":"https:\/\/www.hoymercedes.com.ar\/principal\/wp-json\/wp\/v2\/posts\/67172","targetHints":{"allow":["GET"]}}],"collection":[{"href":"https:\/\/www.hoymercedes.com.ar\/principal\/wp-json\/wp\/v2\/posts"}],"about":[{"href":"https:\/\/www.hoymercedes.com.ar\/principal\/wp-json\/wp\/v2\/types\/post"}],"author":[{"embeddable":true,"href":"https:\/\/www.hoymercedes.com.ar\/principal\/wp-json\/wp\/v2\/users\/1"}],"replies":[{"embeddable":true,"href":"https:\/\/www.hoymercedes.com.ar\/principal\/wp-json\/wp\/v2\/comments?post=67172"}],"version-history":[{"count":0,"href":"https:\/\/www.hoymercedes.com.ar\/principal\/wp-json\/wp\/v2\/posts\/67172\/revisions"}],"wp:featuredmedia":[{"embeddable":true,"href":"https:\/\/www.hoymercedes.com.ar\/principal\/wp-json\/wp\/v2\/media\/67173"}],"wp:attachment":[{"href":"https:\/\/www.hoymercedes.com.ar\/principal\/wp-json\/wp\/v2\/media?parent=67172"}],"wp:term":[{"taxonomy":"category","embeddable":true,"href":"https:\/\/www.hoymercedes.com.ar\/principal\/wp-json\/wp\/v2\/categories?post=67172"},{"taxonomy":"post_tag","embeddable":true,"href":"https:\/\/www.hoymercedes.com.ar\/principal\/wp-json\/wp\/v2\/tags?post=67172"}],"curies":[{"name":"wp","href":"https:\/\/api.w.org\/{rel}","templated":true}]}}