{"id":67184,"date":"2017-09-15T15:13:02","date_gmt":"2017-09-15T18:13:02","guid":{"rendered":"http:\/\/www.hoymercedes.com.ar\/principal\/?p=67184"},"modified":"2017-09-15T15:13:02","modified_gmt":"2017-09-15T18:13:02","slug":"el-hogar-divina-providencia-cumple-125-anos","status":"publish","type":"post","link":"https:\/\/www.hoymercedes.com.ar\/principal\/2017\/09\/15\/el-hogar-divina-providencia-cumple-125-anos\/","title":{"rendered":"El Hogar \u201cDivina Providencia\u201d cumple 125 a\u00f1os"},"content":{"rendered":"<p><em><strong>Invitan a una santa misa de acci\u00f3n de gracias, que se celebrar\u00e1 el d\u00eda s\u00e1bado 23 de septiembre a partir de las 10 horas en la capilla del Hogar. Las obras de construcci\u00f3n que llevan adelante y se ve\u00edan demoradas podr\u00edan continuar.<\/strong><\/em><\/p>\n<p><img loading=\"lazy\" decoding=\"async\" data-attachment-id=\"67185\" data-permalink=\"https:\/\/www.hoymercedes.com.ar\/principal\/2017\/09\/15\/el-hogar-divina-providencia-cumple-125-anos\/15-divina-providencia\/#main\" data-orig-file=\"https:\/\/www.hoymercedes.com.ar\/principal\/wp-content\/uploads\/2017\/09\/15-divina-providencia.jpg\" data-orig-size=\"630,349\" data-comments-opened=\"0\" data-image-meta=\"{&quot;aperture&quot;:&quot;0&quot;,&quot;credit&quot;:&quot;&quot;,&quot;camera&quot;:&quot;&quot;,&quot;caption&quot;:&quot;&quot;,&quot;created_timestamp&quot;:&quot;0&quot;,&quot;copyright&quot;:&quot;&quot;,&quot;focal_length&quot;:&quot;0&quot;,&quot;iso&quot;:&quot;0&quot;,&quot;shutter_speed&quot;:&quot;0&quot;,&quot;title&quot;:&quot;&quot;,&quot;orientation&quot;:&quot;0&quot;}\" data-image-title=\"15 divina providencia\" data-image-description=\"\" data-image-caption=\"\" data-large-file=\"https:\/\/www.hoymercedes.com.ar\/principal\/wp-content\/uploads\/2017\/09\/15-divina-providencia.jpg\" class=\"aligncenter size-medium wp-image-67185\" src=\"https:\/\/www.hoymercedes.com.ar\/principal\/wp-content\/uploads\/2017\/09\/15-divina-providencia-630x349.jpg\" alt=\"\" width=\"630\" height=\"349\" srcset=\"https:\/\/www.hoymercedes.com.ar\/principal\/wp-content\/uploads\/2017\/09\/15-divina-providencia.jpg 630w, https:\/\/www.hoymercedes.com.ar\/principal\/wp-content\/uploads\/2017\/09\/15-divina-providencia-150x83.jpg 150w\" sizes=\"auto, (max-width: 630px) 100vw, 630px\" \/><\/p>\n<p>La Casa Hogar Divina Providencia de la ciudad de Mercedes se apresta a vivir el festejo de sus 125 a\u00f1os de existencia en la ciudad en el trabajo por el pr\u00f3jimo.<\/p>\n<p>En una celebraci\u00f3n que han dado en llamar \u201c125 a\u00f1os sirviendo con alegr\u00eda\u201d, la comunidad de la Divina Providencia est\u00e1 invitando por estas horas a ser parte de las celebraciones, que incluir\u00e1 una ceremonia religiosa especial.<\/p>\n<p>De esta manera, la comunidad invita a ser parte de la santa misa de acci\u00f3n de gracias de los 125 a\u00f1os de la fundaci\u00f3n del Hogar Divina Providencia, que se celebrar\u00e1 el d\u00eda s\u00e1bado 23 de septiembre a partir de las 10 horas en la capilla del Hogar.<\/p>\n<p>\u201cRezaremos por nuestros colaboradores y bienhechores. Por las abuelas que han pasado por el hogar y por sus familiares. Y por nuestras hermanas mayores y todas aquellas que trabajaron y trabajan en la obra\u201d, expresaron.<\/p>\n<p>\u201cNuestro gran deseo es poder contar con la presencia de todos y poder compartir juntos este momento tan grato para toda la comunidad. Gracias por ayudarnos a seguir ayudando\u201d, completaron.<\/p>\n<p>Y, por \u00faltimo, en cuanto a las obras de construcci\u00f3n que llevan adelante y que hab\u00edan informado se ve\u00edan demoradas e interrumpidas de momento por serios problemas econ\u00f3micos en su financiamiento, explicaron que est\u00e1n estabilizando la situaci\u00f3n, por lo que este logro les permitir\u00eda en breve seguir adelante con las refacciones en el hogar de calle 32. En este sentido, en la semana entrante integrantes de la cooperadora de la Casa y sus autoridades estar\u00edan dando una conferencia de prensa especial el venidero lunes a las 10.15 en la Casa Hogar Divina Providencia.<\/p>\n<p>Fuente: Divina Providencia<\/p>\n","protected":false},"excerpt":{"rendered":"<p>Invitan a una santa misa de acci\u00f3n de gracias, que se celebrar\u00e1 el d\u00eda s\u00e1bado 23 de septiembre a partir &#8230; <a title=\"El Hogar \u201cDivina Providencia\u201d cumple 125 a\u00f1os\" class=\"read-more\" href=\"https:\/\/www.hoymercedes.com.ar\/principal\/2017\/09\/15\/el-hogar-divina-providencia-cumple-125-anos\/\" aria-label=\"Leer m\u00e1s sobre El Hogar \u201cDivina Providencia\u201d cumple 125 a\u00f1os\">Leer m\u00e1s<\/a><\/p>\n","protected":false},"author":1,"featured_media":67185,"comment_status":"closed","ping_status":"open","sticky":false,"template":"","format":"standard","meta":{"_monsterinsights_skip_tracking":false,"_monsterinsights_sitenote_active":false,"_monsterinsights_sitenote_note":"","_monsterinsights_sitenote_category":0,"jetpack_post_was_ever_published":false,"_jetpack_newsletter_access":"","_jetpack_dont_email_post_to_subs":false,"_jetpack_newsletter_tier_id":0,"_jetpack_memberships_contains_paywalled_content":false,"_jetpack_memberships_contains_paid_content":false,"footnotes":"","jetpack_publicize_message":"","jetpack_publicize_feature_enabled":true,"jetpack_social_post_already_shared":true,"jetpack_social_options":{"image_generator_settings":{"template":"highway","default_image_id":0,"font":"","enabled":false},"version":2},"_wpas_customize_per_network":false},"categories":[8],"tags":[8829,8697,2628,8922,10,7802],"class_list":["post-67184","post","type-post","status-publish","format-standard","has-post-thumbnail","hentry","category-sociedad","tag-aniversario","tag-comunidad","tag-divina-providencia","tag-festejo","tag-mercedes","tag-sociedad","generate-columns","tablet-grid-50","mobile-grid-100","grid-parent","grid-50"],"jetpack_publicize_connections":[],"jetpack_featured_media_url":"https:\/\/www.hoymercedes.com.ar\/principal\/wp-content\/uploads\/2017\/09\/15-divina-providencia.jpg","wps_subtitle":"Misa el d\u00eda 23 de septiembre","jetpack_sharing_enabled":true,"_links":{"self":[{"href":"https:\/\/www.hoymercedes.com.ar\/principal\/wp-json\/wp\/v2\/posts\/67184","targetHints":{"allow":["GET"]}}],"collection":[{"href":"https:\/\/www.hoymercedes.com.ar\/principal\/wp-json\/wp\/v2\/posts"}],"about":[{"href":"https:\/\/www.hoymercedes.com.ar\/principal\/wp-json\/wp\/v2\/types\/post"}],"author":[{"embeddable":true,"href":"https:\/\/www.hoymercedes.com.ar\/principal\/wp-json\/wp\/v2\/users\/1"}],"replies":[{"embeddable":true,"href":"https:\/\/www.hoymercedes.com.ar\/principal\/wp-json\/wp\/v2\/comments?post=67184"}],"version-history":[{"count":0,"href":"https:\/\/www.hoymercedes.com.ar\/principal\/wp-json\/wp\/v2\/posts\/67184\/revisions"}],"wp:featuredmedia":[{"embeddable":true,"href":"https:\/\/www.hoymercedes.com.ar\/principal\/wp-json\/wp\/v2\/media\/67185"}],"wp:attachment":[{"href":"https:\/\/www.hoymercedes.com.ar\/principal\/wp-json\/wp\/v2\/media?parent=67184"}],"wp:term":[{"taxonomy":"category","embeddable":true,"href":"https:\/\/www.hoymercedes.com.ar\/principal\/wp-json\/wp\/v2\/categories?post=67184"},{"taxonomy":"post_tag","embeddable":true,"href":"https:\/\/www.hoymercedes.com.ar\/principal\/wp-json\/wp\/v2\/tags?post=67184"}],"curies":[{"name":"wp","href":"https:\/\/api.w.org\/{rel}","templated":true}]}}