{"id":67188,"date":"2017-09-16T18:20:18","date_gmt":"2017-09-16T21:20:18","guid":{"rendered":"http:\/\/www.hoymercedes.com.ar\/principal\/?p=67188"},"modified":"2017-09-17T10:26:28","modified_gmt":"2017-09-17T13:26:28","slug":"jueves-literarios-en-sade-mercedes","status":"publish","type":"post","link":"https:\/\/www.hoymercedes.com.ar\/principal\/2017\/09\/16\/jueves-literarios-en-sade-mercedes\/","title":{"rendered":"Jueves literarios en SADE Mercedes"},"content":{"rendered":"<p>Todos los jueves en la sede de Sociedad Argentina de Escritores de Mercedes (Avenida 29 N\u00b0691) se realizan las reuniones literarias abiertas de la instituci\u00f3n que re\u00fane a escritores y poetas mercedinos.<\/p>\n<p>En esos encuentros en donde la literatura es el centro, los integrantes SADE Mercedes tambi\u00e9n acuerdan proyectos. D\u00edas atr\u00e1s,\u00a0la comisi\u00f3n directiva resolvi\u00f3 organizar un Charter a la casa \u00abJos\u00e9 Hern\u00e1ndez\u00bb en CABA juntamente con una invitaci\u00f3n por parte de la Biblioteca Nacional Mariano Moreno, el Museo del Libro y la Lengua, viaje que compartir\u00e1 con profesores y alumnos de varios colegios.\u00a0Adem\u00e1s, tienen previsto visitar el Teatro Col\u00f3n.<\/p>\n<p>Mientras tanto se organiza en nuestra ciudad la entrega de premios del IV Certamen Nacional e Internacional Literario \u00abLetras de Sol y Luna 2017\u00bb que ha reunido m\u00e1s de 300 obras \u00a0y autores. Por su parte, la Biblioteca de Autor \u00abRoberto J. Payr\u00f3\u00bb recibir\u00e1 gratuitamente a lectores, todos los d\u00edas de 18 a 21 hs. en su sede Calle 27-919 de Mercedes.<\/p>\n<p>Para mayor informaci\u00f3n pueden llamar a los tel\u00e9fonos 02324-15 491354 y 02324-423968 o escribir al e-mail: sade_mercedes@yahoo.com.ar<\/p>\n<p>&nbsp;<\/p>\n<p>Fuente: SADE Mercedes<\/p>\n<p>&nbsp;<\/p>\n","protected":false},"excerpt":{"rendered":"<p>Todos los jueves en la sede de Sociedad Argentina de Escritores de Mercedes (Avenida 29 N\u00b0691) se realizan las reuniones &#8230; <a title=\"Jueves literarios en SADE Mercedes\" class=\"read-more\" href=\"https:\/\/www.hoymercedes.com.ar\/principal\/2017\/09\/16\/jueves-literarios-en-sade-mercedes\/\" aria-label=\"Leer m\u00e1s sobre Jueves literarios en SADE Mercedes\">Leer m\u00e1s<\/a><\/p>\n","protected":false},"author":1,"featured_media":67189,"comment_status":"closed","ping_status":"open","sticky":false,"template":"","format":"standard","meta":{"_monsterinsights_skip_tracking":false,"_monsterinsights_sitenote_active":false,"_monsterinsights_sitenote_note":"","_monsterinsights_sitenote_category":0,"jetpack_post_was_ever_published":false,"_jetpack_newsletter_access":"","_jetpack_dont_email_post_to_subs":false,"_jetpack_newsletter_tier_id":0,"_jetpack_memberships_contains_paywalled_content":false,"_jetpack_memberships_contains_paid_content":false,"footnotes":"","jetpack_publicize_message":"","jetpack_publicize_feature_enabled":true,"jetpack_social_post_already_shared":true,"jetpack_social_options":{"image_generator_settings":{"template":"highway","default_image_id":0,"font":"","enabled":false},"version":2},"_wpas_customize_per_network":false},"categories":[104],"tags":[7805,73,5148],"class_list":["post-67188","post","type-post","status-publish","format-standard","has-post-thumbnail","hentry","category-cultura","tag-cultura","tag-literatura","tag-sade-mercedes","generate-columns","tablet-grid-50","mobile-grid-100","grid-parent","grid-50"],"jetpack_publicize_connections":[],"jetpack_featured_media_url":"https:\/\/www.hoymercedes.com.ar\/principal\/wp-content\/uploads\/2017\/09\/15-sade-mercedes.jpg","wps_subtitle":"Proyectos abiertos al p\u00fablico","jetpack_sharing_enabled":true,"_links":{"self":[{"href":"https:\/\/www.hoymercedes.com.ar\/principal\/wp-json\/wp\/v2\/posts\/67188","targetHints":{"allow":["GET"]}}],"collection":[{"href":"https:\/\/www.hoymercedes.com.ar\/principal\/wp-json\/wp\/v2\/posts"}],"about":[{"href":"https:\/\/www.hoymercedes.com.ar\/principal\/wp-json\/wp\/v2\/types\/post"}],"author":[{"embeddable":true,"href":"https:\/\/www.hoymercedes.com.ar\/principal\/wp-json\/wp\/v2\/users\/1"}],"replies":[{"embeddable":true,"href":"https:\/\/www.hoymercedes.com.ar\/principal\/wp-json\/wp\/v2\/comments?post=67188"}],"version-history":[{"count":0,"href":"https:\/\/www.hoymercedes.com.ar\/principal\/wp-json\/wp\/v2\/posts\/67188\/revisions"}],"wp:featuredmedia":[{"embeddable":true,"href":"https:\/\/www.hoymercedes.com.ar\/principal\/wp-json\/wp\/v2\/media\/67189"}],"wp:attachment":[{"href":"https:\/\/www.hoymercedes.com.ar\/principal\/wp-json\/wp\/v2\/media?parent=67188"}],"wp:term":[{"taxonomy":"category","embeddable":true,"href":"https:\/\/www.hoymercedes.com.ar\/principal\/wp-json\/wp\/v2\/categories?post=67188"},{"taxonomy":"post_tag","embeddable":true,"href":"https:\/\/www.hoymercedes.com.ar\/principal\/wp-json\/wp\/v2\/tags?post=67188"}],"curies":[{"name":"wp","href":"https:\/\/api.w.org\/{rel}","templated":true}]}}