{"id":67191,"date":"2017-09-15T15:52:06","date_gmt":"2017-09-15T18:52:06","guid":{"rendered":"http:\/\/www.hoymercedes.com.ar\/principal\/?p=67191"},"modified":"2017-09-15T15:53:43","modified_gmt":"2017-09-15T18:53:43","slug":"67191","status":"publish","type":"post","link":"https:\/\/www.hoymercedes.com.ar\/principal\/2017\/09\/15\/67191\/","title":{"rendered":"Mujeres Radicales organizan T\u00e9 Ben\u00e9fico"},"content":{"rendered":"<p>Desde la Comisi\u00f3n de Mujeres de la Uni\u00f3n C\u00edvica Radical tomaron el mes de septiembre como el mes de la educaci\u00f3n puesto que \u00a0estudiantes, maestros, profesores y auxiliares tienen su d\u00eda. Es as\u00ed que organizan un t\u00e9 ben\u00e9fico, con bingo incluido, y lo recaudado ser\u00e1 invertido en diferentes instituciones educativas. El t\u00e9 ben\u00e9fico ser\u00e1 el\u00a0s\u00e1bado 23 de septiembre, a partir de las 16.30 hs en el Comit\u00e9 de la Uni\u00f3n C\u00edvica Radical, sito en calle 29 N\u00b0 714.<\/p>\n<p>\u00abEn dicho encuentro, realizaremos un Bingo, y luego un sorteo entre las Escuelas y Jardines Rurales.\u00a0Lo recaudado, ser\u00e1 invertido en alguna necesidad puntual de la Instituci\u00f3n ganadora del sorteo\u00bb, explicaron desde la organizaci\u00f3n.<\/p>\n<p>&nbsp;<\/p>\n","protected":false},"excerpt":{"rendered":"<p>Desde la Comisi\u00f3n de Mujeres de la Uni\u00f3n C\u00edvica Radical tomaron el mes de septiembre como el mes de la &#8230; <a title=\"Mujeres Radicales organizan T\u00e9 Ben\u00e9fico\" class=\"read-more\" href=\"https:\/\/www.hoymercedes.com.ar\/principal\/2017\/09\/15\/67191\/\" aria-label=\"Leer m\u00e1s sobre Mujeres Radicales organizan T\u00e9 Ben\u00e9fico\">Leer m\u00e1s<\/a><\/p>\n","protected":false},"author":1,"featured_media":67192,"comment_status":"closed","ping_status":"open","sticky":false,"template":"","format":"standard","meta":{"_monsterinsights_skip_tracking":false,"_monsterinsights_sitenote_active":false,"_monsterinsights_sitenote_note":"","_monsterinsights_sitenote_category":0,"jetpack_post_was_ever_published":false,"_jetpack_newsletter_access":"","_jetpack_dont_email_post_to_subs":false,"_jetpack_newsletter_tier_id":0,"_jetpack_memberships_contains_paywalled_content":false,"_jetpack_memberships_contains_paid_content":false,"footnotes":"","jetpack_publicize_message":"","jetpack_publicize_feature_enabled":true,"jetpack_social_post_already_shared":true,"jetpack_social_options":{"image_generator_settings":{"template":"highway","default_image_id":0,"font":"","enabled":false},"version":2},"_wpas_customize_per_network":false},"categories":[11],"tags":[1734,47,10127,11878,408],"class_list":["post-67191","post","type-post","status-publish","format-standard","has-post-thumbnail","hentry","category-ciudad","tag-ciudad-2","tag-educacion-2","tag-mujeres","tag-te-benefico","tag-ucr","generate-columns","tablet-grid-50","mobile-grid-100","grid-parent","grid-50"],"jetpack_publicize_connections":[],"jetpack_featured_media_url":"https:\/\/www.hoymercedes.com.ar\/principal\/wp-content\/uploads\/2017\/09\/15-T\u00e9-Ben\u00e9fico.jpeg","wps_subtitle":"","jetpack_sharing_enabled":true,"_links":{"self":[{"href":"https:\/\/www.hoymercedes.com.ar\/principal\/wp-json\/wp\/v2\/posts\/67191","targetHints":{"allow":["GET"]}}],"collection":[{"href":"https:\/\/www.hoymercedes.com.ar\/principal\/wp-json\/wp\/v2\/posts"}],"about":[{"href":"https:\/\/www.hoymercedes.com.ar\/principal\/wp-json\/wp\/v2\/types\/post"}],"author":[{"embeddable":true,"href":"https:\/\/www.hoymercedes.com.ar\/principal\/wp-json\/wp\/v2\/users\/1"}],"replies":[{"embeddable":true,"href":"https:\/\/www.hoymercedes.com.ar\/principal\/wp-json\/wp\/v2\/comments?post=67191"}],"version-history":[{"count":0,"href":"https:\/\/www.hoymercedes.com.ar\/principal\/wp-json\/wp\/v2\/posts\/67191\/revisions"}],"wp:featuredmedia":[{"embeddable":true,"href":"https:\/\/www.hoymercedes.com.ar\/principal\/wp-json\/wp\/v2\/media\/67192"}],"wp:attachment":[{"href":"https:\/\/www.hoymercedes.com.ar\/principal\/wp-json\/wp\/v2\/media?parent=67191"}],"wp:term":[{"taxonomy":"category","embeddable":true,"href":"https:\/\/www.hoymercedes.com.ar\/principal\/wp-json\/wp\/v2\/categories?post=67191"},{"taxonomy":"post_tag","embeddable":true,"href":"https:\/\/www.hoymercedes.com.ar\/principal\/wp-json\/wp\/v2\/tags?post=67191"}],"curies":[{"name":"wp","href":"https:\/\/api.w.org\/{rel}","templated":true}]}}