{"id":67198,"date":"2017-09-15T17:34:13","date_gmt":"2017-09-15T20:34:13","guid":{"rendered":"http:\/\/www.hoymercedes.com.ar\/principal\/?p=67198"},"modified":"2017-09-15T21:40:44","modified_gmt":"2017-09-16T00:40:44","slug":"club-mercedes-en-busca-de-la-recuperacion-ante-camioneros","status":"publish","type":"post","link":"https:\/\/www.hoymercedes.com.ar\/principal\/2017\/09\/15\/club-mercedes-en-busca-de-la-recuperacion-ante-camioneros\/","title":{"rendered":"Club Mercedes, en busca de la recuperaci\u00f3n ante Camioneros"},"content":{"rendered":"<p><em><strong>Comienza la etapa de las revanchas para Club Mercedes en el Federal B, habiendo cumplido la primera etapa con tres triunfos, un empate y cinco derrotas, las \u00faltima dos al hilo y ahora deber\u00e1 visitar a uno de los candidatos al ascenso, Camioneros, en su predio de Esteban Echeverr\u00eda. Lo transmite en vivo FM La Tribuna 103.5, \u00fanico medio local en vivo.<\/strong><\/em><\/p>\n<p>El probable equipo que presente Mercedes serpia con Agust\u00edn Rodr\u00edguez; Hern\u00e1n Bruno, Cristian Biglia, Juan Pedro Gatti y Thom\u00e1s Schenone; Thiago Portessi, Cristian Barrientos, Daniel Ojeda, Nicol\u00e1s Minetti; Luis Lawler y Franco Gatti.<\/p>\n<p>La fecha se termin\u00f3 de completar el mi\u00e9rcoles con los dos partidos que quedaban pendientes, Independiente de Chivilcoy venci\u00f3 a Everton de La Plata por 1 a 0, con gol de Santiago Castillo y Viamonte FC derrot\u00f3 2 a 1 a El Linque\u00f1o, con gritos de Dami\u00e1n Canaletti y Nicol\u00e1s Guti\u00e9rrez, mientras que el descuento lo hizo Ezequiel Petrovelli para un cuadro linque\u00f1o que se qued\u00f3 sin DT, tras la renuncia de Alonso, quien fue r\u00e1pidamente reemplazado por Julio Ram\u00edrez, quien llega por tercera vez al club para dirigirlo.<\/p>\n<p><strong>S\u00e1bado 16<br \/>\nCancha:<\/strong>\u00a0Camioneros.<br \/>\nA las 15.30 Camioneros vs. Club Mercedes.<br \/>\n<strong>Arbitro:<\/strong>\u00a0Dar\u00edo L\u00f3pez (Arrecifes).<br \/>\n<strong>Asistentes:<\/strong>\u00a0Walter Trassens y Walter Colombo (Arrecifes).<\/p>\n<p><strong>Cancha:<\/strong>\u00a0ADIP.<br \/>\nA las 15.30 ADIP (La Plata) vs. Viamonte FC (Los Toldos)<br \/>\n<strong>Arbitro:<\/strong>\u00a0Alejandro Caraballo Bernal (Escobar).<\/p>\n<p><strong>Domingo 17<\/strong><br \/>\nA las 15 CRIBA (La Plata) vs. Everton (La Plata).<br \/>\n<strong>Arbitro:<\/strong>\u00a0Diego Gil (La Plata).<\/p>\n<p><strong>Cancha:<\/strong>\u00a0Independiente.<br \/>\nA las 15.30 Independiente (Chivilcoy) vs. Jorge Newbery (Jun\u00edn).<br \/>\n<strong>Arbitro:<\/strong>\u00a0Joaqu\u00edn Badano (Saladillo).<\/p>\n<p><strong>Cancha:<\/strong>\u00a0Linque\u00f1o.<br \/>\nA las 15.30 El Linque\u00f1o (Lincoln) vs. Bragado Club.<br \/>\n<strong>Arbitro:<\/strong>\u00a0Carlos Gariano (San Lorenzo).<\/p>\n<p><img loading=\"lazy\" decoding=\"async\" data-attachment-id=\"67199\" data-permalink=\"https:\/\/www.hoymercedes.com.ar\/principal\/2017\/09\/15\/club-mercedes-en-busca-de-la-recuperacion-ante-camioneros\/tablassss-6\/#main\" data-orig-file=\"https:\/\/www.hoymercedes.com.ar\/principal\/wp-content\/uploads\/2017\/09\/Tablassss-2.png\" data-orig-size=\"502,532\" data-comments-opened=\"0\" data-image-meta=\"{&quot;aperture&quot;:&quot;0&quot;,&quot;credit&quot;:&quot;&quot;,&quot;camera&quot;:&quot;&quot;,&quot;caption&quot;:&quot;&quot;,&quot;created_timestamp&quot;:&quot;0&quot;,&quot;copyright&quot;:&quot;&quot;,&quot;focal_length&quot;:&quot;0&quot;,&quot;iso&quot;:&quot;0&quot;,&quot;shutter_speed&quot;:&quot;0&quot;,&quot;title&quot;:&quot;&quot;,&quot;orientation&quot;:&quot;0&quot;}\" data-image-title=\"Tablassss\" data-image-description=\"\" data-image-caption=\"\" data-large-file=\"https:\/\/www.hoymercedes.com.ar\/principal\/wp-content\/uploads\/2017\/09\/Tablassss-2.png\" class=\"aligncenter size-full wp-image-67199\" src=\"https:\/\/www.hoymercedes.com.ar\/principal\/wp-content\/uploads\/2017\/09\/Tablassss-2.png\" alt=\"\" width=\"502\" height=\"532\" srcset=\"https:\/\/www.hoymercedes.com.ar\/principal\/wp-content\/uploads\/2017\/09\/Tablassss-2.png 502w, https:\/\/www.hoymercedes.com.ar\/principal\/wp-content\/uploads\/2017\/09\/Tablassss-2-142x150.png 142w\" sizes=\"auto, (max-width: 502px) 100vw, 502px\" \/> <img loading=\"lazy\" decoding=\"async\" data-attachment-id=\"67200\" data-permalink=\"https:\/\/www.hoymercedes.com.ar\/principal\/2017\/09\/15\/club-mercedes-en-busca-de-la-recuperacion-ante-camioneros\/goles-5\/#main\" data-orig-file=\"https:\/\/www.hoymercedes.com.ar\/principal\/wp-content\/uploads\/2017\/09\/goles-2.png\" data-orig-size=\"675,300\" data-comments-opened=\"0\" data-image-meta=\"{&quot;aperture&quot;:&quot;0&quot;,&quot;credit&quot;:&quot;&quot;,&quot;camera&quot;:&quot;&quot;,&quot;caption&quot;:&quot;&quot;,&quot;created_timestamp&quot;:&quot;0&quot;,&quot;copyright&quot;:&quot;&quot;,&quot;focal_length&quot;:&quot;0&quot;,&quot;iso&quot;:&quot;0&quot;,&quot;shutter_speed&quot;:&quot;0&quot;,&quot;title&quot;:&quot;&quot;,&quot;orientation&quot;:&quot;0&quot;}\" data-image-title=\"goles\" data-image-description=\"\" data-image-caption=\"\" data-large-file=\"https:\/\/www.hoymercedes.com.ar\/principal\/wp-content\/uploads\/2017\/09\/goles-2.png\" class=\"aligncenter size-medium wp-image-67200\" src=\"https:\/\/www.hoymercedes.com.ar\/principal\/wp-content\/uploads\/2017\/09\/goles-2-630x280.png\" alt=\"\" width=\"630\" height=\"280\" srcset=\"https:\/\/www.hoymercedes.com.ar\/principal\/wp-content\/uploads\/2017\/09\/goles-2-630x280.png 630w, https:\/\/www.hoymercedes.com.ar\/principal\/wp-content\/uploads\/2017\/09\/goles-2-150x67.png 150w, https:\/\/www.hoymercedes.com.ar\/principal\/wp-content\/uploads\/2017\/09\/goles-2.png 675w\" sizes=\"auto, (max-width: 630px) 100vw, 630px\" \/><\/p>\n","protected":false},"excerpt":{"rendered":"<p>Comienza la etapa de las revanchas para Club Mercedes en el Federal B, habiendo cumplido la primera etapa con tres &#8230; <a title=\"Club Mercedes, en busca de la recuperaci\u00f3n ante Camioneros\" class=\"read-more\" href=\"https:\/\/www.hoymercedes.com.ar\/principal\/2017\/09\/15\/club-mercedes-en-busca-de-la-recuperacion-ante-camioneros\/\" aria-label=\"Leer m\u00e1s sobre Club Mercedes, en busca de la recuperaci\u00f3n ante Camioneros\">Leer m\u00e1s<\/a><\/p>\n","protected":false},"author":1,"featured_media":67199,"comment_status":"closed","ping_status":"open","sticky":false,"template":"","format":"standard","meta":{"_monsterinsights_skip_tracking":false,"_monsterinsights_sitenote_active":false,"_monsterinsights_sitenote_note":"","_monsterinsights_sitenote_category":0,"jetpack_post_was_ever_published":false,"_jetpack_newsletter_access":"","_jetpack_dont_email_post_to_subs":false,"_jetpack_newsletter_tier_id":0,"_jetpack_memberships_contains_paywalled_content":false,"_jetpack_memberships_contains_paid_content":false,"footnotes":"","jetpack_publicize_message":"","jetpack_publicize_feature_enabled":true,"jetpack_social_post_already_shared":true,"jetpack_social_options":{"image_generator_settings":{"template":"highway","default_image_id":0,"font":"","enabled":false},"version":2},"_wpas_customize_per_network":false},"categories":[21],"tags":[122,204,9674,1003],"class_list":["post-67198","post","type-post","status-publish","format-standard","has-post-thumbnail","hentry","category-deportes","tag-club-mercedes","tag-deportes-2","tag-federal-b","tag-futbol","generate-columns","tablet-grid-50","mobile-grid-100","grid-parent","grid-50"],"jetpack_publicize_connections":[],"jetpack_featured_media_url":"https:\/\/www.hoymercedes.com.ar\/principal\/wp-content\/uploads\/2017\/09\/Tablassss-2.png","wps_subtitle":"Federal B","jetpack_sharing_enabled":true,"_links":{"self":[{"href":"https:\/\/www.hoymercedes.com.ar\/principal\/wp-json\/wp\/v2\/posts\/67198","targetHints":{"allow":["GET"]}}],"collection":[{"href":"https:\/\/www.hoymercedes.com.ar\/principal\/wp-json\/wp\/v2\/posts"}],"about":[{"href":"https:\/\/www.hoymercedes.com.ar\/principal\/wp-json\/wp\/v2\/types\/post"}],"author":[{"embeddable":true,"href":"https:\/\/www.hoymercedes.com.ar\/principal\/wp-json\/wp\/v2\/users\/1"}],"replies":[{"embeddable":true,"href":"https:\/\/www.hoymercedes.com.ar\/principal\/wp-json\/wp\/v2\/comments?post=67198"}],"version-history":[{"count":0,"href":"https:\/\/www.hoymercedes.com.ar\/principal\/wp-json\/wp\/v2\/posts\/67198\/revisions"}],"wp:featuredmedia":[{"embeddable":true,"href":"https:\/\/www.hoymercedes.com.ar\/principal\/wp-json\/wp\/v2\/media\/67199"}],"wp:attachment":[{"href":"https:\/\/www.hoymercedes.com.ar\/principal\/wp-json\/wp\/v2\/media?parent=67198"}],"wp:term":[{"taxonomy":"category","embeddable":true,"href":"https:\/\/www.hoymercedes.com.ar\/principal\/wp-json\/wp\/v2\/categories?post=67198"},{"taxonomy":"post_tag","embeddable":true,"href":"https:\/\/www.hoymercedes.com.ar\/principal\/wp-json\/wp\/v2\/tags?post=67198"}],"curies":[{"name":"wp","href":"https:\/\/api.w.org\/{rel}","templated":true}]}}