{"id":67236,"date":"2017-09-17T02:26:51","date_gmt":"2017-09-17T05:26:51","guid":{"rendered":"http:\/\/www.hoymercedes.com.ar\/principal\/?p=67236"},"modified":"2017-09-17T09:25:49","modified_gmt":"2017-09-17T12:25:49","slug":"club-mercedes-merecio-todo-pero-se-lo-termino-quedando-camioneros","status":"publish","type":"post","link":"https:\/\/www.hoymercedes.com.ar\/principal\/2017\/09\/17\/club-mercedes-merecio-todo-pero-se-lo-termino-quedando-camioneros\/","title":{"rendered":"Club Mercedes mereci\u00f3 todo, pero se lo termin\u00f3 quedando Camioneros"},"content":{"rendered":"<p><strong><em>En Esteban Echeverr\u00eda, Camioneros demostr\u00f3 su poder\u00edo ante Club Mercedes, llenando sus tribunas, mandando a la hinchada visitante a un sector donde el partido pr\u00e1cticamente no se ve\u00eda, y mostrando un marco, en un predio, que es digno de una categor\u00eda superior. Todo eso, ante un blanquinegro que est\u00e1 haciendo sus primeros pasos en la categor\u00eda y tiene uno de los presupuestos m\u00e1s bajos. Pero es f\u00fatbol, din\u00e1mica de lo impensado, y fueron los de Walter D\u00edaz los que merecieron sumar y no los locales, que terminaron haciendo tiempo para poder asegurarse un 1 a 0 que los mantenga en la punta.<\/em><\/strong><\/p>\n<p><img loading=\"lazy\" decoding=\"async\" data-attachment-id=\"67237\" data-permalink=\"https:\/\/www.hoymercedes.com.ar\/principal\/2017\/09\/17\/club-mercedes-merecio-todo-pero-se-lo-termino-quedando-camioneros\/img_2567\/#main\" data-orig-file=\"https:\/\/www.hoymercedes.com.ar\/principal\/wp-content\/uploads\/2017\/09\/IMG_2567.jpg\" data-orig-size=\"650,433\" data-comments-opened=\"0\" data-image-meta=\"{&quot;aperture&quot;:&quot;5.6&quot;,&quot;credit&quot;:&quot;&quot;,&quot;camera&quot;:&quot;Canon EOS DIGITAL REBEL XSi&quot;,&quot;caption&quot;:&quot;&quot;,&quot;created_timestamp&quot;:&quot;1505577173&quot;,&quot;copyright&quot;:&quot;&quot;,&quot;focal_length&quot;:&quot;135&quot;,&quot;iso&quot;:&quot;400&quot;,&quot;shutter_speed&quot;:&quot;0.002&quot;,&quot;title&quot;:&quot;&quot;,&quot;orientation&quot;:&quot;1&quot;}\" data-image-title=\"IMG_2567\" data-image-description=\"\" data-image-caption=\"\" data-large-file=\"https:\/\/www.hoymercedes.com.ar\/principal\/wp-content\/uploads\/2017\/09\/IMG_2567.jpg\" class=\"aligncenter size-medium wp-image-67237\" src=\"https:\/\/www.hoymercedes.com.ar\/principal\/wp-content\/uploads\/2017\/09\/IMG_2567-630x420.jpg\" alt=\"\" width=\"630\" height=\"420\" srcset=\"https:\/\/www.hoymercedes.com.ar\/principal\/wp-content\/uploads\/2017\/09\/IMG_2567-630x420.jpg 630w, https:\/\/www.hoymercedes.com.ar\/principal\/wp-content\/uploads\/2017\/09\/IMG_2567-150x100.jpg 150w, https:\/\/www.hoymercedes.com.ar\/principal\/wp-content\/uploads\/2017\/09\/IMG_2567-300x200.jpg 300w, https:\/\/www.hoymercedes.com.ar\/principal\/wp-content\/uploads\/2017\/09\/IMG_2567.jpg 650w\" sizes=\"auto, (max-width: 630px) 100vw, 630px\" \/><\/p>\n<p>Mercedes le gan\u00f3 el partido t\u00e1ctico a Camioneros. No lo dej\u00f3 salir jugando por abajo nunca, siempre lo molest\u00f3, en gran parte del primer tiempo lo presion\u00f3, y en todos los primeros 45 minutos los locales no lograron hacer lucir a Agust\u00edn Rodr\u00edguez, m\u00e1s all\u00e1 de que contuvo la pelota dos veces. Por otra parte, el blanquinegro le manej\u00f3 el primer tiempo al poderoso de la categor\u00eda, con Barrientos y Contardi cortando todo lo que pasaba por su sector, con un movedizo Thiago Portessi y un intratable Franco Gatti, quien jug\u00f3 su mejor partido en el a\u00f1o y enloqueci\u00f3 a toda la defensa rival.<\/p>\n<p>Tuvo situaciones Mercedes como para ponerse 1 a 0, pero la falta de punter\u00eda y en m\u00e1s de una oportunidad, el haberse apurado a desarrollar la jugada, hizo que no pudiera aprovechar su mejor momento del partido y todo se iba al descanso con el cero a cero.<\/p>\n<p>En el segundo tiempo, Camioneros tampoco fue el due\u00f1o de la pelota y Mercedes le control\u00f3 el juego. Sin embargo, a los 15 de minutos, un centro cruzado hacia Thiago Portessi fue ganado por Vitale, este se la dio a C\u00e1ceres, quien super\u00f3 la marca de Contardi y Barrientos, adem\u00e1s de la de Bruno que hab\u00eda subido a colaborar con el ataque, el volante creativo avanz\u00f3 algunos metros y tir\u00f3 la pelota por arriba de los centrales mercedinos para la corrida de Lucas Vic\u00f3, quien gambete\u00f3 a Rodr\u00edguez para poner el 1 a 0.<\/p>\n<p>A partir de ah\u00ed, Mercedes sienti\u00f3 el golpe, pero sigui\u00f3 buscando y tuvo algunas situaciones claras de gol, pero no pudo convertir, por el lado de Camioneros, m\u00e1s tranquilo tras el gol, tuvo un tiro en el travesa\u00f1o de Vic\u00f3 y luego otros dos cabezazos que fueron bien enviados al corner por el arquero de Mercedes.<\/p>\n<p>Para malos resultados, este s\u00e1bado se sum\u00f3 el de la victoria de ADIP ante Viamonte por 3 a 2, y los de La Plata alcanzar\u00f3n al blanquinegro, quedar\u00e1 esperar por el resultado de Everton y el de El Linque\u00f1o, equipos que hasta el momento est\u00e1n en el fondo de la tabla y que si ganan, empezar\u00e1n a preocupar el futuro de un Club Mercedes que viene haciendo un buen torneo, pero que no tiene eficacia en el \u00e1rea rival y lo paga caro.<\/p>\n<p><strong>Camioneros 1:<\/strong>\u00a0Alejandro Gladiali, Mat\u00edas Lozano, Jonatan Argara\u00f1az, Marcelo Ben\u00edtez, Carlos Madeo, Juan Navarro, Laureano Tello, Jorge Gonz\u00e1lez, Franco C\u00e1seres y Jonatan Ocampo.<strong>\u00a0DT:<\/strong>\u00a0Guillermo Calleri.\u00a0<strong>Suplentes:<\/strong>\u00a0Joaqu\u00edn Linci, Sebasti\u00e1n Alvarez, Facundo Moyano y Alexis Cabrera.<br \/>\n<strong>Club Mercede 0:<\/strong>\u00a0Agust\u00edn Rodr\u00edguez, Juan Pedro Gatti, Thom\u00e1s Schenone, Hern\u00e1n Bruno, Nicol\u00e1s Contardi, Cristian Biglia, Franco Gatti, Cristian Barrientos, Luis Lawler, Tiago Portesi y Nicol\u00e1s Minetti.\u00a0<strong>DT:<\/strong>\u00a0Walter D\u00edaz.\u00a0<strong>Suplentes:<\/strong>\u00a0Juan Bidone, Joaqu\u00edn Parra, Daniel Ojeda y Juli\u00e1n Alarc\u00f3n.<br \/>\n<strong>Gol en el ST:<\/strong>\u00a0A los 12\u2019 Lucas Vico para Camioneros.<br \/>\n<strong>Cambios en el ST:<\/strong>\u00a0A los 13\u2019 Lucas Vico por Juan Navarro, 15\u2019 Brian Musarella por Franco C\u00e1seres y a los 25\u2019 Dar\u00edo Gianaschi por Jorge Gonz\u00e1lez en Camioneros. A los 2\u2019 Gabino Regueiro por Cristian Biglia, 13\u2019 Esteban Rodr\u00edguez por Luis Lawler y a los 20\u2019 Iv\u00e1n Arbello por Nicol\u00e1s Minetti en Club Mercedes.<br \/>\n<strong>Arbitro:\u00a0<\/strong>Dar\u00edo L\u00f3pez (Arrecifes).<\/p>\n<p><strong>Resultados<br \/>\nADIP (La Plata) 3:<\/strong>\u00a0Lucas Catalano y Maximiliano Casas 2.<br \/>\n<strong>Viamonte FC (Los Toldos) 2:\u00a0<\/strong>Dami\u00e1n Canaletti y Emanuel Manavella.<br \/>\n<strong>Arbitro:<\/strong>\u00a0Alejandro Carballo Bernal (Escobar).<br \/>\n<strong>Expulsado:<\/strong>\u00a0Braian Avil\u00e9s (Viamonte).<\/p>\n<p><strong>Lo que sigue<\/strong><br \/>\n<strong>Domingo 17<\/strong><br \/>\nA las 15 CRIBA (La Plata) vs. Everton (La Plata).<br \/>\n<strong>Arbitro:<\/strong>\u00a0Diego Gil (La Plata).<\/p>\n<p><strong>Cancha:<\/strong>\u00a0Independiente.<br \/>\nA las 15.30 Independiente (Chivilcoy) vs. Jorge Newbery (Jun\u00edn).<br \/>\n<strong>Arbitro:<\/strong>\u00a0Joaqu\u00edn Badano (Saladillo).<\/p>\n<p><strong>Cancha:<\/strong>\u00a0Linque\u00f1o.<br \/>\nA las 15.30 El Linque\u00f1o (Lincoln) vs. Bragado Club.<br \/>\n<strong>Arbitro:<\/strong>\u00a0Carlos Gariano (San Lorenzo).<\/p>\n<p>&nbsp;<\/p>\n<p><img loading=\"lazy\" decoding=\"async\" data-attachment-id=\"67238\" data-permalink=\"https:\/\/www.hoymercedes.com.ar\/principal\/2017\/09\/17\/club-mercedes-merecio-todo-pero-se-lo-termino-quedando-camioneros\/zona-a-6\/#main\" data-orig-file=\"https:\/\/www.hoymercedes.com.ar\/principal\/wp-content\/uploads\/2017\/09\/Zona-A-1.png\" data-orig-size=\"501,257\" data-comments-opened=\"0\" data-image-meta=\"{&quot;aperture&quot;:&quot;0&quot;,&quot;credit&quot;:&quot;&quot;,&quot;camera&quot;:&quot;&quot;,&quot;caption&quot;:&quot;&quot;,&quot;created_timestamp&quot;:&quot;0&quot;,&quot;copyright&quot;:&quot;&quot;,&quot;focal_length&quot;:&quot;0&quot;,&quot;iso&quot;:&quot;0&quot;,&quot;shutter_speed&quot;:&quot;0&quot;,&quot;title&quot;:&quot;&quot;,&quot;orientation&quot;:&quot;0&quot;}\" data-image-title=\"Zona A\" data-image-description=\"\" data-image-caption=\"\" data-large-file=\"https:\/\/www.hoymercedes.com.ar\/principal\/wp-content\/uploads\/2017\/09\/Zona-A-1.png\" class=\"aligncenter size-full wp-image-67238\" src=\"https:\/\/www.hoymercedes.com.ar\/principal\/wp-content\/uploads\/2017\/09\/Zona-A-1.png\" alt=\"\" width=\"501\" height=\"257\" srcset=\"https:\/\/www.hoymercedes.com.ar\/principal\/wp-content\/uploads\/2017\/09\/Zona-A-1.png 501w, https:\/\/www.hoymercedes.com.ar\/principal\/wp-content\/uploads\/2017\/09\/Zona-A-1-150x77.png 150w\" sizes=\"auto, (max-width: 501px) 100vw, 501px\" \/> <img loading=\"lazy\" decoding=\"async\" data-attachment-id=\"67239\" data-permalink=\"https:\/\/www.hoymercedes.com.ar\/principal\/2017\/09\/17\/club-mercedes-merecio-todo-pero-se-lo-termino-quedando-camioneros\/goles-zona-a-7\/#main\" data-orig-file=\"https:\/\/www.hoymercedes.com.ar\/principal\/wp-content\/uploads\/2017\/09\/Goles-Zona-A-1.png\" data-orig-size=\"294,321\" data-comments-opened=\"0\" data-image-meta=\"{&quot;aperture&quot;:&quot;0&quot;,&quot;credit&quot;:&quot;&quot;,&quot;camera&quot;:&quot;&quot;,&quot;caption&quot;:&quot;&quot;,&quot;created_timestamp&quot;:&quot;0&quot;,&quot;copyright&quot;:&quot;&quot;,&quot;focal_length&quot;:&quot;0&quot;,&quot;iso&quot;:&quot;0&quot;,&quot;shutter_speed&quot;:&quot;0&quot;,&quot;title&quot;:&quot;&quot;,&quot;orientation&quot;:&quot;0&quot;}\" data-image-title=\"Goles Zona A\" data-image-description=\"\" data-image-caption=\"\" data-large-file=\"https:\/\/www.hoymercedes.com.ar\/principal\/wp-content\/uploads\/2017\/09\/Goles-Zona-A-1.png\" class=\"aligncenter size-medium wp-image-67239\" src=\"https:\/\/www.hoymercedes.com.ar\/principal\/wp-content\/uploads\/2017\/09\/Goles-Zona-A-1.png\" alt=\"\" width=\"294\" height=\"321\" srcset=\"https:\/\/www.hoymercedes.com.ar\/principal\/wp-content\/uploads\/2017\/09\/Goles-Zona-A-1.png 294w, https:\/\/www.hoymercedes.com.ar\/principal\/wp-content\/uploads\/2017\/09\/Goles-Zona-A-1-137x150.png 137w\" sizes=\"auto, (max-width: 294px) 100vw, 294px\" \/><\/p>\n","protected":false},"excerpt":{"rendered":"<p>En Esteban Echeverr\u00eda, Camioneros demostr\u00f3 su poder\u00edo ante Club Mercedes, llenando sus tribunas, mandando a la hinchada visitante a un &#8230; <a title=\"Club Mercedes mereci\u00f3 todo, pero se lo termin\u00f3 quedando Camioneros\" class=\"read-more\" href=\"https:\/\/www.hoymercedes.com.ar\/principal\/2017\/09\/17\/club-mercedes-merecio-todo-pero-se-lo-termino-quedando-camioneros\/\" aria-label=\"Leer m\u00e1s sobre Club Mercedes mereci\u00f3 todo, pero se lo termin\u00f3 quedando Camioneros\">Leer m\u00e1s<\/a><\/p>\n","protected":false},"author":1,"featured_media":67237,"comment_status":"closed","ping_status":"open","sticky":false,"template":"","format":"standard","meta":{"_monsterinsights_skip_tracking":false,"_monsterinsights_sitenote_active":false,"_monsterinsights_sitenote_note":"","_monsterinsights_sitenote_category":0,"jetpack_post_was_ever_published":false,"_jetpack_newsletter_access":"","_jetpack_dont_email_post_to_subs":false,"_jetpack_newsletter_tier_id":0,"_jetpack_memberships_contains_paywalled_content":false,"_jetpack_memberships_contains_paid_content":false,"footnotes":"","jetpack_publicize_message":"","jetpack_publicize_feature_enabled":true,"jetpack_social_post_already_shared":true,"jetpack_social_options":{"image_generator_settings":{"template":"highway","default_image_id":0,"font":"","enabled":false},"version":2},"_wpas_customize_per_network":false},"categories":[21],"tags":[4968,122,204,9674,1003],"class_list":["post-67236","post","type-post","status-publish","format-standard","has-post-thumbnail","hentry","category-deportes","tag-camioneros","tag-club-mercedes","tag-deportes-2","tag-federal-b","tag-futbol","generate-columns","tablet-grid-50","mobile-grid-100","grid-parent","grid-50"],"jetpack_publicize_connections":[],"jetpack_featured_media_url":"https:\/\/www.hoymercedes.com.ar\/principal\/wp-content\/uploads\/2017\/09\/IMG_2567.jpg","wps_subtitle":"Federal B","jetpack_sharing_enabled":true,"_links":{"self":[{"href":"https:\/\/www.hoymercedes.com.ar\/principal\/wp-json\/wp\/v2\/posts\/67236","targetHints":{"allow":["GET"]}}],"collection":[{"href":"https:\/\/www.hoymercedes.com.ar\/principal\/wp-json\/wp\/v2\/posts"}],"about":[{"href":"https:\/\/www.hoymercedes.com.ar\/principal\/wp-json\/wp\/v2\/types\/post"}],"author":[{"embeddable":true,"href":"https:\/\/www.hoymercedes.com.ar\/principal\/wp-json\/wp\/v2\/users\/1"}],"replies":[{"embeddable":true,"href":"https:\/\/www.hoymercedes.com.ar\/principal\/wp-json\/wp\/v2\/comments?post=67236"}],"version-history":[{"count":0,"href":"https:\/\/www.hoymercedes.com.ar\/principal\/wp-json\/wp\/v2\/posts\/67236\/revisions"}],"wp:featuredmedia":[{"embeddable":true,"href":"https:\/\/www.hoymercedes.com.ar\/principal\/wp-json\/wp\/v2\/media\/67237"}],"wp:attachment":[{"href":"https:\/\/www.hoymercedes.com.ar\/principal\/wp-json\/wp\/v2\/media?parent=67236"}],"wp:term":[{"taxonomy":"category","embeddable":true,"href":"https:\/\/www.hoymercedes.com.ar\/principal\/wp-json\/wp\/v2\/categories?post=67236"},{"taxonomy":"post_tag","embeddable":true,"href":"https:\/\/www.hoymercedes.com.ar\/principal\/wp-json\/wp\/v2\/tags?post=67236"}],"curies":[{"name":"wp","href":"https:\/\/api.w.org\/{rel}","templated":true}]}}