{"id":67249,"date":"2017-09-17T08:26:39","date_gmt":"2017-09-17T11:26:39","guid":{"rendered":"http:\/\/www.hoymercedes.com.ar\/principal\/?p=67249"},"modified":"2017-09-17T16:47:28","modified_gmt":"2017-09-17T19:47:28","slug":"jornada-de-eleccion-de-productores-y-musica-en-la-fiesta-del-salame-quintero","status":"publish","type":"post","link":"https:\/\/www.hoymercedes.com.ar\/principal\/2017\/09\/17\/jornada-de-eleccion-de-productores-y-musica-en-la-fiesta-del-salame-quintero\/","title":{"rendered":"Jornada de elecci\u00f3n de productores y m\u00fasica en la Fiesta del Salame Quintero"},"content":{"rendered":"<p>Los Coplanacu cerraron la segunda gran noche de la 43\u00b0 Fiesta Nacional del Salame Quintero con marco de p\u00fablico importante que acompa\u00f1\u00f3 durante todo el d\u00eda, desde temprano, con las muestras de elaboraci\u00f3n, la pe\u00f1a folcl\u00f3rica y pudo observar como el Jurado seleccionaba el mejor salame quintero del a\u00f1o, premio que se entregar\u00e1 este domingo.<\/p>\n<p>En la ma\u00f1ana, la carpa que propone a los visitantes conocer c\u00f3mo se hace el Salame Quintero, el p\u00fablico se acerc\u00f3 a presenciar el momento del mezclado de la masa, el embutido y algunos se animan a participar en el atado y preparado para que el salame empiece el proceso de secado ya sea en grasa, como lo hac\u00edan los viejos quinteros, o en c\u00e1maras con una temperatura adecuada. Propuesta que se repetir\u00e1 en dos oportunidades este domingo: a la hora 11:30 y a las 13.<\/p>\n<p><img loading=\"lazy\" decoding=\"async\" data-attachment-id=\"67250\" data-permalink=\"https:\/\/www.hoymercedes.com.ar\/principal\/2017\/09\/17\/jornada-de-eleccion-de-productores-y-musica-en-la-fiesta-del-salame-quintero\/16-salame-quintero-1\/#main\" data-orig-file=\"https:\/\/www.hoymercedes.com.ar\/principal\/wp-content\/uploads\/2017\/09\/16-salame-quintero-1.jpg\" data-orig-size=\"630,420\" data-comments-opened=\"0\" data-image-meta=\"{&quot;aperture&quot;:&quot;8&quot;,&quot;credit&quot;:&quot;&quot;,&quot;camera&quot;:&quot;NIKON D3100&quot;,&quot;caption&quot;:&quot;&quot;,&quot;created_timestamp&quot;:&quot;1505576582&quot;,&quot;copyright&quot;:&quot;&quot;,&quot;focal_length&quot;:&quot;20&quot;,&quot;iso&quot;:&quot;100&quot;,&quot;shutter_speed&quot;:&quot;0.004&quot;,&quot;title&quot;:&quot;&quot;,&quot;orientation&quot;:&quot;1&quot;}\" data-image-title=\"16 salame quintero 1\" data-image-description=\"\" data-image-caption=\"\" data-large-file=\"https:\/\/www.hoymercedes.com.ar\/principal\/wp-content\/uploads\/2017\/09\/16-salame-quintero-1.jpg\" class=\"aligncenter size-medium wp-image-67250\" src=\"https:\/\/www.hoymercedes.com.ar\/principal\/wp-content\/uploads\/2017\/09\/16-salame-quintero-1-630x420.jpg\" alt=\"\" width=\"630\" height=\"420\" srcset=\"https:\/\/www.hoymercedes.com.ar\/principal\/wp-content\/uploads\/2017\/09\/16-salame-quintero-1.jpg 630w, https:\/\/www.hoymercedes.com.ar\/principal\/wp-content\/uploads\/2017\/09\/16-salame-quintero-1-150x100.jpg 150w, https:\/\/www.hoymercedes.com.ar\/principal\/wp-content\/uploads\/2017\/09\/16-salame-quintero-1-300x200.jpg 300w\" sizes=\"auto, (max-width: 630px) 100vw, 630px\" \/><\/p>\n<p>En esa misma carpa, el jurado integrado por Oscar Chigliotti, Juan Carlos Siri, Sebasti\u00e1n Sandoval y Sergio Sirello con la veedur\u00eda del Jorge Picone que no puntu\u00f3 pero s\u00ed expres\u00f3 su opini\u00f3n en cada lote, actu\u00f3 en horas de la tarde. Fueron 31 las muestras presentadas para participar de la elecci\u00f3n anual del mejor salame quintero, muestras que cort\u00f3 y prepar\u00f3 Gustavo Grasso junto a las autoridades municipales de las \u00e1reas de producci\u00f3n, veterinaria y bromatol\u00f3g\u00eda. Este domingo se har\u00e1 p\u00fablico el resultado anunciando qui\u00e9n se llevar\u00e1 la placa a la mejor producci\u00f3n.<\/p>\n<p>A un costado, la pe\u00f1a folcl\u00f3rica musicalizaba la tarde. en ese espacio actuaron: Gonzalo Jes\u00fas, Ponce de Le\u00f3n, Los del Pedregal, los Cantores de Pueblo Chico, Fernando Pazos y la Yunta, el Zoco Larralde, y Giovanetone. Desde mediama\u00f1ana del domingo, en este espacio, actuar\u00e1n los cuerpos de Ballet Salta, Enlazando Sue\u00f1os, Herederos de Mi Tierra, Almas de mi Pueblo, Virgencita de Luj\u00e1n, Integraci\u00f3n, Herencia Atamisque\u00f1a, Ra\u00edces Mercedinas, Almafuerte, Nra. Sra. de las Mercedes, Ayek\u00e1n, Patria Coraz\u00f3n y Peumay\u00e9n.<\/p>\n<p><img loading=\"lazy\" decoding=\"async\" data-attachment-id=\"67252\" data-permalink=\"https:\/\/www.hoymercedes.com.ar\/principal\/2017\/09\/17\/jornada-de-eleccion-de-productores-y-musica-en-la-fiesta-del-salame-quintero\/16-salame-quintero-13\/#main\" data-orig-file=\"https:\/\/www.hoymercedes.com.ar\/principal\/wp-content\/uploads\/2017\/09\/16-salame-quintero-13.jpg\" data-orig-size=\"630,420\" data-comments-opened=\"0\" data-image-meta=\"{&quot;aperture&quot;:&quot;0&quot;,&quot;credit&quot;:&quot;SEBASTIANAMBROSSIO&quot;,&quot;camera&quot;:&quot;&quot;,&quot;caption&quot;:&quot;&quot;,&quot;created_timestamp&quot;:&quot;0&quot;,&quot;copyright&quot;:&quot;SebastianAmbrossio&quot;,&quot;focal_length&quot;:&quot;0&quot;,&quot;iso&quot;:&quot;0&quot;,&quot;shutter_speed&quot;:&quot;0&quot;,&quot;title&quot;:&quot;&quot;,&quot;orientation&quot;:&quot;0&quot;}\" data-image-title=\"16 salame quintero 13\" data-image-description=\"\" data-image-caption=\"\" data-large-file=\"https:\/\/www.hoymercedes.com.ar\/principal\/wp-content\/uploads\/2017\/09\/16-salame-quintero-13.jpg\" class=\"aligncenter size-medium wp-image-67252\" src=\"https:\/\/www.hoymercedes.com.ar\/principal\/wp-content\/uploads\/2017\/09\/16-salame-quintero-13-630x420.jpg\" alt=\"\" width=\"630\" height=\"420\" srcset=\"https:\/\/www.hoymercedes.com.ar\/principal\/wp-content\/uploads\/2017\/09\/16-salame-quintero-13.jpg 630w, https:\/\/www.hoymercedes.com.ar\/principal\/wp-content\/uploads\/2017\/09\/16-salame-quintero-13-150x100.jpg 150w, https:\/\/www.hoymercedes.com.ar\/principal\/wp-content\/uploads\/2017\/09\/16-salame-quintero-13-300x200.jpg 300w\" sizes=\"auto, (max-width: 630px) 100vw, 630px\" \/><\/p>\n<p>Continuando con las actividades realizadas el s\u00e1bado, en la carpa montada al lado del escenario se realiz\u00f3 el tradicional encuentro de intercambio de presentes entre las reinas visitantes y un sentido despedido a nuestra reina saliente, Dalma Verd\u00fam, que agradeci\u00f3 el apoyo constante recibido por parte de la comuna.<\/p>\n<p>Estuvieron visitando Mercedes la reina nacional de la Fiesta del Cahuen\u00e9 de Capitan Sarmiento, Micaela D\u00e9cima, la de la Fiesta Nacional de la Guitarra de Dolores, Celina Guerrero, de la Doma y el Folklore de Olavarria, Micaela Simionato y la segunda princesa, Fernanda Nu\u00f1ez, de la Fiesta Nacional de la Primavera de Rawson, Ana Michelena, de la Fiesta del Sortijero y de los Jinetes Argentinos de Chacabuco, la virreina Vanesa Encina, de la Fiesta del Kreppel de Colonia Hinojo, su reina Roc\u00edo Joubert, de la Fiesta de la Flor de Escobar, miss elegancia, Florencia Giannico, desde la Fiesta Nacional del Durazno, su primera princesa Abril Luna y la segunda, Flavia Lutteral y Dalma Verd\u00fam, Tamara Fern\u00e1ndez y Milagros Acu\u00f1a, de nuestra Fiesta Nacional del Salame Quintero.<\/p>\n<p>El escenario abri\u00f3 con el ballet Santa Cecilia, para continuar con \u00a0Sentires, Sachapampa, Nahuel Fusco, Ballet Municipal Estrella del Sur, Reinas visitantes, Pablo Aschero, Rulo Godar y Naci\u00f3n \u00a0Whipala, Taller Municipal de Percusi\u00f3n + Banda Santa Milonguita, \u201cLa Popular\u201d Compa\u00f1\u00eda de Danza, Los L\u00f3pez Heredia y el espectacular cierre con Los Coplanacu.<\/p>\n<p><img loading=\"lazy\" decoding=\"async\" data-attachment-id=\"67251\" data-permalink=\"https:\/\/www.hoymercedes.com.ar\/principal\/2017\/09\/17\/jornada-de-eleccion-de-productores-y-musica-en-la-fiesta-del-salame-quintero\/16-salame-quintero-2\/#main\" data-orig-file=\"https:\/\/www.hoymercedes.com.ar\/principal\/wp-content\/uploads\/2017\/09\/16-salame-quintero-2.jpg\" data-orig-size=\"630,354\" data-comments-opened=\"0\" data-image-meta=\"{&quot;aperture&quot;:&quot;0&quot;,&quot;credit&quot;:&quot;&quot;,&quot;camera&quot;:&quot;&quot;,&quot;caption&quot;:&quot;&quot;,&quot;created_timestamp&quot;:&quot;0&quot;,&quot;copyright&quot;:&quot;&quot;,&quot;focal_length&quot;:&quot;0&quot;,&quot;iso&quot;:&quot;0&quot;,&quot;shutter_speed&quot;:&quot;0&quot;,&quot;title&quot;:&quot;&quot;,&quot;orientation&quot;:&quot;0&quot;}\" data-image-title=\"16 salame quintero 2\" data-image-description=\"\" data-image-caption=\"\" data-large-file=\"https:\/\/www.hoymercedes.com.ar\/principal\/wp-content\/uploads\/2017\/09\/16-salame-quintero-2.jpg\" class=\"aligncenter size-medium wp-image-67251\" src=\"https:\/\/www.hoymercedes.com.ar\/principal\/wp-content\/uploads\/2017\/09\/16-salame-quintero-2-630x354.jpg\" alt=\"\" width=\"630\" height=\"354\" srcset=\"https:\/\/www.hoymercedes.com.ar\/principal\/wp-content\/uploads\/2017\/09\/16-salame-quintero-2.jpg 630w, https:\/\/www.hoymercedes.com.ar\/principal\/wp-content\/uploads\/2017\/09\/16-salame-quintero-2-150x84.jpg 150w\" sizes=\"auto, (max-width: 630px) 100vw, 630px\" \/><\/p>\n<p>&nbsp;<\/p>\n<p>&nbsp;<\/p>\n","protected":false},"excerpt":{"rendered":"<p>Los Coplanacu cerraron la segunda gran noche de la 43\u00b0 Fiesta Nacional del Salame Quintero con marco de p\u00fablico importante &#8230; <a title=\"Jornada de elecci\u00f3n de productores y m\u00fasica en la Fiesta del Salame Quintero\" class=\"read-more\" href=\"https:\/\/www.hoymercedes.com.ar\/principal\/2017\/09\/17\/jornada-de-eleccion-de-productores-y-musica-en-la-fiesta-del-salame-quintero\/\" aria-label=\"Leer m\u00e1s sobre Jornada de elecci\u00f3n de productores y m\u00fasica en la Fiesta del Salame Quintero\">Leer m\u00e1s<\/a><\/p>\n","protected":false},"author":1,"featured_media":67250,"comment_status":"closed","ping_status":"open","sticky":false,"template":"","format":"standard","meta":{"_monsterinsights_skip_tracking":false,"_monsterinsights_sitenote_active":false,"_monsterinsights_sitenote_note":"","_monsterinsights_sitenote_category":0,"jetpack_post_was_ever_published":false,"_jetpack_newsletter_access":"","_jetpack_dont_email_post_to_subs":false,"_jetpack_newsletter_tier_id":0,"_jetpack_memberships_contains_paywalled_content":false,"_jetpack_memberships_contains_paid_content":false,"footnotes":"","jetpack_publicize_message":"","jetpack_publicize_feature_enabled":true,"jetpack_social_post_already_shared":true,"jetpack_social_options":{"image_generator_settings":{"template":"highway","default_image_id":0,"font":"","enabled":false},"version":2},"_wpas_customize_per_network":false},"categories":[104,30],"tags":[11888,10,244,11889],"class_list":["post-67249","post","type-post","status-publish","format-standard","has-post-thumbnail","hentry","category-cultura","category-municipio","tag-43-fiesta-nacional-del-salame-quintero","tag-mercedes","tag-municipio-2","tag-segunda-jornada","generate-columns","tablet-grid-50","mobile-grid-100","grid-parent","grid-50"],"jetpack_publicize_connections":[],"jetpack_featured_media_url":"https:\/\/www.hoymercedes.com.ar\/principal\/wp-content\/uploads\/2017\/09\/16-salame-quintero-1.jpg","wps_subtitle":"Este domingo termina","jetpack_sharing_enabled":true,"_links":{"self":[{"href":"https:\/\/www.hoymercedes.com.ar\/principal\/wp-json\/wp\/v2\/posts\/67249","targetHints":{"allow":["GET"]}}],"collection":[{"href":"https:\/\/www.hoymercedes.com.ar\/principal\/wp-json\/wp\/v2\/posts"}],"about":[{"href":"https:\/\/www.hoymercedes.com.ar\/principal\/wp-json\/wp\/v2\/types\/post"}],"author":[{"embeddable":true,"href":"https:\/\/www.hoymercedes.com.ar\/principal\/wp-json\/wp\/v2\/users\/1"}],"replies":[{"embeddable":true,"href":"https:\/\/www.hoymercedes.com.ar\/principal\/wp-json\/wp\/v2\/comments?post=67249"}],"version-history":[{"count":0,"href":"https:\/\/www.hoymercedes.com.ar\/principal\/wp-json\/wp\/v2\/posts\/67249\/revisions"}],"wp:featuredmedia":[{"embeddable":true,"href":"https:\/\/www.hoymercedes.com.ar\/principal\/wp-json\/wp\/v2\/media\/67250"}],"wp:attachment":[{"href":"https:\/\/www.hoymercedes.com.ar\/principal\/wp-json\/wp\/v2\/media?parent=67249"}],"wp:term":[{"taxonomy":"category","embeddable":true,"href":"https:\/\/www.hoymercedes.com.ar\/principal\/wp-json\/wp\/v2\/categories?post=67249"},{"taxonomy":"post_tag","embeddable":true,"href":"https:\/\/www.hoymercedes.com.ar\/principal\/wp-json\/wp\/v2\/tags?post=67249"}],"curies":[{"name":"wp","href":"https:\/\/api.w.org\/{rel}","templated":true}]}}