{"id":67267,"date":"2017-09-17T19:29:12","date_gmt":"2017-09-17T22:29:12","guid":{"rendered":"http:\/\/www.hoymercedes.com.ar\/principal\/?p=67267"},"modified":"2017-09-17T21:49:02","modified_gmt":"2017-09-18T00:49:02","slug":"sergio-boccardo-y-dario-taramasco-volvieron-a-ganar-a-la-mejor-produccion","status":"publish","type":"post","link":"https:\/\/www.hoymercedes.com.ar\/principal\/2017\/09\/17\/sergio-boccardo-y-dario-taramasco-volvieron-a-ganar-a-la-mejor-produccion\/","title":{"rendered":"Sergio Boccardo y Dar\u00edo Taramasco volvieron a ganar premio a la mejor producci\u00f3n"},"content":{"rendered":"<p>En la tarde del domingo, el predio del ex Mart\u00edn Rodr\u00edguez colmaba de p\u00fablico que esperaba ansioso el cierre del tercer d\u00eda de la 43\u00b0 Fiesta Nacional del Salame Quintero. En ese contexto se dieron a conocer los nombres de los ganadores a la mejor producci\u00f3n 2017, logrando el primer premio por segundo a\u00f1o consecutivo, la pareja de productores integrada por Sergio Boccardo y Dar\u00edo Taramasco obtuvo 322 puntos.<\/p>\n<p><img loading=\"lazy\" decoding=\"async\" data-attachment-id=\"67269\" data-permalink=\"https:\/\/www.hoymercedes.com.ar\/principal\/2017\/09\/17\/sergio-boccardo-y-dario-taramasco-volvieron-a-ganar-a-la-mejor-produccion\/17-salame-quintero-2\/#main\" data-orig-file=\"https:\/\/www.hoymercedes.com.ar\/principal\/wp-content\/uploads\/2017\/09\/17-salame-quintero-2.jpg\" data-orig-size=\"630,420\" data-comments-opened=\"0\" data-image-meta=\"{&quot;aperture&quot;:&quot;4&quot;,&quot;credit&quot;:&quot;&quot;,&quot;camera&quot;:&quot;NIKON D3100&quot;,&quot;caption&quot;:&quot;&quot;,&quot;created_timestamp&quot;:&quot;1505667438&quot;,&quot;copyright&quot;:&quot;&quot;,&quot;focal_length&quot;:&quot;19&quot;,&quot;iso&quot;:&quot;400&quot;,&quot;shutter_speed&quot;:&quot;0.0125&quot;,&quot;title&quot;:&quot;&quot;,&quot;orientation&quot;:&quot;1&quot;}\" data-image-title=\"17 salame quintero 2\" data-image-description=\"\" data-image-caption=\"\" data-large-file=\"https:\/\/www.hoymercedes.com.ar\/principal\/wp-content\/uploads\/2017\/09\/17-salame-quintero-2.jpg\" class=\"aligncenter size-medium wp-image-67269\" src=\"https:\/\/www.hoymercedes.com.ar\/principal\/wp-content\/uploads\/2017\/09\/17-salame-quintero-2-630x420.jpg\" alt=\"\" width=\"630\" height=\"420\" srcset=\"https:\/\/www.hoymercedes.com.ar\/principal\/wp-content\/uploads\/2017\/09\/17-salame-quintero-2.jpg 630w, https:\/\/www.hoymercedes.com.ar\/principal\/wp-content\/uploads\/2017\/09\/17-salame-quintero-2-150x100.jpg 150w, https:\/\/www.hoymercedes.com.ar\/principal\/wp-content\/uploads\/2017\/09\/17-salame-quintero-2-300x200.jpg 300w\" sizes=\"auto, (max-width: 630px) 100vw, 630px\" \/><\/p>\n<p>La decisi\u00f3n de los integrantes del jurado, no s\u00f3lo determin\u00f3 que nuevamente Boccardo y Taramasco obtuviesen el primer premio, sino que tambi\u00e9n puntu\u00f3 las 31 muestras presentadas.<\/p>\n<p>El segundo premio fue para Rub\u00e9n Sirello de Altamira que sum\u00f3 319 puntos, mientras que el tercer premio se lo llev\u00f3 Maximiliano Bigonggiari de Gowland que logr\u00f3 310 puntos<\/p>\n<p>Los tres primeros premios de la producci\u00f3n de Salame Quintero fueron rematados. El lote de los ganadores se vendi\u00f3 a $2100; mientras que el segundo se pag\u00f3 1600 pesos y 500 para el tercero.<\/p>\n","protected":false},"excerpt":{"rendered":"<p>En la tarde del domingo, el predio del ex Mart\u00edn Rodr\u00edguez colmaba de p\u00fablico que esperaba ansioso el cierre del &#8230; <a title=\"Sergio Boccardo y Dar\u00edo Taramasco volvieron a ganar premio a la mejor producci\u00f3n\" class=\"read-more\" href=\"https:\/\/www.hoymercedes.com.ar\/principal\/2017\/09\/17\/sergio-boccardo-y-dario-taramasco-volvieron-a-ganar-a-la-mejor-produccion\/\" aria-label=\"Leer m\u00e1s sobre Sergio Boccardo y Dar\u00edo Taramasco volvieron a ganar premio a la mejor producci\u00f3n\">Leer m\u00e1s<\/a><\/p>\n","protected":false},"author":1,"featured_media":67268,"comment_status":"closed","ping_status":"open","sticky":false,"template":"","format":"standard","meta":{"_monsterinsights_skip_tracking":false,"_monsterinsights_sitenote_active":false,"_monsterinsights_sitenote_note":"","_monsterinsights_sitenote_category":0,"jetpack_post_was_ever_published":false,"_jetpack_newsletter_access":"","_jetpack_dont_email_post_to_subs":false,"_jetpack_newsletter_tier_id":0,"_jetpack_memberships_contains_paywalled_content":false,"_jetpack_memberships_contains_paid_content":false,"footnotes":"","jetpack_publicize_message":"","jetpack_publicize_feature_enabled":true,"jetpack_social_post_already_shared":true,"jetpack_social_options":{"image_generator_settings":{"template":"highway","default_image_id":0,"font":"","enabled":false},"version":2},"_wpas_customize_per_network":false},"categories":[104,30],"tags":[7805,11893,3384,10,997],"class_list":["post-67267","post","type-post","status-publish","format-standard","has-post-thumbnail","hentry","category-cultura","category-municipio","tag-cultura","tag-fiesta-nacional-del-salams-quintero","tag-ganadores","tag-mercedes","tag-productores","generate-columns","tablet-grid-50","mobile-grid-100","grid-parent","grid-50"],"jetpack_publicize_connections":[],"jetpack_featured_media_url":"https:\/\/www.hoymercedes.com.ar\/principal\/wp-content\/uploads\/2017\/09\/17-salame-quintero-1.jpg","wps_subtitle":"43\u00b0 Fiesta Nacional del Salame Quintero","jetpack_sharing_enabled":true,"_links":{"self":[{"href":"https:\/\/www.hoymercedes.com.ar\/principal\/wp-json\/wp\/v2\/posts\/67267","targetHints":{"allow":["GET"]}}],"collection":[{"href":"https:\/\/www.hoymercedes.com.ar\/principal\/wp-json\/wp\/v2\/posts"}],"about":[{"href":"https:\/\/www.hoymercedes.com.ar\/principal\/wp-json\/wp\/v2\/types\/post"}],"author":[{"embeddable":true,"href":"https:\/\/www.hoymercedes.com.ar\/principal\/wp-json\/wp\/v2\/users\/1"}],"replies":[{"embeddable":true,"href":"https:\/\/www.hoymercedes.com.ar\/principal\/wp-json\/wp\/v2\/comments?post=67267"}],"version-history":[{"count":0,"href":"https:\/\/www.hoymercedes.com.ar\/principal\/wp-json\/wp\/v2\/posts\/67267\/revisions"}],"wp:featuredmedia":[{"embeddable":true,"href":"https:\/\/www.hoymercedes.com.ar\/principal\/wp-json\/wp\/v2\/media\/67268"}],"wp:attachment":[{"href":"https:\/\/www.hoymercedes.com.ar\/principal\/wp-json\/wp\/v2\/media?parent=67267"}],"wp:term":[{"taxonomy":"category","embeddable":true,"href":"https:\/\/www.hoymercedes.com.ar\/principal\/wp-json\/wp\/v2\/categories?post=67267"},{"taxonomy":"post_tag","embeddable":true,"href":"https:\/\/www.hoymercedes.com.ar\/principal\/wp-json\/wp\/v2\/tags?post=67267"}],"curies":[{"name":"wp","href":"https:\/\/api.w.org\/{rel}","templated":true}]}}