{"id":67271,"date":"2017-09-17T21:29:51","date_gmt":"2017-09-18T00:29:51","guid":{"rendered":"http:\/\/www.hoymercedes.com.ar\/principal\/?p=67271"},"modified":"2017-09-17T19:34:22","modified_gmt":"2017-09-17T22:34:22","slug":"la-cem-premio-el-puesto-de-venta-de-jose-canessa","status":"publish","type":"post","link":"https:\/\/www.hoymercedes.com.ar\/principal\/2017\/09\/17\/la-cem-premio-el-puesto-de-venta-de-jose-canessa\/","title":{"rendered":"La CEM premi\u00f3 el puesto de venta de Jos\u00e9 Canessa"},"content":{"rendered":"<p>En el marco de la <a href=\"https:\/\/www.hoymercedes.com.ar\/principal\/2017\/09\/17\/sergio-boccardo-y-dario-taramasco-volvieron-a-ganar-a-la-mejor-produccion\/\" target=\"_blank\" rel=\"noopener\">43\u00b0 Fiesta Nacional del Salame Quintero<\/a> que organizan los productores del chacinado que caracteriza a nuestra ciudad y la Municipalidad de Mercedes, la C\u00e1mara Econ\u00f3mica Mercedina premi\u00f3 el mejor puesto de venta entre los productores de salame quintero.<\/p>\n<p>Minutos antes de conocerse el ganador a la mejor producci\u00f3n, el presidente actual de la CEM, Juan Carlos Cardinale, acompa\u00f1ado del Gerente Ariel Pietrucha, le entregaron el premio a \u201cViejas Quintas\u201d de Jos\u00e9 Canessa.<\/p>\n<p>Dicho puesto se encontraba dentro de la carpa de productores en uno de los extremos decorado con objetos representativos de la producci\u00f3n de chacinados y de la familia de amplia trayectoria en la elaboraci\u00f3n de salame quintero.<\/p>\n<p><img loading=\"lazy\" decoding=\"async\" data-attachment-id=\"67272\" data-permalink=\"https:\/\/www.hoymercedes.com.ar\/principal\/2017\/09\/17\/la-cem-premio-el-puesto-de-venta-de-jose-canessa\/17-mejor-stand-salame-quintero\/#main\" data-orig-file=\"https:\/\/www.hoymercedes.com.ar\/principal\/wp-content\/uploads\/2017\/09\/17-mejor-stand-salame-quintero.jpg\" data-orig-size=\"630,403\" data-comments-opened=\"0\" data-image-meta=\"{&quot;aperture&quot;:&quot;4&quot;,&quot;credit&quot;:&quot;SEBASTIANAMBROSSIO&quot;,&quot;camera&quot;:&quot;NIKON D5&quot;,&quot;caption&quot;:&quot;&quot;,&quot;created_timestamp&quot;:&quot;1505665186&quot;,&quot;copyright&quot;:&quot;SebastianAmbrossio&quot;,&quot;focal_length&quot;:&quot;70&quot;,&quot;iso&quot;:&quot;400&quot;,&quot;shutter_speed&quot;:&quot;0.00125&quot;,&quot;title&quot;:&quot;&quot;,&quot;orientation&quot;:&quot;0&quot;}\" data-image-title=\"17 mejor stand salame quintero\" data-image-description=\"\" data-image-caption=\"\" data-large-file=\"https:\/\/www.hoymercedes.com.ar\/principal\/wp-content\/uploads\/2017\/09\/17-mejor-stand-salame-quintero.jpg\" class=\"aligncenter size-medium wp-image-67272\" src=\"https:\/\/www.hoymercedes.com.ar\/principal\/wp-content\/uploads\/2017\/09\/17-mejor-stand-salame-quintero-630x403.jpg\" alt=\"\" width=\"630\" height=\"403\" srcset=\"https:\/\/www.hoymercedes.com.ar\/principal\/wp-content\/uploads\/2017\/09\/17-mejor-stand-salame-quintero.jpg 630w, https:\/\/www.hoymercedes.com.ar\/principal\/wp-content\/uploads\/2017\/09\/17-mejor-stand-salame-quintero-150x96.jpg 150w\" sizes=\"auto, (max-width: 630px) 100vw, 630px\" \/><\/p>\n","protected":false},"excerpt":{"rendered":"<p>En el marco de la 43\u00b0 Fiesta Nacional del Salame Quintero que organizan los productores del chacinado que caracteriza a &#8230; <a title=\"La CEM premi\u00f3 el puesto de venta de Jos\u00e9 Canessa\" class=\"read-more\" href=\"https:\/\/www.hoymercedes.com.ar\/principal\/2017\/09\/17\/la-cem-premio-el-puesto-de-venta-de-jose-canessa\/\" aria-label=\"Leer m\u00e1s sobre La CEM premi\u00f3 el puesto de venta de Jos\u00e9 Canessa\">Leer m\u00e1s<\/a><\/p>\n","protected":false},"author":1,"featured_media":67272,"comment_status":"closed","ping_status":"open","sticky":false,"template":"","format":"standard","meta":{"_monsterinsights_skip_tracking":false,"_monsterinsights_sitenote_active":false,"_monsterinsights_sitenote_note":"","_monsterinsights_sitenote_category":0,"jetpack_post_was_ever_published":false,"_jetpack_newsletter_access":"","_jetpack_dont_email_post_to_subs":false,"_jetpack_newsletter_tier_id":0,"_jetpack_memberships_contains_paywalled_content":false,"_jetpack_memberships_contains_paid_content":false,"footnotes":"","jetpack_publicize_message":"","jetpack_publicize_feature_enabled":true,"jetpack_social_post_already_shared":true,"jetpack_social_options":{"image_generator_settings":{"template":"highway","default_image_id":0,"font":"","enabled":false},"version":2},"_wpas_customize_per_network":false},"categories":[104,8],"tags":[267,682,7805,11894,1169],"class_list":["post-67271","post","type-post","status-publish","format-standard","has-post-thumbnail","hentry","category-cultura","category-sociedad","tag-camara-economica-mercedina","tag-cem","tag-cultura","tag-mejor-puesto","tag-salame-quintero","generate-columns","tablet-grid-50","mobile-grid-100","grid-parent","grid-50"],"jetpack_publicize_connections":[],"jetpack_featured_media_url":"https:\/\/www.hoymercedes.com.ar\/principal\/wp-content\/uploads\/2017\/09\/17-mejor-stand-salame-quintero.jpg","wps_subtitle":"En la 43\u00b0 Fiesta del Salame Quintero","jetpack_sharing_enabled":true,"_links":{"self":[{"href":"https:\/\/www.hoymercedes.com.ar\/principal\/wp-json\/wp\/v2\/posts\/67271","targetHints":{"allow":["GET"]}}],"collection":[{"href":"https:\/\/www.hoymercedes.com.ar\/principal\/wp-json\/wp\/v2\/posts"}],"about":[{"href":"https:\/\/www.hoymercedes.com.ar\/principal\/wp-json\/wp\/v2\/types\/post"}],"author":[{"embeddable":true,"href":"https:\/\/www.hoymercedes.com.ar\/principal\/wp-json\/wp\/v2\/users\/1"}],"replies":[{"embeddable":true,"href":"https:\/\/www.hoymercedes.com.ar\/principal\/wp-json\/wp\/v2\/comments?post=67271"}],"version-history":[{"count":0,"href":"https:\/\/www.hoymercedes.com.ar\/principal\/wp-json\/wp\/v2\/posts\/67271\/revisions"}],"wp:featuredmedia":[{"embeddable":true,"href":"https:\/\/www.hoymercedes.com.ar\/principal\/wp-json\/wp\/v2\/media\/67272"}],"wp:attachment":[{"href":"https:\/\/www.hoymercedes.com.ar\/principal\/wp-json\/wp\/v2\/media?parent=67271"}],"wp:term":[{"taxonomy":"category","embeddable":true,"href":"https:\/\/www.hoymercedes.com.ar\/principal\/wp-json\/wp\/v2\/categories?post=67271"},{"taxonomy":"post_tag","embeddable":true,"href":"https:\/\/www.hoymercedes.com.ar\/principal\/wp-json\/wp\/v2\/tags?post=67271"}],"curies":[{"name":"wp","href":"https:\/\/api.w.org\/{rel}","templated":true}]}}