{"id":67282,"date":"2017-09-18T00:53:32","date_gmt":"2017-09-18T03:53:32","guid":{"rendered":"http:\/\/www.hoymercedes.com.ar\/principal\/?p=67282"},"modified":"2017-09-18T21:19:28","modified_gmt":"2017-09-19T00:19:28","slug":"amefip-san-martin-es-el-unico-lider-de-la-primera-division","status":"publish","type":"post","link":"https:\/\/www.hoymercedes.com.ar\/principal\/2017\/09\/18\/amefip-san-martin-es-el-unico-lider-de-la-primera-division\/","title":{"rendered":"AMEFIP San Mart\u00edn es el \u00fanico l\u00edder de la Primera Divisi\u00f3n"},"content":{"rendered":"<p><em><strong>Justamente ser\u00e1 Juventud de Suipacha al \u00fanico que no pudo vencer (hasta el momento) el Barrio San Mart\u00edn en etapa regular del torneo de Primera Divisi\u00f3n de la Liga Mercedina de F\u00fatbol. En la s\u00e9ptima del Apertura, el Lechero lo venci\u00f3 por 2 a 1, siendo esta la \u00faltima derrota de los de Camargo y Rementer\u00eda en el campeonato y este domingo, en cancha de la Liga Mercedina, sobre la hora, Lucas P\u00e9rez Zunino puso el empate para que AMEFIP quede como \u00fanico l\u00edder, pero no tan lejos del resto. El gol del \u00abBarrio\u00bb, lo hizo Mauro Sigona.<\/strong><\/em><\/p>\n<p><img loading=\"lazy\" decoding=\"async\" data-attachment-id=\"67286\" data-permalink=\"https:\/\/www.hoymercedes.com.ar\/principal\/2017\/09\/18\/amefip-san-martin-es-el-unico-lider-de-la-primera-division\/dscn9816\/#main\" data-orig-file=\"https:\/\/www.hoymercedes.com.ar\/principal\/wp-content\/uploads\/2017\/09\/DSCN9816.jpg\" data-orig-size=\"650,487\" data-comments-opened=\"0\" data-image-meta=\"{&quot;aperture&quot;:&quot;5.4&quot;,&quot;credit&quot;:&quot;&quot;,&quot;camera&quot;:&quot;COOLPIX L310&quot;,&quot;caption&quot;:&quot;&quot;,&quot;created_timestamp&quot;:&quot;1505662048&quot;,&quot;copyright&quot;:&quot;&quot;,&quot;focal_length&quot;:&quot;39.7&quot;,&quot;iso&quot;:&quot;80&quot;,&quot;shutter_speed&quot;:&quot;0.002&quot;,&quot;title&quot;:&quot;&quot;,&quot;orientation&quot;:&quot;1&quot;}\" data-image-title=\"DSCN9816\" data-image-description=\"\" data-image-caption=\"\" data-large-file=\"https:\/\/www.hoymercedes.com.ar\/principal\/wp-content\/uploads\/2017\/09\/DSCN9816.jpg\" class=\"aligncenter size-medium wp-image-67286\" src=\"https:\/\/www.hoymercedes.com.ar\/principal\/wp-content\/uploads\/2017\/09\/DSCN9816-630x472.jpg\" alt=\"\" width=\"630\" height=\"472\" srcset=\"https:\/\/www.hoymercedes.com.ar\/principal\/wp-content\/uploads\/2017\/09\/DSCN9816-630x472.jpg 630w, https:\/\/www.hoymercedes.com.ar\/principal\/wp-content\/uploads\/2017\/09\/DSCN9816-150x112.jpg 150w, https:\/\/www.hoymercedes.com.ar\/principal\/wp-content\/uploads\/2017\/09\/DSCN9816.jpg 650w\" sizes=\"auto, (max-width: 630px) 100vw, 630px\" \/><\/p>\n<p>Luego, se jug\u00f3 el encuentro de otros dos que van a dar pelea en el torneo, Atl\u00e9tico Marcos Paz y Palometas quisieron aprovechar el resultado anterior, fundamentalmente los verdiblancos, que de ganar quedaban a un s\u00f3lo punto, pero el Granate volvi\u00f3 a dar otra sorpresa y se termin\u00f3 quedando con el partido por 3 a 2.<\/p>\n<p>En Suipacha, Costa Brava sigue sin levantar cabeza y Defensores en plena remontada, tras las tres derrotas al hilo del inicio y con la victoria por 2 a 0 lleva cuatro sin perder. Este lunes por la noche se completa la fecha con los 45 minutos finales entre Club Mercedes y Ateneo, partido que va ganando el blanquinegro por 3 a 0.<\/p>\n<p><img loading=\"lazy\" decoding=\"async\" data-attachment-id=\"67287\" data-permalink=\"https:\/\/www.hoymercedes.com.ar\/principal\/2017\/09\/18\/amefip-san-martin-es-el-unico-lider-de-la-primera-division\/dscn9819\/#main\" data-orig-file=\"https:\/\/www.hoymercedes.com.ar\/principal\/wp-content\/uploads\/2017\/09\/DSCN9819.jpg\" data-orig-size=\"650,487\" data-comments-opened=\"0\" data-image-meta=\"{&quot;aperture&quot;:&quot;3.5&quot;,&quot;credit&quot;:&quot;&quot;,&quot;camera&quot;:&quot;COOLPIX L310&quot;,&quot;caption&quot;:&quot;&quot;,&quot;created_timestamp&quot;:&quot;1505662981&quot;,&quot;copyright&quot;:&quot;&quot;,&quot;focal_length&quot;:&quot;7.3&quot;,&quot;iso&quot;:&quot;80&quot;,&quot;shutter_speed&quot;:&quot;0.00125&quot;,&quot;title&quot;:&quot;&quot;,&quot;orientation&quot;:&quot;1&quot;}\" data-image-title=\"DSCN9819\" data-image-description=\"\" data-image-caption=\"\" data-large-file=\"https:\/\/www.hoymercedes.com.ar\/principal\/wp-content\/uploads\/2017\/09\/DSCN9819.jpg\" class=\"aligncenter size-medium wp-image-67287\" src=\"https:\/\/www.hoymercedes.com.ar\/principal\/wp-content\/uploads\/2017\/09\/DSCN9819-630x472.jpg\" alt=\"\" width=\"630\" height=\"472\" srcset=\"https:\/\/www.hoymercedes.com.ar\/principal\/wp-content\/uploads\/2017\/09\/DSCN9819-630x472.jpg 630w, https:\/\/www.hoymercedes.com.ar\/principal\/wp-content\/uploads\/2017\/09\/DSCN9819-150x112.jpg 150w, https:\/\/www.hoymercedes.com.ar\/principal\/wp-content\/uploads\/2017\/09\/DSCN9819.jpg 650w\" sizes=\"auto, (max-width: 630px) 100vw, 630px\" \/><\/p>\n<table width=\"676\">\n<tbody>\n<tr>\n<td width=\"108\">Fecha 7<\/td>\n<td width=\"14\"><\/td>\n<td width=\"554\"><\/td>\n<\/tr>\n<tr>\n<td>V\u00e9lez<\/td>\n<td>5<\/td>\n<td>Lucas Alfonso, Franco Vivas (2) y Facundo Ballesteros (2)<\/td>\n<\/tr>\n<tr>\n<td>El Tim\u00f3n<\/td>\n<td>3<\/td>\n<td>Juan Manuel Lagrecca (2) y Enzo Mazzochi<\/td>\n<\/tr>\n<tr>\n<td><\/td>\n<td><\/td>\n<td><\/td>\n<\/tr>\n<tr>\n<td>Quilmes<\/td>\n<td>1<\/td>\n<td>Mariano Ramos<\/td>\n<\/tr>\n<tr>\n<td>El Front\u00f3n<\/td>\n<td>3<\/td>\n<td>Alejandro Morada, Oscar Zapata, Carlos Scheffer<\/td>\n<\/tr>\n<tr>\n<td><\/td>\n<td><\/td>\n<td><\/td>\n<\/tr>\n<tr>\n<td>Estudiantes<\/td>\n<td>3<\/td>\n<td>\u00c1ngel Calder\u00f3n, Washington Balmaceda y Oscar Morales (e\/c)<\/td>\n<\/tr>\n<tr>\n<td>Comunicaciones<\/td>\n<td>1<\/td>\n<td>Diego S\u00e1nchez<\/td>\n<\/tr>\n<tr>\n<td><\/td>\n<td><\/td>\n<td><\/td>\n<\/tr>\n<tr>\n<td>Trocha<\/td>\n<td>2<\/td>\n<td>Rodrigo Di Mateo y Lucas Jaime<\/td>\n<\/tr>\n<tr>\n<td>Pabell\u00f3n<\/td>\n<td>0<\/td>\n<td><\/td>\n<\/tr>\n<tr>\n<td><\/td>\n<td><\/td>\n<td><\/td>\n<\/tr>\n<tr>\n<td>AMEFIP<\/td>\n<td>1<\/td>\n<td>Mauro Sigona<\/td>\n<\/tr>\n<tr>\n<td>Juventud<\/td>\n<td>1<\/td>\n<td>Lucas Perez Zunino<\/td>\n<\/tr>\n<tr>\n<td><\/td>\n<td><\/td>\n<td><\/td>\n<\/tr>\n<tr>\n<td>Palometas<\/td>\n<td>3<\/td>\n<td>Agust\u00edn P\u00f3rfido (2) y Facundo Pinto<\/td>\n<\/tr>\n<tr>\n<td>Atl. MP<\/td>\n<td>2<\/td>\n<td>Juan Achucarro y Gast\u00f3n Lucano<\/td>\n<\/tr>\n<tr>\n<td><\/td>\n<td><\/td>\n<td><\/td>\n<\/tr>\n<tr>\n<td>Costa Brava<\/td>\n<td>0<\/td>\n<td><\/td>\n<\/tr>\n<tr>\n<td>Defensores<\/td>\n<td>2<\/td>\n<td>Dami\u00e1n Acu\u00f1a y Lucas Rovito<\/td>\n<\/tr>\n<\/tbody>\n<\/table>\n<p><img loading=\"lazy\" decoding=\"async\" data-attachment-id=\"67283\" data-permalink=\"https:\/\/www.hoymercedes.com.ar\/principal\/2017\/09\/18\/amefip-san-martin-es-el-unico-lider-de-la-primera-division\/primera-85\/#main\" data-orig-file=\"https:\/\/www.hoymercedes.com.ar\/principal\/wp-content\/uploads\/2017\/09\/Primera-5.png\" data-orig-size=\"488,385\" data-comments-opened=\"0\" data-image-meta=\"{&quot;aperture&quot;:&quot;0&quot;,&quot;credit&quot;:&quot;&quot;,&quot;camera&quot;:&quot;&quot;,&quot;caption&quot;:&quot;&quot;,&quot;created_timestamp&quot;:&quot;0&quot;,&quot;copyright&quot;:&quot;&quot;,&quot;focal_length&quot;:&quot;0&quot;,&quot;iso&quot;:&quot;0&quot;,&quot;shutter_speed&quot;:&quot;0&quot;,&quot;title&quot;:&quot;&quot;,&quot;orientation&quot;:&quot;0&quot;}\" data-image-title=\"Primera\" data-image-description=\"\" data-image-caption=\"\" data-large-file=\"https:\/\/www.hoymercedes.com.ar\/principal\/wp-content\/uploads\/2017\/09\/Primera-5.png\" class=\"aligncenter size-full wp-image-67283\" src=\"https:\/\/www.hoymercedes.com.ar\/principal\/wp-content\/uploads\/2017\/09\/Primera-5.png\" alt=\"\" width=\"488\" height=\"385\" srcset=\"https:\/\/www.hoymercedes.com.ar\/principal\/wp-content\/uploads\/2017\/09\/Primera-5.png 488w, https:\/\/www.hoymercedes.com.ar\/principal\/wp-content\/uploads\/2017\/09\/Primera-5-150x118.png 150w\" sizes=\"auto, (max-width: 488px) 100vw, 488px\" \/> <img loading=\"lazy\" decoding=\"async\" data-attachment-id=\"67284\" data-permalink=\"https:\/\/www.hoymercedes.com.ar\/principal\/2017\/09\/18\/amefip-san-martin-es-el-unico-lider-de-la-primera-division\/general-33\/#main\" data-orig-file=\"https:\/\/www.hoymercedes.com.ar\/principal\/wp-content\/uploads\/2017\/09\/General-5.png\" data-orig-size=\"467,405\" data-comments-opened=\"0\" data-image-meta=\"{&quot;aperture&quot;:&quot;0&quot;,&quot;credit&quot;:&quot;&quot;,&quot;camera&quot;:&quot;&quot;,&quot;caption&quot;:&quot;&quot;,&quot;created_timestamp&quot;:&quot;0&quot;,&quot;copyright&quot;:&quot;&quot;,&quot;focal_length&quot;:&quot;0&quot;,&quot;iso&quot;:&quot;0&quot;,&quot;shutter_speed&quot;:&quot;0&quot;,&quot;title&quot;:&quot;&quot;,&quot;orientation&quot;:&quot;0&quot;}\" data-image-title=\"General\" data-image-description=\"\" data-image-caption=\"\" data-large-file=\"https:\/\/www.hoymercedes.com.ar\/principal\/wp-content\/uploads\/2017\/09\/General-5.png\" class=\"aligncenter size-medium wp-image-67284\" src=\"https:\/\/www.hoymercedes.com.ar\/principal\/wp-content\/uploads\/2017\/09\/General-5.png\" alt=\"\" width=\"467\" height=\"405\" srcset=\"https:\/\/www.hoymercedes.com.ar\/principal\/wp-content\/uploads\/2017\/09\/General-5.png 467w, https:\/\/www.hoymercedes.com.ar\/principal\/wp-content\/uploads\/2017\/09\/General-5-150x130.png 150w\" sizes=\"auto, (max-width: 467px) 100vw, 467px\" \/> <img loading=\"lazy\" decoding=\"async\" data-attachment-id=\"67285\" data-permalink=\"https:\/\/www.hoymercedes.com.ar\/principal\/2017\/09\/18\/amefip-san-martin-es-el-unico-lider-de-la-primera-division\/goleadores-primera-40\/#main\" data-orig-file=\"https:\/\/www.hoymercedes.com.ar\/principal\/wp-content\/uploads\/2017\/09\/Goleadores-Primera-5.png\" data-orig-size=\"325,489\" data-comments-opened=\"0\" data-image-meta=\"{&quot;aperture&quot;:&quot;0&quot;,&quot;credit&quot;:&quot;&quot;,&quot;camera&quot;:&quot;&quot;,&quot;caption&quot;:&quot;&quot;,&quot;created_timestamp&quot;:&quot;0&quot;,&quot;copyright&quot;:&quot;&quot;,&quot;focal_length&quot;:&quot;0&quot;,&quot;iso&quot;:&quot;0&quot;,&quot;shutter_speed&quot;:&quot;0&quot;,&quot;title&quot;:&quot;&quot;,&quot;orientation&quot;:&quot;0&quot;}\" data-image-title=\"Goleadores Primera\" data-image-description=\"\" data-image-caption=\"\" data-large-file=\"https:\/\/www.hoymercedes.com.ar\/principal\/wp-content\/uploads\/2017\/09\/Goleadores-Primera-5.png\" class=\"aligncenter size-medium wp-image-67285\" src=\"https:\/\/www.hoymercedes.com.ar\/principal\/wp-content\/uploads\/2017\/09\/Goleadores-Primera-5.png\" alt=\"\" width=\"325\" height=\"489\" srcset=\"https:\/\/www.hoymercedes.com.ar\/principal\/wp-content\/uploads\/2017\/09\/Goleadores-Primera-5.png 325w, https:\/\/www.hoymercedes.com.ar\/principal\/wp-content\/uploads\/2017\/09\/Goleadores-Primera-5-100x150.png 100w\" sizes=\"auto, (max-width: 325px) 100vw, 325px\" \/><\/p>\n","protected":false},"excerpt":{"rendered":"<p>Justamente ser\u00e1 Juventud de Suipacha al \u00fanico que no pudo vencer (hasta el momento) el Barrio San Mart\u00edn en etapa &#8230; <a title=\"AMEFIP San Mart\u00edn es el \u00fanico l\u00edder de la Primera Divisi\u00f3n\" class=\"read-more\" href=\"https:\/\/www.hoymercedes.com.ar\/principal\/2017\/09\/18\/amefip-san-martin-es-el-unico-lider-de-la-primera-division\/\" aria-label=\"Leer m\u00e1s sobre AMEFIP San Mart\u00edn es el \u00fanico l\u00edder de la Primera Divisi\u00f3n\">Leer m\u00e1s<\/a><\/p>\n","protected":false},"author":1,"featured_media":67286,"comment_status":"closed","ping_status":"open","sticky":false,"template":"","format":"standard","meta":{"_monsterinsights_skip_tracking":false,"_monsterinsights_sitenote_active":false,"_monsterinsights_sitenote_note":"","_monsterinsights_sitenote_category":0,"jetpack_post_was_ever_published":false,"_jetpack_newsletter_access":"","_jetpack_dont_email_post_to_subs":false,"_jetpack_newsletter_tier_id":0,"_jetpack_memberships_contains_paywalled_content":false,"_jetpack_memberships_contains_paid_content":false,"footnotes":"","jetpack_publicize_message":"","jetpack_publicize_feature_enabled":true,"jetpack_social_post_already_shared":true,"jetpack_social_options":{"image_generator_settings":{"template":"highway","default_image_id":0,"font":"","enabled":false},"version":2},"_wpas_customize_per_network":false},"categories":[21],"tags":[11896,1003,1901,8982],"class_list":["post-67282","post","type-post","status-publish","format-standard","has-post-thumbnail","hentry","category-deportes","tag-amefip-san-martin","tag-futbol","tag-liga-mercedina","tag-primera","generate-columns","tablet-grid-50","mobile-grid-100","grid-parent","grid-50"],"jetpack_publicize_connections":[],"jetpack_featured_media_url":"https:\/\/www.hoymercedes.com.ar\/principal\/wp-content\/uploads\/2017\/09\/DSCN9816.jpg","wps_subtitle":"Liga Mercedina","jetpack_sharing_enabled":true,"_links":{"self":[{"href":"https:\/\/www.hoymercedes.com.ar\/principal\/wp-json\/wp\/v2\/posts\/67282","targetHints":{"allow":["GET"]}}],"collection":[{"href":"https:\/\/www.hoymercedes.com.ar\/principal\/wp-json\/wp\/v2\/posts"}],"about":[{"href":"https:\/\/www.hoymercedes.com.ar\/principal\/wp-json\/wp\/v2\/types\/post"}],"author":[{"embeddable":true,"href":"https:\/\/www.hoymercedes.com.ar\/principal\/wp-json\/wp\/v2\/users\/1"}],"replies":[{"embeddable":true,"href":"https:\/\/www.hoymercedes.com.ar\/principal\/wp-json\/wp\/v2\/comments?post=67282"}],"version-history":[{"count":0,"href":"https:\/\/www.hoymercedes.com.ar\/principal\/wp-json\/wp\/v2\/posts\/67282\/revisions"}],"wp:featuredmedia":[{"embeddable":true,"href":"https:\/\/www.hoymercedes.com.ar\/principal\/wp-json\/wp\/v2\/media\/67286"}],"wp:attachment":[{"href":"https:\/\/www.hoymercedes.com.ar\/principal\/wp-json\/wp\/v2\/media?parent=67282"}],"wp:term":[{"taxonomy":"category","embeddable":true,"href":"https:\/\/www.hoymercedes.com.ar\/principal\/wp-json\/wp\/v2\/categories?post=67282"},{"taxonomy":"post_tag","embeddable":true,"href":"https:\/\/www.hoymercedes.com.ar\/principal\/wp-json\/wp\/v2\/tags?post=67282"}],"curies":[{"name":"wp","href":"https:\/\/api.w.org\/{rel}","templated":true}]}}