{"id":67289,"date":"2017-09-18T07:53:59","date_gmt":"2017-09-18T10:53:59","guid":{"rendered":"http:\/\/www.hoymercedes.com.ar\/principal\/?p=67289"},"modified":"2017-09-18T21:20:02","modified_gmt":"2017-09-19T00:20:02","slug":"son-seis-los-equipos-que-se-escaparon-en-reserva","status":"publish","type":"post","link":"https:\/\/www.hoymercedes.com.ar\/principal\/2017\/09\/18\/son-seis-los-equipos-que-se-escaparon-en-reserva\/","title":{"rendered":"Son seis los equipos que se escaparon en Reserva"},"content":{"rendered":"<p>Entre el partido pendiente que se jug\u00f3 en la semana entre AMEFIP Barrio San Mart\u00edn y El Tim\u00f3n, con victoria para el barrio por 3 a 0, y lo que se jug\u00f3 entre s\u00e1bado y domingo, quedaron dos equipos por grupo cortados en la pelea por los cuatro clasificados a las semifinales, aunque todav\u00eda no se lleg\u00f3 a jugar la mitad del campeonato. \u00c9sta es la s\u00edntesis de lo disputado.<\/p>\n<table width=\"676\">\n<tbody>\n<tr>\n<td width=\"108\">Fecha 7<\/td>\n<td width=\"14\"><\/td>\n<td width=\"554\"><\/td>\n<\/tr>\n<tr>\n<td>V\u00e9lez<\/td>\n<td>2<\/td>\n<td>Fabi\u00e1n Guti\u00e9rrez y Agust\u00edn Cuello<\/td>\n<\/tr>\n<tr>\n<td>El Tim\u00f3n<\/td>\n<td>1<\/td>\n<td>Federico Monz\u00f3n<\/td>\n<\/tr>\n<tr>\n<td><\/td>\n<td><\/td>\n<td><\/td>\n<\/tr>\n<tr>\n<td>Quilmes<\/td>\n<td>1<\/td>\n<td>Joaqu\u00edn Dabove<\/td>\n<\/tr>\n<tr>\n<td>El Front\u00f3n<\/td>\n<td>3<\/td>\n<td>Sergio G\u00f3mez (2) y Pablo Guida<\/td>\n<\/tr>\n<tr>\n<td><\/td>\n<td><\/td>\n<td><\/td>\n<\/tr>\n<tr>\n<td>Estudiantes<\/td>\n<td>2<\/td>\n<td>Jonatan Niz y Eduardo Zapata<\/td>\n<\/tr>\n<tr>\n<td>Comunicaciones<\/td>\n<td>0<\/td>\n<td><\/td>\n<\/tr>\n<tr>\n<td><\/td>\n<td><\/td>\n<td><\/td>\n<\/tr>\n<tr>\n<td>Trocha<\/td>\n<td>0<\/td>\n<td><\/td>\n<\/tr>\n<tr>\n<td>Pabell\u00f3n<\/td>\n<td>1<\/td>\n<td>Franco Monz\u00f3n<\/td>\n<\/tr>\n<tr>\n<td><\/td>\n<td><\/td>\n<td><\/td>\n<\/tr>\n<tr>\n<td>Palometas<\/td>\n<td>0<\/td>\n<td><\/td>\n<\/tr>\n<tr>\n<td>Atl. MP<\/td>\n<td>3<\/td>\n<td>Tom\u00e1s Gallo, Alexis Rocha y V\u00edctor Ruiz<\/td>\n<\/tr>\n<tr>\n<td><\/td>\n<td><\/td>\n<td><\/td>\n<\/tr>\n<tr>\n<td>Costa Brava<\/td>\n<td>2<\/td>\n<td>Mat\u00edas G\u00f3mez y Jorge Melo<\/td>\n<\/tr>\n<tr>\n<td>Defensores<\/td>\n<td>1<\/td>\n<td>Gorosito<\/td>\n<\/tr>\n<tr>\n<td><\/td>\n<td><\/td>\n<td><\/td>\n<\/tr>\n<tr>\n<td>Ateneo<\/td>\n<td>4<\/td>\n<td>Ger\u00f3nimo Puricelli (2), Enzo Spoturno y Nicol\u00e1s P\u00e9rez<\/td>\n<\/tr>\n<tr>\n<td>Mercedes<\/td>\n<td>1<\/td>\n<td>Bautista Neira<\/td>\n<\/tr>\n<\/tbody>\n<\/table>\n<p>&nbsp;<\/p>\n<p><img loading=\"lazy\" decoding=\"async\" data-attachment-id=\"67290\" data-permalink=\"https:\/\/www.hoymercedes.com.ar\/principal\/2017\/09\/18\/son-seis-los-equipos-que-se-escaparon-en-reserva\/pos-reserva-33\/#main\" data-orig-file=\"https:\/\/www.hoymercedes.com.ar\/principal\/wp-content\/uploads\/2017\/09\/Pos-Reserva-3.png\" data-orig-size=\"488,597\" data-comments-opened=\"0\" data-image-meta=\"{&quot;aperture&quot;:&quot;0&quot;,&quot;credit&quot;:&quot;&quot;,&quot;camera&quot;:&quot;&quot;,&quot;caption&quot;:&quot;&quot;,&quot;created_timestamp&quot;:&quot;0&quot;,&quot;copyright&quot;:&quot;&quot;,&quot;focal_length&quot;:&quot;0&quot;,&quot;iso&quot;:&quot;0&quot;,&quot;shutter_speed&quot;:&quot;0&quot;,&quot;title&quot;:&quot;&quot;,&quot;orientation&quot;:&quot;0&quot;}\" data-image-title=\"Pos Reserva\" data-image-description=\"\" data-image-caption=\"\" data-large-file=\"https:\/\/www.hoymercedes.com.ar\/principal\/wp-content\/uploads\/2017\/09\/Pos-Reserva-3.png\" class=\"aligncenter size-full wp-image-67290\" src=\"https:\/\/www.hoymercedes.com.ar\/principal\/wp-content\/uploads\/2017\/09\/Pos-Reserva-3.png\" alt=\"\" width=\"488\" height=\"597\" srcset=\"https:\/\/www.hoymercedes.com.ar\/principal\/wp-content\/uploads\/2017\/09\/Pos-Reserva-3.png 488w, https:\/\/www.hoymercedes.com.ar\/principal\/wp-content\/uploads\/2017\/09\/Pos-Reserva-3-123x150.png 123w\" sizes=\"auto, (max-width: 488px) 100vw, 488px\" \/> <img loading=\"lazy\" decoding=\"async\" data-attachment-id=\"67291\" data-permalink=\"https:\/\/www.hoymercedes.com.ar\/principal\/2017\/09\/18\/son-seis-los-equipos-que-se-escaparon-en-reserva\/goles-reserva-31\/#main\" data-orig-file=\"https:\/\/www.hoymercedes.com.ar\/principal\/wp-content\/uploads\/2017\/09\/Goles-Reserva-3.png\" data-orig-size=\"313,427\" data-comments-opened=\"0\" data-image-meta=\"{&quot;aperture&quot;:&quot;0&quot;,&quot;credit&quot;:&quot;&quot;,&quot;camera&quot;:&quot;&quot;,&quot;caption&quot;:&quot;&quot;,&quot;created_timestamp&quot;:&quot;0&quot;,&quot;copyright&quot;:&quot;&quot;,&quot;focal_length&quot;:&quot;0&quot;,&quot;iso&quot;:&quot;0&quot;,&quot;shutter_speed&quot;:&quot;0&quot;,&quot;title&quot;:&quot;&quot;,&quot;orientation&quot;:&quot;0&quot;}\" data-image-title=\"Goles Reserva\" data-image-description=\"\" data-image-caption=\"\" data-large-file=\"https:\/\/www.hoymercedes.com.ar\/principal\/wp-content\/uploads\/2017\/09\/Goles-Reserva-3.png\" class=\"aligncenter size-medium wp-image-67291\" src=\"https:\/\/www.hoymercedes.com.ar\/principal\/wp-content\/uploads\/2017\/09\/Goles-Reserva-3.png\" alt=\"\" width=\"313\" height=\"427\" srcset=\"https:\/\/www.hoymercedes.com.ar\/principal\/wp-content\/uploads\/2017\/09\/Goles-Reserva-3.png 313w, https:\/\/www.hoymercedes.com.ar\/principal\/wp-content\/uploads\/2017\/09\/Goles-Reserva-3-110x150.png 110w\" sizes=\"auto, (max-width: 313px) 100vw, 313px\" \/><\/p>\n","protected":false},"excerpt":{"rendered":"<p>Entre el partido pendiente que se jug\u00f3 en la semana entre AMEFIP Barrio San Mart\u00edn y El Tim\u00f3n, con victoria &#8230; <a title=\"Son seis los equipos que se escaparon en Reserva\" class=\"read-more\" href=\"https:\/\/www.hoymercedes.com.ar\/principal\/2017\/09\/18\/son-seis-los-equipos-que-se-escaparon-en-reserva\/\" aria-label=\"Leer m\u00e1s sobre Son seis los equipos que se escaparon en Reserva\">Leer m\u00e1s<\/a><\/p>\n","protected":false},"author":1,"featured_media":67290,"comment_status":"closed","ping_status":"open","sticky":false,"template":"","format":"standard","meta":{"_monsterinsights_skip_tracking":false,"_monsterinsights_sitenote_active":false,"_monsterinsights_sitenote_note":"","_monsterinsights_sitenote_category":0,"jetpack_post_was_ever_published":false,"_jetpack_newsletter_access":"","_jetpack_dont_email_post_to_subs":false,"_jetpack_newsletter_tier_id":0,"_jetpack_memberships_contains_paywalled_content":false,"_jetpack_memberships_contains_paid_content":false,"footnotes":"","jetpack_publicize_message":"","jetpack_publicize_feature_enabled":true,"jetpack_social_post_already_shared":true,"jetpack_social_options":{"image_generator_settings":{"template":"highway","default_image_id":0,"font":"","enabled":false},"version":2},"_wpas_customize_per_network":false},"categories":[21],"tags":[204,11897,1003,1901,10],"class_list":["post-67289","post","type-post","status-publish","format-standard","has-post-thumbnail","hentry","category-deportes","tag-deportes-2","tag-equipos","tag-futbol","tag-liga-mercedina","tag-mercedes","generate-columns","tablet-grid-50","mobile-grid-100","grid-parent","grid-50"],"jetpack_publicize_connections":[],"jetpack_featured_media_url":"https:\/\/www.hoymercedes.com.ar\/principal\/wp-content\/uploads\/2017\/09\/Pos-Reserva-3.png","wps_subtitle":"Liga Mercedina","jetpack_sharing_enabled":true,"_links":{"self":[{"href":"https:\/\/www.hoymercedes.com.ar\/principal\/wp-json\/wp\/v2\/posts\/67289","targetHints":{"allow":["GET"]}}],"collection":[{"href":"https:\/\/www.hoymercedes.com.ar\/principal\/wp-json\/wp\/v2\/posts"}],"about":[{"href":"https:\/\/www.hoymercedes.com.ar\/principal\/wp-json\/wp\/v2\/types\/post"}],"author":[{"embeddable":true,"href":"https:\/\/www.hoymercedes.com.ar\/principal\/wp-json\/wp\/v2\/users\/1"}],"replies":[{"embeddable":true,"href":"https:\/\/www.hoymercedes.com.ar\/principal\/wp-json\/wp\/v2\/comments?post=67289"}],"version-history":[{"count":0,"href":"https:\/\/www.hoymercedes.com.ar\/principal\/wp-json\/wp\/v2\/posts\/67289\/revisions"}],"wp:featuredmedia":[{"embeddable":true,"href":"https:\/\/www.hoymercedes.com.ar\/principal\/wp-json\/wp\/v2\/media\/67290"}],"wp:attachment":[{"href":"https:\/\/www.hoymercedes.com.ar\/principal\/wp-json\/wp\/v2\/media?parent=67289"}],"wp:term":[{"taxonomy":"category","embeddable":true,"href":"https:\/\/www.hoymercedes.com.ar\/principal\/wp-json\/wp\/v2\/categories?post=67289"},{"taxonomy":"post_tag","embeddable":true,"href":"https:\/\/www.hoymercedes.com.ar\/principal\/wp-json\/wp\/v2\/tags?post=67289"}],"curies":[{"name":"wp","href":"https:\/\/api.w.org\/{rel}","templated":true}]}}