{"id":67303,"date":"2017-09-19T07:11:54","date_gmt":"2017-09-19T10:11:54","guid":{"rendered":"http:\/\/www.hoymercedes.com.ar\/principal\/?p=67303"},"modified":"2017-09-18T21:15:16","modified_gmt":"2017-09-19T00:15:16","slug":"el-chino-perez-debuto-en-lujan-con-una-derrota","status":"publish","type":"post","link":"https:\/\/www.hoymercedes.com.ar\/principal\/2017\/09\/19\/el-chino-perez-debuto-en-lujan-con-una-derrota\/","title":{"rendered":"El \u00abChino\u00bb P\u00e9rez debut\u00f3 en Luj\u00e1n con una derrota"},"content":{"rendered":"<p><strong>El Civismo.<\/strong> <em><strong>Luj\u00e1n no supo aprovechar el envi\u00f3n del cl\u00e1sico. Tras el gran triunfo ante Leandro N. Alem, el equipo de Oscar Mena buscaba este mediod\u00eda seguir por la racha positiva. Sin embargo, el Lujanero jug\u00f3 mal, expuso algunas falencias futbol\u00edsticas y termin\u00f3 perdiendo frente a Dock Sud por la m\u00ednima diferencia.<\/strong><\/em><\/p>\n<p><img loading=\"lazy\" decoding=\"async\" data-attachment-id=\"67304\" data-permalink=\"https:\/\/www.hoymercedes.com.ar\/principal\/2017\/09\/19\/el-chino-perez-debuto-en-lujan-con-una-derrota\/lujan-dock-sud\/#main\" data-orig-file=\"https:\/\/www.hoymercedes.com.ar\/principal\/wp-content\/uploads\/2017\/09\/lujan-dock-sud.jpg\" data-orig-size=\"678,381\" data-comments-opened=\"0\" data-image-meta=\"{&quot;aperture&quot;:&quot;0&quot;,&quot;credit&quot;:&quot;&quot;,&quot;camera&quot;:&quot;&quot;,&quot;caption&quot;:&quot;&quot;,&quot;created_timestamp&quot;:&quot;0&quot;,&quot;copyright&quot;:&quot;&quot;,&quot;focal_length&quot;:&quot;0&quot;,&quot;iso&quot;:&quot;0&quot;,&quot;shutter_speed&quot;:&quot;0&quot;,&quot;title&quot;:&quot;&quot;,&quot;orientation&quot;:&quot;0&quot;}\" data-image-title=\"lujan dock sud\" data-image-description=\"\" data-image-caption=\"\" data-large-file=\"https:\/\/www.hoymercedes.com.ar\/principal\/wp-content\/uploads\/2017\/09\/lujan-dock-sud.jpg\" class=\"aligncenter size-medium wp-image-67304\" src=\"https:\/\/www.hoymercedes.com.ar\/principal\/wp-content\/uploads\/2017\/09\/lujan-dock-sud-630x354.jpg\" alt=\"\" width=\"630\" height=\"354\" srcset=\"https:\/\/www.hoymercedes.com.ar\/principal\/wp-content\/uploads\/2017\/09\/lujan-dock-sud-630x354.jpg 630w, https:\/\/www.hoymercedes.com.ar\/principal\/wp-content\/uploads\/2017\/09\/lujan-dock-sud-150x84.jpg 150w, https:\/\/www.hoymercedes.com.ar\/principal\/wp-content\/uploads\/2017\/09\/lujan-dock-sud.jpg 678w\" sizes=\"auto, (max-width: 630px) 100vw, 630px\" \/><\/p>\n<p>Por la baja de Lucas Chambi por una molestia, Mena defini\u00f3 el debut de Gonzalo P\u00e9rez. Aunque eso termin\u00f3 con un cambio de esquema. Porque el \u201cChino\u201d P\u00e9rez se par\u00f3 de mediapunta \/ enganche, mientras que Imanol Varela hizo la banda izquierda. Como \u00fanico centrodelantero, Andr\u00e9s Guzm\u00e1n de arranque tras el gol en el cl\u00e1sico.<\/p>\n<p>Este martes, desde las 15.30, Luj\u00e1n recibir\u00e1 en el Campo Municipal de Deportes a Argentino de Quilmes, por la cuarta fecha del torneo. Posiblemente, podr\u00e1 regresar Lucas Chambi, quien se perdi\u00f3 el partido de esta tarde por una molestia f\u00edsica.<\/p>\n<p><strong>S\u00cdNTESIS<\/strong><\/p>\n<p>Gol: PT 23m Carrizo (DS).<\/p>\n<p>Formaci\u00f3n: Mat\u00edas Lescano; Delfor Minervino, Mart\u00edn Z\u00faccaro, Luciano Monasterio y Franco Rodr\u00edguez; Gast\u00f3n S\u00e1nchez, Federico Carneiro, Joaqu\u00edn Marcos e Imanol Varela; Gonzalo P\u00e9rez y Andr\u00e9s Guzm\u00e1n. DT: Mena.<\/p>\n<p>Cambios en Luj\u00e1n: ST 7m Juan Cruz Veraborda por Varela; 20m Juan Brunetti por P\u00e9rez; 32m Maxi Torres por Minervino.<\/p>\n<p>Arbitro: Juan Ledo.<\/p>\n<p>Estadio: De los Inmigrantes.<\/p>\n","protected":false},"excerpt":{"rendered":"<p>El Civismo. Luj\u00e1n no supo aprovechar el envi\u00f3n del cl\u00e1sico. Tras el gran triunfo ante Leandro N. Alem, el equipo &#8230; <a title=\"El \u00abChino\u00bb P\u00e9rez debut\u00f3 en Luj\u00e1n con una derrota\" class=\"read-more\" href=\"https:\/\/www.hoymercedes.com.ar\/principal\/2017\/09\/19\/el-chino-perez-debuto-en-lujan-con-una-derrota\/\" aria-label=\"Leer m\u00e1s sobre El \u00abChino\u00bb P\u00e9rez debut\u00f3 en Luj\u00e1n con una derrota\">Leer m\u00e1s<\/a><\/p>\n","protected":false},"author":1,"featured_media":67304,"comment_status":"closed","ping_status":"open","sticky":false,"template":"","format":"standard","meta":{"_monsterinsights_skip_tracking":false,"_monsterinsights_sitenote_active":false,"_monsterinsights_sitenote_note":"","_monsterinsights_sitenote_category":0,"jetpack_post_was_ever_published":false,"_jetpack_newsletter_access":"","_jetpack_dont_email_post_to_subs":false,"_jetpack_newsletter_tier_id":0,"_jetpack_memberships_contains_paywalled_content":false,"_jetpack_memberships_contains_paid_content":false,"footnotes":"","jetpack_publicize_message":"","jetpack_publicize_feature_enabled":true,"jetpack_social_post_already_shared":true,"jetpack_social_options":{"image_generator_settings":{"template":"highway","default_image_id":0,"font":"","enabled":false},"version":2},"_wpas_customize_per_network":false},"categories":[21],"tags":[10521,204,1003,7582,10],"class_list":["post-67303","post","type-post","status-publish","format-standard","has-post-thumbnail","hentry","category-deportes","tag-chino-perez","tag-deportes-2","tag-futbol","tag-la-legion","tag-mercedes","generate-columns","tablet-grid-50","mobile-grid-100","grid-parent","grid-50"],"jetpack_publicize_connections":[],"jetpack_featured_media_url":"https:\/\/www.hoymercedes.com.ar\/principal\/wp-content\/uploads\/2017\/09\/lujan-dock-sud.jpg","wps_subtitle":"La Legi\u00f3n","jetpack_sharing_enabled":true,"_links":{"self":[{"href":"https:\/\/www.hoymercedes.com.ar\/principal\/wp-json\/wp\/v2\/posts\/67303","targetHints":{"allow":["GET"]}}],"collection":[{"href":"https:\/\/www.hoymercedes.com.ar\/principal\/wp-json\/wp\/v2\/posts"}],"about":[{"href":"https:\/\/www.hoymercedes.com.ar\/principal\/wp-json\/wp\/v2\/types\/post"}],"author":[{"embeddable":true,"href":"https:\/\/www.hoymercedes.com.ar\/principal\/wp-json\/wp\/v2\/users\/1"}],"replies":[{"embeddable":true,"href":"https:\/\/www.hoymercedes.com.ar\/principal\/wp-json\/wp\/v2\/comments?post=67303"}],"version-history":[{"count":0,"href":"https:\/\/www.hoymercedes.com.ar\/principal\/wp-json\/wp\/v2\/posts\/67303\/revisions"}],"wp:featuredmedia":[{"embeddable":true,"href":"https:\/\/www.hoymercedes.com.ar\/principal\/wp-json\/wp\/v2\/media\/67304"}],"wp:attachment":[{"href":"https:\/\/www.hoymercedes.com.ar\/principal\/wp-json\/wp\/v2\/media?parent=67303"}],"wp:term":[{"taxonomy":"category","embeddable":true,"href":"https:\/\/www.hoymercedes.com.ar\/principal\/wp-json\/wp\/v2\/categories?post=67303"},{"taxonomy":"post_tag","embeddable":true,"href":"https:\/\/www.hoymercedes.com.ar\/principal\/wp-json\/wp\/v2\/tags?post=67303"}],"curies":[{"name":"wp","href":"https:\/\/api.w.org\/{rel}","templated":true}]}}