{"id":6735,"date":"2011-08-26T15:43:08","date_gmt":"2011-08-26T15:43:08","guid":{"rendered":"http:\/\/www.hoymercedes.com.ar\/principal\/?p=6735"},"modified":"2011-08-26T15:43:08","modified_gmt":"2011-08-26T15:43:08","slug":"tras-la-victoria-de-ustarroz-en-las-primarias-la-radicacion-de-empresas-en-mercedes-es-casi-un-hecho","status":"publish","type":"post","link":"https:\/\/www.hoymercedes.com.ar\/principal\/2011\/08\/26\/tras-la-victoria-de-ustarroz-en-las-primarias-la-radicacion-de-empresas-en-mercedes-es-casi-un-hecho\/","title":{"rendered":"Tras la victoria de Ustarroz en las Primarias: La radicaci\u00f3n de empresas en Mercedes es casi un hecho"},"content":{"rendered":"<p>De cara al futuro y viendo lo que ocurri\u00f3 en Mercedes el 14 de agosto, las empresas que hace semanas hab\u00edan anunciado la radicaci\u00f3n en la ciudad si es que Juan Ustarroz es intendente, empezaron a trabajar para pensar sus instalaciones en la ciudad. Es por eso que empezaron a realizar los estudios necesarios para no perder tiempo.<\/p>\n<p>En la conferencia de prensa que dieron los CEO\u00b4s de las empresas que se quieren radicar en Mercedes, dejaron en claro que lo har\u00e1n \u201csi es que Juani\u201d asume la intendencia, debido a la transparencia que viene demostrando en su trabajo, por su compromiso y preocupaci\u00f3n y por las gestiones realizadas. Adem\u00e1s, el proyecto de ciudad industrial que tiene pensado Ustarroz es muy bien visto para los empresarios, ya que ven con muy buenos ojos poner sus plantas en el Parque Industrial mercedino por estar en una zona apta para la instalaci\u00f3n de las empresas y cerca de la Capital Federal.<\/p>\n<p>Para la ciudad ser\u00e1 muy beneficioso que estas empresas se radiquen, ya que, desde su comienzo de construcci\u00f3n de las plantas, empezar\u00e1n a generar trabajo genuino y tambi\u00e9n habr\u00e1 trabajo calificado, ya que ser\u00e1 necesario tomar profesionales en estas industrias.<\/p>\n<p>Adem\u00e1s, se deber\u00e1 invertir mucho dinero en cada empresa, que se ver\u00e1 de manifiesto en la econom\u00eda local. Un claro ejemplo es el Grupo Chemo, que de entrada deber\u00e1 dejar 40 millones de d\u00f3lares para instalarse, ya que estiman que es eso lo que costar\u00e1 el armado de sus plantas.<\/p>\n<p>El Grupo Chemo es un grupo internacional de capitales argentinos dedicado al desarrollo, la producci\u00f3n y comercializaci\u00f3n de principios activos y medicamentos. Tiene participaci\u00f3n en 37 pa\u00edses y 11 plantas industriales y en Argentina particularmente est\u00e1 desarrollando varios proyectos. Uno de los que tiene en carpeta y ya con un estudio de factibilidad realizado es el que a trav\u00e9s del v\u00ednculo con Juani y su equipo de trabajo se va a realizar en Mercedes.<\/p>\n<p>La planta ocupar\u00eda a 75 personas aproximadamente y trabajar\u00e1 con el nuevo Polo Tecnol\u00f3gico y junto al Ministerio de Ciencia y Tecnolog\u00eda de la Naci\u00f3n, gracias a los subsidios que recibi\u00f3 para hacer desarrollos totalmente innovadores para Argentina.<\/p>\n<p>La empresa combina lo biol\u00f3gico y lo qu\u00edmico en el proceso para producir hormonas femeninas que tienen que ver con la anticoncepci\u00f3n. Adem\u00e1s, combinar\u00eda procesos biol\u00f3gicos de fermentaci\u00f3n con bases de aceite de soja, de ma\u00edz, por lo que se puede trabajar tambi\u00e9n con productos del agro para producir precursores hormonales que luego se purifican con solventes org\u00e1nicos.<\/p>\n<p>El Grupo Chemo se dedica a la fabricaci\u00f3n de gen\u00e9ricos y principios activos, incluyendo IBP, esteroides, macr\u00f3lidos y sartanes entre otros. Adem\u00e1s, realiza antiulcerosos, antivirales, antibi\u00f3ticos, anticonceptivos y THR (L\u00ednea Salud Femenina), antif\u00fangicos, colesterol, insomnio, asma y EPOC (L\u00ednea respiratorios). Con respecto a la industria de la farmacia, tambi\u00e9n est\u00e1 desarrollando productos en el campo de la oncolog\u00eda y los biosimilares.<\/p>\n","protected":false},"excerpt":{"rendered":"<p>De cara al futuro y viendo lo que ocurri\u00f3 en Mercedes el 14 de agosto, las empresas que hace semanas &#8230; <a title=\"Tras la victoria de Ustarroz en las Primarias: La radicaci\u00f3n de empresas en Mercedes es casi un hecho\" class=\"read-more\" href=\"https:\/\/www.hoymercedes.com.ar\/principal\/2011\/08\/26\/tras-la-victoria-de-ustarroz-en-las-primarias-la-radicacion-de-empresas-en-mercedes-es-casi-un-hecho\/\" aria-label=\"Leer m\u00e1s sobre Tras la victoria de Ustarroz en las Primarias: La radicaci\u00f3n de empresas en Mercedes es casi un hecho\">Leer m\u00e1s<\/a><\/p>\n","protected":false},"author":1,"featured_media":0,"comment_status":"open","ping_status":"open","sticky":false,"template":"","format":"standard","meta":{"_monsterinsights_skip_tracking":false,"_monsterinsights_sitenote_active":false,"_monsterinsights_sitenote_note":"","_monsterinsights_sitenote_category":0,"jetpack_post_was_ever_published":false,"_jetpack_newsletter_access":"","_jetpack_dont_email_post_to_subs":false,"_jetpack_newsletter_tier_id":0,"_jetpack_memberships_contains_paywalled_content":false,"_jetpack_memberships_contains_paid_content":false,"footnotes":"","jetpack_publicize_message":"","jetpack_publicize_feature_enabled":true,"jetpack_social_post_already_shared":false,"jetpack_social_options":{"image_generator_settings":{"template":"highway","default_image_id":0,"font":"","enabled":false},"version":2},"_wpas_customize_per_network":false},"categories":[5],"tags":[1007,424],"class_list":["post-6735","post","type-post","status-publish","format-standard","hentry","category-politica","tag-frente-mercedino","tag-ustarroz","generate-columns","tablet-grid-50","mobile-grid-100","grid-parent","grid-50"],"jetpack_publicize_connections":[],"jetpack_featured_media_url":"","wps_subtitle":"","jetpack_sharing_enabled":true,"_links":{"self":[{"href":"https:\/\/www.hoymercedes.com.ar\/principal\/wp-json\/wp\/v2\/posts\/6735","targetHints":{"allow":["GET"]}}],"collection":[{"href":"https:\/\/www.hoymercedes.com.ar\/principal\/wp-json\/wp\/v2\/posts"}],"about":[{"href":"https:\/\/www.hoymercedes.com.ar\/principal\/wp-json\/wp\/v2\/types\/post"}],"author":[{"embeddable":true,"href":"https:\/\/www.hoymercedes.com.ar\/principal\/wp-json\/wp\/v2\/users\/1"}],"replies":[{"embeddable":true,"href":"https:\/\/www.hoymercedes.com.ar\/principal\/wp-json\/wp\/v2\/comments?post=6735"}],"version-history":[{"count":0,"href":"https:\/\/www.hoymercedes.com.ar\/principal\/wp-json\/wp\/v2\/posts\/6735\/revisions"}],"wp:attachment":[{"href":"https:\/\/www.hoymercedes.com.ar\/principal\/wp-json\/wp\/v2\/media?parent=6735"}],"wp:term":[{"taxonomy":"category","embeddable":true,"href":"https:\/\/www.hoymercedes.com.ar\/principal\/wp-json\/wp\/v2\/categories?post=6735"},{"taxonomy":"post_tag","embeddable":true,"href":"https:\/\/www.hoymercedes.com.ar\/principal\/wp-json\/wp\/v2\/tags?post=6735"}],"curies":[{"name":"wp","href":"https:\/\/api.w.org\/{rel}","templated":true}]}}