{"id":67469,"date":"2017-09-21T19:00:04","date_gmt":"2017-09-21T22:00:04","guid":{"rendered":"http:\/\/www.hoymercedes.com.ar\/principal\/?p=67469"},"modified":"2017-09-21T18:24:16","modified_gmt":"2017-09-21T21:24:16","slug":"marcelo-denapole-vuelve-a-la-direccion-de-produccion","status":"publish","type":"post","link":"https:\/\/www.hoymercedes.com.ar\/principal\/2017\/09\/21\/marcelo-denapole-vuelve-a-la-direccion-de-produccion\/","title":{"rendered":"Marcelo Den\u00e1pole vuelve a la Direcci\u00f3n de Producci\u00f3n"},"content":{"rendered":"<p><em><strong>El Intendente Juan Ignacio Ustarroz confirm\u00f3 como nuevo funcionario al ex candidato a Intendente por el Frente Renovador, ingeniero agr\u00f3nomo Marcelo Den\u00e1pole. Por su parte, el abogado Sim\u00f3n Bruschi que ocupo la direcci\u00f3n de producci\u00f3n pasar\u00e1 al \u00e1rea de Legales.<\/strong><\/em><\/p>\n<p><img loading=\"lazy\" decoding=\"async\" data-attachment-id=\"67471\" data-permalink=\"https:\/\/www.hoymercedes.com.ar\/principal\/2017\/09\/21\/marcelo-denapole-vuelve-a-la-direccion-de-produccion\/21-muni-produccion-2\/#main\" data-orig-file=\"https:\/\/www.hoymercedes.com.ar\/principal\/wp-content\/uploads\/2017\/09\/21-muni-produccion-2.jpg\" data-orig-size=\"630,420\" data-comments-opened=\"0\" data-image-meta=\"{&quot;aperture&quot;:&quot;3.5&quot;,&quot;credit&quot;:&quot;&quot;,&quot;camera&quot;:&quot;NIKON D3100&quot;,&quot;caption&quot;:&quot;&quot;,&quot;created_timestamp&quot;:&quot;1505994925&quot;,&quot;copyright&quot;:&quot;&quot;,&quot;focal_length&quot;:&quot;22&quot;,&quot;iso&quot;:&quot;2800&quot;,&quot;shutter_speed&quot;:&quot;0.016666666666667&quot;,&quot;title&quot;:&quot;&quot;,&quot;orientation&quot;:&quot;1&quot;}\" data-image-title=\"21 muni produccion 2\" data-image-description=\"\" data-image-caption=\"\" data-large-file=\"https:\/\/www.hoymercedes.com.ar\/principal\/wp-content\/uploads\/2017\/09\/21-muni-produccion-2.jpg\" class=\"aligncenter size-medium wp-image-67471\" src=\"https:\/\/www.hoymercedes.com.ar\/principal\/wp-content\/uploads\/2017\/09\/21-muni-produccion-2-630x420.jpg\" alt=\"\" width=\"630\" height=\"420\" srcset=\"https:\/\/www.hoymercedes.com.ar\/principal\/wp-content\/uploads\/2017\/09\/21-muni-produccion-2.jpg 630w, https:\/\/www.hoymercedes.com.ar\/principal\/wp-content\/uploads\/2017\/09\/21-muni-produccion-2-150x100.jpg 150w, https:\/\/www.hoymercedes.com.ar\/principal\/wp-content\/uploads\/2017\/09\/21-muni-produccion-2-300x200.jpg 300w\" sizes=\"auto, (max-width: 630px) 100vw, 630px\" \/><\/p>\n<p>A trav\u00e9s de una conferencia de prensa, el Intendente Municipal Juan Ignacio Ustarroz confirm\u00f3 la inclusi\u00f3n de uno de sus ex competidores en las elecciones 2015 en su gabinete. El Ingeniero Agr\u00f3nomo Marcelo Den\u00e1pole vuelve a la cartera municipal que ocup\u00f3 entre 2003 y 2007 cuando comenz\u00f3 a ocupar una banca en el Concejo Deliberante dentro del bloque selvista hasta su candidatura como Intendente en el 2015, elecci\u00f3n en la que gan\u00f3 Ustarroz. Den\u00e1pole vuelve como Director de Producci\u00f3n.<\/p>\n<p>Se sab\u00eda del nombramiento de Den\u00e1pole, se esperaba la oficializaci\u00f3n y \u00e9sta lleg\u00f3 en horas de la ma\u00f1ana de este d\u00eda de la primavera, tal como se rumoreaba, despu\u00e9s de la Fiesta del Salame. Ustarroz, acompa\u00f1ado por Den\u00e1pole y el director saliente del \u00e1rea Sim\u00f3n Bruschi que pasar\u00e1 al \u00e1rea de Legales.<\/p>\n<p>\u201cQuiero destacar y valorar la respuesta de Marcelo Den\u00e1pole, a quien empec\u00e9 a conocer bien cuando era presidente del Concejo Deliberante. Es una persona con mucho di\u00e1logo, con gran formaci\u00f3n, y siempre hemos tenido una gran relaci\u00f3n a pesar de habernos enfrentado en las elecciones de 2015\u201d, expres\u00f3 Ustarroz al hablar del Ingeniero Agr\u00f3nomo. \u201cSiempre se mostr\u00f3 un servidor de la ciudad. Vimos la necesidad de ampliar nuestro espacio, la gesti\u00f3n, de recibir a la gente de bien y Marcelo es un hombre de bien. Su experiencia y trayectoria lo confirman\u201d, agreg\u00f3.<\/p>\n<p>Por su parte, Den\u00e1pole reconoci\u00f3 haberse sorprendido por la convocatoria. \u201cEs una apertura pol\u00edtica sin condicionamientos, esto me sorprendi\u00f3 y estoy agradecido con los conceptos que el intendente tiene sobre m\u00ed. Estoy muy conforme de poder seguir trabajando por Mercedes que es el punto m\u00e1ximo al que uno aspira, trabajar por el pueblo donde se desarrolla su familia, sus hijos. Y hacerlo con experiencia y con edad es un valor importante. Y el \u00e1rea de Producci\u00f3n fue siempre un \u00e1rea muy abierta, yo compart\u00ed la jefatura con gente de varias ideas pol\u00edticas e incluso algunos pudieron llegar a ser directores. Y el basamento s\u00f3lido que deja Sim\u00f3n Bruschi es para continuarlo, y por supuesto darle una impronta personal, de desarrollo, de preparaci\u00f3n para el trabajo\u201d, dijo el \u00a0funcionario que record\u00f3 c\u00f3mo encontr\u00f3 el \u00e1rea en 2003 y c\u00f3mo est\u00e1 ahora.<\/p>\n<p>\u201cHoy la inversi\u00f3n financiera complica mucho eleva los precios, las tarifas, y esto complica todo. Nosotros ahora trabajaremos en una situaci\u00f3n distinta para los emprendimientos productivos. Debo ir adapt\u00e1ndome a los temas ya planteados y darle importancia a otros como la incorporaci\u00f3n al trabajo, el desarrollo de pymes y proyectos muy amplios que se est\u00e1n trabajando\u201d, explic\u00f3.<\/p>\n<p>&nbsp;<\/p>\n<p><strong>Bruschi a Legales<\/strong><\/p>\n<p>Asimismo, el Jefe Comunal explic\u00f3 que el responsable del \u00e1rea hasta este momento, el abogado Sim\u00f3n Bruschi, pasar\u00e1 a trabajar en el \u00e1rea de Legales. Sobre su labor en la Direcci\u00f3n de Producci\u00f3n dijo: \u201cHemos trabajado muchos proyectos, sobre todo vinculados al Sector Industrial, donde se han logrado vender terrenos, en los que por una realidad macroecon\u00f3mica siguen a la espera algunas empresas para comenzar a funcionar. Y dado que es abogado y con gran experiencia entendemos que puede fortalecer el \u00e1rea de Legales y a esa tarea se dedicar\u00e1\u201d.<\/p>\n<p>Por su parte, Sim\u00f3n Bruschi valor\u00f3 esta incorporaci\u00f3n: \u201cA Marcelo siempre lo not\u00e9 consustanciado con este proyecto de ciudad. Para m\u00ed es una satisfacci\u00f3n enorme. Y los desaf\u00edos que tenemos es aportar m\u00e1s para Mercedes, trabajar en conjunto, con honestidad, fijar par\u00e1metros para la ciudad, independientemente de qu\u00e9 rol nos toque, tener en claro cu\u00e1l es el norte y el rumbo que seguimos\u201d.<\/p>\n","protected":false},"excerpt":{"rendered":"<p>El Intendente Juan Ignacio Ustarroz confirm\u00f3 como nuevo funcionario al ex candidato a Intendente por el Frente Renovador, ingeniero agr\u00f3nomo &#8230; <a title=\"Marcelo Den\u00e1pole vuelve a la Direcci\u00f3n de Producci\u00f3n\" class=\"read-more\" href=\"https:\/\/www.hoymercedes.com.ar\/principal\/2017\/09\/21\/marcelo-denapole-vuelve-a-la-direccion-de-produccion\/\" aria-label=\"Leer m\u00e1s sobre Marcelo Den\u00e1pole vuelve a la Direcci\u00f3n de Producci\u00f3n\">Leer m\u00e1s<\/a><\/p>\n","protected":false},"author":1,"featured_media":67470,"comment_status":"closed","ping_status":"open","sticky":false,"template":"","format":"standard","meta":{"_monsterinsights_skip_tracking":false,"_monsterinsights_sitenote_active":false,"_monsterinsights_sitenote_note":"","_monsterinsights_sitenote_category":0,"jetpack_post_was_ever_published":false,"_jetpack_newsletter_access":"","_jetpack_dont_email_post_to_subs":false,"_jetpack_newsletter_tier_id":0,"_jetpack_memberships_contains_paywalled_content":false,"_jetpack_memberships_contains_paid_content":false,"footnotes":"","jetpack_publicize_message":"","jetpack_publicize_feature_enabled":true,"jetpack_social_post_already_shared":true,"jetpack_social_options":{"image_generator_settings":{"template":"highway","default_image_id":0,"font":"","enabled":false},"version":2},"_wpas_customize_per_network":false},"categories":[30],"tags":[1508,9684,8599,436,10,244,11928],"class_list":["post-67469","post","type-post","status-publish","format-standard","has-post-thumbnail","hentry","category-municipio","tag-cambios-de-gabinete","tag-gabinete","tag-juan-ignacio-ustarroz","tag-marcelo-denapole","tag-mercedes","tag-municipio-2","tag-simon-bruschi","generate-columns","tablet-grid-50","mobile-grid-100","grid-parent","grid-50"],"jetpack_publicize_connections":[],"jetpack_featured_media_url":"https:\/\/www.hoymercedes.com.ar\/principal\/wp-content\/uploads\/2017\/09\/21-muni-produccion-1.jpg","wps_subtitle":"Cambios en el gabinete","jetpack_sharing_enabled":true,"_links":{"self":[{"href":"https:\/\/www.hoymercedes.com.ar\/principal\/wp-json\/wp\/v2\/posts\/67469","targetHints":{"allow":["GET"]}}],"collection":[{"href":"https:\/\/www.hoymercedes.com.ar\/principal\/wp-json\/wp\/v2\/posts"}],"about":[{"href":"https:\/\/www.hoymercedes.com.ar\/principal\/wp-json\/wp\/v2\/types\/post"}],"author":[{"embeddable":true,"href":"https:\/\/www.hoymercedes.com.ar\/principal\/wp-json\/wp\/v2\/users\/1"}],"replies":[{"embeddable":true,"href":"https:\/\/www.hoymercedes.com.ar\/principal\/wp-json\/wp\/v2\/comments?post=67469"}],"version-history":[{"count":0,"href":"https:\/\/www.hoymercedes.com.ar\/principal\/wp-json\/wp\/v2\/posts\/67469\/revisions"}],"wp:featuredmedia":[{"embeddable":true,"href":"https:\/\/www.hoymercedes.com.ar\/principal\/wp-json\/wp\/v2\/media\/67470"}],"wp:attachment":[{"href":"https:\/\/www.hoymercedes.com.ar\/principal\/wp-json\/wp\/v2\/media?parent=67469"}],"wp:term":[{"taxonomy":"category","embeddable":true,"href":"https:\/\/www.hoymercedes.com.ar\/principal\/wp-json\/wp\/v2\/categories?post=67469"},{"taxonomy":"post_tag","embeddable":true,"href":"https:\/\/www.hoymercedes.com.ar\/principal\/wp-json\/wp\/v2\/tags?post=67469"}],"curies":[{"name":"wp","href":"https:\/\/api.w.org\/{rel}","templated":true}]}}