{"id":67526,"date":"2017-09-24T11:53:16","date_gmt":"2017-09-24T14:53:16","guid":{"rendered":"http:\/\/www.hoymercedes.com.ar\/principal\/?p=67526"},"modified":"2017-09-24T20:08:06","modified_gmt":"2017-09-24T23:08:06","slug":"el-empate-de-trocha-y-estudiantes-beneficio-san-martin-y-velez","status":"publish","type":"post","link":"https:\/\/www.hoymercedes.com.ar\/principal\/2017\/09\/24\/el-empate-de-trocha-y-estudiantes-beneficio-san-martin-y-velez\/","title":{"rendered":"El empate de Trocha y Estudiantes benefici\u00f3 San Mart\u00edn y V\u00e9lez"},"content":{"rendered":"<p><em><strong>Cuatro fueron los partidos que se jugaron este s\u00e1bado en el inicio de la octava fecha del torneo de la Liga Mercedina que se completar\u00e1 con dos partidos este domingo y luego quedar\u00e1 por disputarse Juventud Vs. Ateneo, que no fue programado. El encuentro de mayor inter\u00e9s era el de Trocha y Estudiantes, ya que ambos necesitaban el triunfo para poder quedar entre los primeros dos de la tabla, pero terminaron empatando 1 a 1 y m\u00e1s que sumar, relegaron dos puntos, en lo que fue el primer empate en lo que va del a\u00f1o para la carbonilla.<\/strong><\/em><\/p>\n<p>El inicio de la jornada tuvo la goleada de Pabell\u00f3n de Marcos Paz por 4 a 1 ante El Tim\u00f3n y luego, Comunicaciones busc\u00f3 la recuperaci\u00f3n tras un mal inicio de torneo y venci\u00f3 a Costa Brava, que sigue sin ganar en lo que va del a\u00f1o. La extensa jornada finaliz\u00f3 con un entretenido empate entre Palometas y Defensores en 3. Comenz\u00f3 ganando el granate 2 a 0 con gritos de Agust\u00edn P\u00f3rfido, luego descont\u00f3 el conjunto celeste y P\u00f3rfido luego puso el 3 a 1. Palometas, que tambi\u00e9n necesitaba el triunfo para poder llegar a los puestos de elite, no lo pudo aguantar y los de Maxi Scorini, que llevan cinco sin perder, llegaron al empate.<\/p>\n<table width=\"516\">\n<tbody>\n<tr>\n<td width=\"108\">Fecha 8<\/td>\n<td width=\"14\"><\/td>\n<td width=\"394\"><\/td>\n<\/tr>\n<tr>\n<td>El Tim\u00f3n<\/td>\n<td>1<\/td>\n<td><\/td>\n<\/tr>\n<tr>\n<td>Pabell\u00f3n<\/td>\n<td>4<\/td>\n<td>Francon Monz\u00f3n (2), Nahuel Romero, Juan Paulerena<\/td>\n<\/tr>\n<tr>\n<td><\/td>\n<td><\/td>\n<td><\/td>\n<\/tr>\n<tr>\n<td>Comunicaciones<\/td>\n<td>2<\/td>\n<td>Diego Sanchez y Hern\u00e1n Del Bianco<\/td>\n<\/tr>\n<tr>\n<td>Costa Brava<\/td>\n<td>0<\/td>\n<td><\/td>\n<\/tr>\n<tr>\n<td><\/td>\n<td><\/td>\n<td><\/td>\n<\/tr>\n<tr>\n<td>Trocha<\/td>\n<td>1<\/td>\n<td>Angel Calder\u00f3n<\/td>\n<\/tr>\n<tr>\n<td>Estudiantes<\/td>\n<td>1<\/td>\n<td>Gustavo Miranda<\/td>\n<\/tr>\n<tr>\n<td><\/td>\n<td><\/td>\n<td><\/td>\n<\/tr>\n<tr>\n<td>Defensores<\/td>\n<td>3<\/td>\n<td>Braian Noguera, Jorge Rodr\u00edguez, Braian Acu\u00f1a<\/td>\n<\/tr>\n<tr>\n<td>Palometas<\/td>\n<td>3<\/td>\n<td>Agust\u00edn P\u00f3rfido (3)<\/td>\n<\/tr>\n<\/tbody>\n<\/table>\n<p>&nbsp;<\/p>\n<p><em><strong>Domingo 24 de septiembre, cancha El Front\u00f3n<\/strong><\/em><br \/>\n14:15 hs. El Front\u00f3n Vs. A.M.E.F.I.P.<\/p>\n<p><em><strong>Lunes 25 de septiembre, cancha Liga Mercedina<\/strong><\/em><br \/>\n20:30 hs. Mercedes Vs. V\u00e9lez<\/p>\n<p><em><strong>Postergado<\/strong><\/em><br \/>\nJuventud Vs. Ateneo<\/p>\n<p>&nbsp;<\/p>\n<p><img loading=\"lazy\" decoding=\"async\" data-attachment-id=\"67527\" data-permalink=\"https:\/\/www.hoymercedes.com.ar\/principal\/2017\/09\/24\/el-empate-de-trocha-y-estudiantes-beneficio-san-martin-y-velez\/primera-87\/#main\" data-orig-file=\"https:\/\/www.hoymercedes.com.ar\/principal\/wp-content\/uploads\/2017\/09\/Primera-6.png\" data-orig-size=\"488,383\" data-comments-opened=\"0\" data-image-meta=\"{&quot;aperture&quot;:&quot;0&quot;,&quot;credit&quot;:&quot;&quot;,&quot;camera&quot;:&quot;&quot;,&quot;caption&quot;:&quot;&quot;,&quot;created_timestamp&quot;:&quot;0&quot;,&quot;copyright&quot;:&quot;&quot;,&quot;focal_length&quot;:&quot;0&quot;,&quot;iso&quot;:&quot;0&quot;,&quot;shutter_speed&quot;:&quot;0&quot;,&quot;title&quot;:&quot;&quot;,&quot;orientation&quot;:&quot;0&quot;}\" data-image-title=\"Primera\" data-image-description=\"\" data-image-caption=\"\" data-large-file=\"https:\/\/www.hoymercedes.com.ar\/principal\/wp-content\/uploads\/2017\/09\/Primera-6.png\" class=\"aligncenter size-full wp-image-67527\" src=\"https:\/\/www.hoymercedes.com.ar\/principal\/wp-content\/uploads\/2017\/09\/Primera-6.png\" alt=\"\" width=\"488\" height=\"383\" srcset=\"https:\/\/www.hoymercedes.com.ar\/principal\/wp-content\/uploads\/2017\/09\/Primera-6.png 488w, https:\/\/www.hoymercedes.com.ar\/principal\/wp-content\/uploads\/2017\/09\/Primera-6-150x118.png 150w\" sizes=\"auto, (max-width: 488px) 100vw, 488px\" \/> <img loading=\"lazy\" decoding=\"async\" data-attachment-id=\"67528\" data-permalink=\"https:\/\/www.hoymercedes.com.ar\/principal\/2017\/09\/24\/el-empate-de-trocha-y-estudiantes-beneficio-san-martin-y-velez\/goleadores-primera-41\/#main\" data-orig-file=\"https:\/\/www.hoymercedes.com.ar\/principal\/wp-content\/uploads\/2017\/09\/Goleadores-Primera-6.png\" data-orig-size=\"326,424\" data-comments-opened=\"0\" data-image-meta=\"{&quot;aperture&quot;:&quot;0&quot;,&quot;credit&quot;:&quot;&quot;,&quot;camera&quot;:&quot;&quot;,&quot;caption&quot;:&quot;&quot;,&quot;created_timestamp&quot;:&quot;0&quot;,&quot;copyright&quot;:&quot;&quot;,&quot;focal_length&quot;:&quot;0&quot;,&quot;iso&quot;:&quot;0&quot;,&quot;shutter_speed&quot;:&quot;0&quot;,&quot;title&quot;:&quot;&quot;,&quot;orientation&quot;:&quot;0&quot;}\" data-image-title=\"Goleadores Primera\" data-image-description=\"\" data-image-caption=\"\" data-large-file=\"https:\/\/www.hoymercedes.com.ar\/principal\/wp-content\/uploads\/2017\/09\/Goleadores-Primera-6.png\" class=\"aligncenter size-medium wp-image-67528\" src=\"https:\/\/www.hoymercedes.com.ar\/principal\/wp-content\/uploads\/2017\/09\/Goleadores-Primera-6.png\" alt=\"\" width=\"326\" height=\"424\" srcset=\"https:\/\/www.hoymercedes.com.ar\/principal\/wp-content\/uploads\/2017\/09\/Goleadores-Primera-6.png 326w, https:\/\/www.hoymercedes.com.ar\/principal\/wp-content\/uploads\/2017\/09\/Goleadores-Primera-6-115x150.png 115w\" sizes=\"auto, (max-width: 326px) 100vw, 326px\" \/> <img loading=\"lazy\" decoding=\"async\" data-attachment-id=\"67529\" data-permalink=\"https:\/\/www.hoymercedes.com.ar\/principal\/2017\/09\/24\/el-empate-de-trocha-y-estudiantes-beneficio-san-martin-y-velez\/general-34\/#main\" data-orig-file=\"https:\/\/www.hoymercedes.com.ar\/principal\/wp-content\/uploads\/2017\/09\/General-6.png\" data-orig-size=\"467,405\" data-comments-opened=\"0\" data-image-meta=\"{&quot;aperture&quot;:&quot;0&quot;,&quot;credit&quot;:&quot;&quot;,&quot;camera&quot;:&quot;&quot;,&quot;caption&quot;:&quot;&quot;,&quot;created_timestamp&quot;:&quot;0&quot;,&quot;copyright&quot;:&quot;&quot;,&quot;focal_length&quot;:&quot;0&quot;,&quot;iso&quot;:&quot;0&quot;,&quot;shutter_speed&quot;:&quot;0&quot;,&quot;title&quot;:&quot;&quot;,&quot;orientation&quot;:&quot;0&quot;}\" data-image-title=\"General\" data-image-description=\"\" data-image-caption=\"\" data-large-file=\"https:\/\/www.hoymercedes.com.ar\/principal\/wp-content\/uploads\/2017\/09\/General-6.png\" class=\"aligncenter size-medium wp-image-67529\" src=\"https:\/\/www.hoymercedes.com.ar\/principal\/wp-content\/uploads\/2017\/09\/General-6.png\" alt=\"\" width=\"467\" height=\"405\" srcset=\"https:\/\/www.hoymercedes.com.ar\/principal\/wp-content\/uploads\/2017\/09\/General-6.png 467w, https:\/\/www.hoymercedes.com.ar\/principal\/wp-content\/uploads\/2017\/09\/General-6-150x130.png 150w\" sizes=\"auto, (max-width: 467px) 100vw, 467px\" \/><\/p>\n","protected":false},"excerpt":{"rendered":"<p>Cuatro fueron los partidos que se jugaron este s\u00e1bado en el inicio de la octava fecha del torneo de la &#8230; <a title=\"El empate de Trocha y Estudiantes benefici\u00f3 San Mart\u00edn y V\u00e9lez\" class=\"read-more\" href=\"https:\/\/www.hoymercedes.com.ar\/principal\/2017\/09\/24\/el-empate-de-trocha-y-estudiantes-beneficio-san-martin-y-velez\/\" aria-label=\"Leer m\u00e1s sobre El empate de Trocha y Estudiantes benefici\u00f3 San Mart\u00edn y V\u00e9lez\">Leer m\u00e1s<\/a><\/p>\n","protected":false},"author":1,"featured_media":67527,"comment_status":"closed","ping_status":"open","sticky":false,"template":"","format":"standard","meta":{"_monsterinsights_skip_tracking":false,"_monsterinsights_sitenote_active":false,"_monsterinsights_sitenote_note":"","_monsterinsights_sitenote_category":0,"jetpack_post_was_ever_published":false,"_jetpack_newsletter_access":"","_jetpack_dont_email_post_to_subs":false,"_jetpack_newsletter_tier_id":0,"_jetpack_memberships_contains_paywalled_content":false,"_jetpack_memberships_contains_paid_content":false,"footnotes":"","jetpack_publicize_message":"","jetpack_publicize_feature_enabled":true,"jetpack_social_post_already_shared":true,"jetpack_social_options":{"image_generator_settings":{"template":"highway","default_image_id":0,"font":"","enabled":false},"version":2},"_wpas_customize_per_network":false},"categories":[21],"tags":[204,829,1003,1901,1379],"class_list":["post-67526","post","type-post","status-publish","format-standard","has-post-thumbnail","hentry","category-deportes","tag-deportes-2","tag-estudiantes","tag-futbol","tag-liga-mercedina","tag-trocha","generate-columns","tablet-grid-50","mobile-grid-100","grid-parent","grid-50"],"jetpack_publicize_connections":[],"jetpack_featured_media_url":"https:\/\/www.hoymercedes.com.ar\/principal\/wp-content\/uploads\/2017\/09\/Primera-6.png","wps_subtitle":"Liga Mercedina","jetpack_sharing_enabled":true,"_links":{"self":[{"href":"https:\/\/www.hoymercedes.com.ar\/principal\/wp-json\/wp\/v2\/posts\/67526","targetHints":{"allow":["GET"]}}],"collection":[{"href":"https:\/\/www.hoymercedes.com.ar\/principal\/wp-json\/wp\/v2\/posts"}],"about":[{"href":"https:\/\/www.hoymercedes.com.ar\/principal\/wp-json\/wp\/v2\/types\/post"}],"author":[{"embeddable":true,"href":"https:\/\/www.hoymercedes.com.ar\/principal\/wp-json\/wp\/v2\/users\/1"}],"replies":[{"embeddable":true,"href":"https:\/\/www.hoymercedes.com.ar\/principal\/wp-json\/wp\/v2\/comments?post=67526"}],"version-history":[{"count":0,"href":"https:\/\/www.hoymercedes.com.ar\/principal\/wp-json\/wp\/v2\/posts\/67526\/revisions"}],"wp:featuredmedia":[{"embeddable":true,"href":"https:\/\/www.hoymercedes.com.ar\/principal\/wp-json\/wp\/v2\/media\/67527"}],"wp:attachment":[{"href":"https:\/\/www.hoymercedes.com.ar\/principal\/wp-json\/wp\/v2\/media?parent=67526"}],"wp:term":[{"taxonomy":"category","embeddable":true,"href":"https:\/\/www.hoymercedes.com.ar\/principal\/wp-json\/wp\/v2\/categories?post=67526"},{"taxonomy":"post_tag","embeddable":true,"href":"https:\/\/www.hoymercedes.com.ar\/principal\/wp-json\/wp\/v2\/tags?post=67526"}],"curies":[{"name":"wp","href":"https:\/\/api.w.org\/{rel}","templated":true}]}}