{"id":67531,"date":"2017-09-24T14:23:46","date_gmt":"2017-09-24T17:23:46","guid":{"rendered":"http:\/\/www.hoymercedes.com.ar\/principal\/?p=67531"},"modified":"2017-09-24T20:07:39","modified_gmt":"2017-09-24T23:07:39","slug":"una-vez-mas-claudio-cirone-se-quedo-con-el-cruce-ciudad-de-mercedes","status":"publish","type":"post","link":"https:\/\/www.hoymercedes.com.ar\/principal\/2017\/09\/24\/una-vez-mas-claudio-cirone-se-quedo-con-el-cruce-ciudad-de-mercedes\/","title":{"rendered":"Una vez m\u00e1s, Claudio Cirone se qued\u00f3 con el Cruce Ciudad de Mercedes"},"content":{"rendered":"<p><strong><em>Una nueva edici\u00f3n del Cruce Ciudad de Mercedes, permio Norberto \u00abChupaleta\u00bb Limonta, se llev\u00f3 a cabo con total \u00e9xito la competencia atl\u00e9tica que ten\u00eda dos circuitos, uno de 8 kil\u00f3metros y otro de 4, ambos sobre la avenida 40, desde 47 a 7, con punto de largada y llegada en la puerta de la Estaci\u00f3n La Trocha, en 40 y 21. Cluadio Cirone fue nuevamente el ganador de la competencia como en dos de las \u00faltimas tres ediciones (el a\u00f1o pasado no compiti\u00f3). Segundo fue el chivilcoyano Emiliano Sosa, tercero Rub\u00e9n Garay, mientras que el mejor mercedino fue Mario Morales y entre las mujeres lider\u00f3 Chiara Mainetti, Karina Arguello y Mail\u00edn Escobar.<\/em><\/strong><\/p>\n<p><img loading=\"lazy\" decoding=\"async\" data-attachment-id=\"67536\" data-permalink=\"https:\/\/www.hoymercedes.com.ar\/principal\/2017\/09\/24\/una-vez-mas-claudio-cirone-se-quedo-con-el-cruce-ciudad-de-mercedes\/dscn9820\/#main\" data-orig-file=\"https:\/\/www.hoymercedes.com.ar\/principal\/wp-content\/uploads\/2017\/09\/DSCN9820.jpg\" data-orig-size=\"650,487\" data-comments-opened=\"0\" data-image-meta=\"{&quot;aperture&quot;:&quot;5.6&quot;,&quot;credit&quot;:&quot;&quot;,&quot;camera&quot;:&quot;COOLPIX L310&quot;,&quot;caption&quot;:&quot;&quot;,&quot;created_timestamp&quot;:&quot;1506249139&quot;,&quot;copyright&quot;:&quot;&quot;,&quot;focal_length&quot;:&quot;50&quot;,&quot;iso&quot;:&quot;140&quot;,&quot;shutter_speed&quot;:&quot;0.002&quot;,&quot;title&quot;:&quot;&quot;,&quot;orientation&quot;:&quot;1&quot;}\" data-image-title=\"DSCN9820\" data-image-description=\"\" data-image-caption=\"\" data-large-file=\"https:\/\/www.hoymercedes.com.ar\/principal\/wp-content\/uploads\/2017\/09\/DSCN9820.jpg\" class=\"aligncenter size-medium wp-image-67536\" src=\"https:\/\/www.hoymercedes.com.ar\/principal\/wp-content\/uploads\/2017\/09\/DSCN9820-630x472.jpg\" alt=\"\" width=\"630\" height=\"472\" srcset=\"https:\/\/www.hoymercedes.com.ar\/principal\/wp-content\/uploads\/2017\/09\/DSCN9820-630x472.jpg 630w, https:\/\/www.hoymercedes.com.ar\/principal\/wp-content\/uploads\/2017\/09\/DSCN9820-150x112.jpg 150w, https:\/\/www.hoymercedes.com.ar\/principal\/wp-content\/uploads\/2017\/09\/DSCN9820.jpg 650w\" sizes=\"auto, (max-width: 630px) 100vw, 630px\" \/><\/p>\n<p>El tiempo empleado por el ganador fue de 26 minutos 8 segundos, mientras que el segundo pas\u00f3 la meta en 26:46 y el tercero en 27:56. La ganadora de las damas lo hizo en 29:47 y las que completaron el podio en 35:51 y 37:16.<\/p>\n<p><img loading=\"lazy\" decoding=\"async\" data-attachment-id=\"67537\" data-permalink=\"https:\/\/www.hoymercedes.com.ar\/principal\/2017\/09\/24\/una-vez-mas-claudio-cirone-se-quedo-con-el-cruce-ciudad-de-mercedes\/dscn9823\/#main\" data-orig-file=\"https:\/\/www.hoymercedes.com.ar\/principal\/wp-content\/uploads\/2017\/09\/DSCN9823.jpg\" data-orig-size=\"650,487\" data-comments-opened=\"0\" data-image-meta=\"{&quot;aperture&quot;:&quot;5.6&quot;,&quot;credit&quot;:&quot;&quot;,&quot;camera&quot;:&quot;COOLPIX L310&quot;,&quot;caption&quot;:&quot;&quot;,&quot;created_timestamp&quot;:&quot;1506249611&quot;,&quot;copyright&quot;:&quot;&quot;,&quot;focal_length&quot;:&quot;50&quot;,&quot;iso&quot;:&quot;80&quot;,&quot;shutter_speed&quot;:&quot;0.002&quot;,&quot;title&quot;:&quot;&quot;,&quot;orientation&quot;:&quot;1&quot;}\" data-image-title=\"DSCN9823\" data-image-description=\"\" data-image-caption=\"\" data-large-file=\"https:\/\/www.hoymercedes.com.ar\/principal\/wp-content\/uploads\/2017\/09\/DSCN9823.jpg\" class=\"aligncenter size-medium wp-image-67537\" src=\"https:\/\/www.hoymercedes.com.ar\/principal\/wp-content\/uploads\/2017\/09\/DSCN9823-630x472.jpg\" alt=\"\" width=\"630\" height=\"472\" srcset=\"https:\/\/www.hoymercedes.com.ar\/principal\/wp-content\/uploads\/2017\/09\/DSCN9823-630x472.jpg 630w, https:\/\/www.hoymercedes.com.ar\/principal\/wp-content\/uploads\/2017\/09\/DSCN9823-150x112.jpg 150w, https:\/\/www.hoymercedes.com.ar\/principal\/wp-content\/uploads\/2017\/09\/DSCN9823.jpg 650w\" sizes=\"auto, (max-width: 630px) 100vw, 630px\" \/><\/p>\n<p>Fue una carrera donde los dos l\u00edderes se cortaron del pelot\u00f3n en forma r\u00e1pida y cuando comcluy\u00f3 la primera vuelta, Sosa, que estrenaba calzado en la ma\u00f1ana dominguera, sinti\u00f3 esa modificaci\u00f3n y empez\u00f3 a perder terreno, al punto de hacerle m\u00e1s simple la carrera a un Cirone que ven\u00eda de abandonar en un 21k el fin de semana pasado. La competencia cont\u00f3 con un total cercano a los 500 atletas que temprano dieron el presente para comenzar a circular a partir de las 10 de la ma\u00f1ana, llegando el \u00faltimo una hora despu\u00e9s.<\/p>\n<p><img loading=\"lazy\" decoding=\"async\" data-attachment-id=\"67538\" data-permalink=\"https:\/\/www.hoymercedes.com.ar\/principal\/2017\/09\/24\/una-vez-mas-claudio-cirone-se-quedo-con-el-cruce-ciudad-de-mercedes\/dscn9825\/#main\" data-orig-file=\"https:\/\/www.hoymercedes.com.ar\/principal\/wp-content\/uploads\/2017\/09\/DSCN9825.jpg\" data-orig-size=\"650,487\" data-comments-opened=\"0\" data-image-meta=\"{&quot;aperture&quot;:&quot;5.6&quot;,&quot;credit&quot;:&quot;&quot;,&quot;camera&quot;:&quot;COOLPIX L310&quot;,&quot;caption&quot;:&quot;&quot;,&quot;created_timestamp&quot;:&quot;1506249651&quot;,&quot;copyright&quot;:&quot;&quot;,&quot;focal_length&quot;:&quot;50&quot;,&quot;iso&quot;:&quot;110&quot;,&quot;shutter_speed&quot;:&quot;0.002&quot;,&quot;title&quot;:&quot;&quot;,&quot;orientation&quot;:&quot;1&quot;}\" data-image-title=\"DSCN9825\" data-image-description=\"\" data-image-caption=\"\" data-large-file=\"https:\/\/www.hoymercedes.com.ar\/principal\/wp-content\/uploads\/2017\/09\/DSCN9825.jpg\" class=\"aligncenter size-medium wp-image-67538\" src=\"https:\/\/www.hoymercedes.com.ar\/principal\/wp-content\/uploads\/2017\/09\/DSCN9825-630x472.jpg\" alt=\"\" width=\"630\" height=\"472\" srcset=\"https:\/\/www.hoymercedes.com.ar\/principal\/wp-content\/uploads\/2017\/09\/DSCN9825-630x472.jpg 630w, https:\/\/www.hoymercedes.com.ar\/principal\/wp-content\/uploads\/2017\/09\/DSCN9825-150x112.jpg 150w, https:\/\/www.hoymercedes.com.ar\/principal\/wp-content\/uploads\/2017\/09\/DSCN9825.jpg 650w\" sizes=\"auto, (max-width: 630px) 100vw, 630px\" \/><\/p>\n<p>Clasificaci\u00f3n General 8K<\/p>\n<p><img loading=\"lazy\" decoding=\"async\" data-attachment-id=\"67532\" data-permalink=\"https:\/\/www.hoymercedes.com.ar\/principal\/2017\/09\/24\/una-vez-mas-claudio-cirone-se-quedo-con-el-cruce-ciudad-de-mercedes\/8k-general\/#main\" data-orig-file=\"https:\/\/www.hoymercedes.com.ar\/principal\/wp-content\/uploads\/2017\/09\/8k-General.jpeg\" data-orig-size=\"762,204\" data-comments-opened=\"0\" data-image-meta=\"{&quot;aperture&quot;:&quot;0&quot;,&quot;credit&quot;:&quot;&quot;,&quot;camera&quot;:&quot;&quot;,&quot;caption&quot;:&quot;&quot;,&quot;created_timestamp&quot;:&quot;0&quot;,&quot;copyright&quot;:&quot;&quot;,&quot;focal_length&quot;:&quot;0&quot;,&quot;iso&quot;:&quot;0&quot;,&quot;shutter_speed&quot;:&quot;0&quot;,&quot;title&quot;:&quot;&quot;,&quot;orientation&quot;:&quot;1&quot;}\" data-image-title=\"8k General\" data-image-description=\"\" data-image-caption=\"\" data-large-file=\"https:\/\/www.hoymercedes.com.ar\/principal\/wp-content\/uploads\/2017\/09\/8k-General.jpeg\" class=\"aligncenter size-medium wp-image-67532\" src=\"https:\/\/www.hoymercedes.com.ar\/principal\/wp-content\/uploads\/2017\/09\/8k-General-630x169.jpeg\" alt=\"\" width=\"630\" height=\"169\" srcset=\"https:\/\/www.hoymercedes.com.ar\/principal\/wp-content\/uploads\/2017\/09\/8k-General-630x169.jpeg 630w, https:\/\/www.hoymercedes.com.ar\/principal\/wp-content\/uploads\/2017\/09\/8k-General-150x40.jpeg 150w, https:\/\/www.hoymercedes.com.ar\/principal\/wp-content\/uploads\/2017\/09\/8k-General.jpeg 762w\" sizes=\"auto, (max-width: 630px) 100vw, 630px\" \/><\/p>\n<p>Clasificaci\u00f3n General 4K<img loading=\"lazy\" decoding=\"async\" data-attachment-id=\"67533\" data-permalink=\"https:\/\/www.hoymercedes.com.ar\/principal\/2017\/09\/24\/una-vez-mas-claudio-cirone-se-quedo-con-el-cruce-ciudad-de-mercedes\/4k-general\/#main\" data-orig-file=\"https:\/\/www.hoymercedes.com.ar\/principal\/wp-content\/uploads\/2017\/09\/4k-General.jpeg\" data-orig-size=\"739,197\" data-comments-opened=\"0\" data-image-meta=\"{&quot;aperture&quot;:&quot;0&quot;,&quot;credit&quot;:&quot;&quot;,&quot;camera&quot;:&quot;&quot;,&quot;caption&quot;:&quot;&quot;,&quot;created_timestamp&quot;:&quot;0&quot;,&quot;copyright&quot;:&quot;&quot;,&quot;focal_length&quot;:&quot;0&quot;,&quot;iso&quot;:&quot;0&quot;,&quot;shutter_speed&quot;:&quot;0&quot;,&quot;title&quot;:&quot;&quot;,&quot;orientation&quot;:&quot;1&quot;}\" data-image-title=\"4k General\" data-image-description=\"\" data-image-caption=\"\" data-large-file=\"https:\/\/www.hoymercedes.com.ar\/principal\/wp-content\/uploads\/2017\/09\/4k-General.jpeg\" class=\"aligncenter size-medium wp-image-67533\" src=\"https:\/\/www.hoymercedes.com.ar\/principal\/wp-content\/uploads\/2017\/09\/4k-General-630x168.jpeg\" alt=\"\" width=\"630\" height=\"168\" srcset=\"https:\/\/www.hoymercedes.com.ar\/principal\/wp-content\/uploads\/2017\/09\/4k-General-630x168.jpeg 630w, https:\/\/www.hoymercedes.com.ar\/principal\/wp-content\/uploads\/2017\/09\/4k-General-150x40.jpeg 150w, https:\/\/www.hoymercedes.com.ar\/principal\/wp-content\/uploads\/2017\/09\/4k-General.jpeg 739w\" sizes=\"auto, (max-width: 630px) 100vw, 630px\" \/><\/p>\n<p>Clasificaci\u00f3n General Masculino<img loading=\"lazy\" decoding=\"async\" data-attachment-id=\"67534\" data-permalink=\"https:\/\/www.hoymercedes.com.ar\/principal\/2017\/09\/24\/una-vez-mas-claudio-cirone-se-quedo-con-el-cruce-ciudad-de-mercedes\/xcategoriamasc1\/#main\" data-orig-file=\"https:\/\/www.hoymercedes.com.ar\/principal\/wp-content\/uploads\/2017\/09\/XcategoriaMasc1.jpeg\" data-orig-size=\"670,535\" data-comments-opened=\"0\" data-image-meta=\"{&quot;aperture&quot;:&quot;0&quot;,&quot;credit&quot;:&quot;&quot;,&quot;camera&quot;:&quot;&quot;,&quot;caption&quot;:&quot;&quot;,&quot;created_timestamp&quot;:&quot;0&quot;,&quot;copyright&quot;:&quot;&quot;,&quot;focal_length&quot;:&quot;0&quot;,&quot;iso&quot;:&quot;0&quot;,&quot;shutter_speed&quot;:&quot;0&quot;,&quot;title&quot;:&quot;&quot;,&quot;orientation&quot;:&quot;1&quot;}\" data-image-title=\"XcategoriaMasc1\" data-image-description=\"\" data-image-caption=\"\" data-large-file=\"https:\/\/www.hoymercedes.com.ar\/principal\/wp-content\/uploads\/2017\/09\/XcategoriaMasc1.jpeg\" class=\"aligncenter size-medium wp-image-67534\" src=\"https:\/\/www.hoymercedes.com.ar\/principal\/wp-content\/uploads\/2017\/09\/XcategoriaMasc1-630x503.jpeg\" alt=\"\" width=\"630\" height=\"503\" srcset=\"https:\/\/www.hoymercedes.com.ar\/principal\/wp-content\/uploads\/2017\/09\/XcategoriaMasc1-630x503.jpeg 630w, https:\/\/www.hoymercedes.com.ar\/principal\/wp-content\/uploads\/2017\/09\/XcategoriaMasc1-150x120.jpeg 150w, https:\/\/www.hoymercedes.com.ar\/principal\/wp-content\/uploads\/2017\/09\/XcategoriaMasc1.jpeg 670w\" sizes=\"auto, (max-width: 630px) 100vw, 630px\" \/><\/p>\n<p>Clasificaci\u00f3n General Femenino<img loading=\"lazy\" decoding=\"async\" data-attachment-id=\"67535\" data-permalink=\"https:\/\/www.hoymercedes.com.ar\/principal\/2017\/09\/24\/una-vez-mas-claudio-cirone-se-quedo-con-el-cruce-ciudad-de-mercedes\/xcategoriafem1\/#main\" data-orig-file=\"https:\/\/www.hoymercedes.com.ar\/principal\/wp-content\/uploads\/2017\/09\/XcategoriaFem1.jpeg\" data-orig-size=\"568,426\" data-comments-opened=\"0\" data-image-meta=\"{&quot;aperture&quot;:&quot;0&quot;,&quot;credit&quot;:&quot;&quot;,&quot;camera&quot;:&quot;&quot;,&quot;caption&quot;:&quot;&quot;,&quot;created_timestamp&quot;:&quot;0&quot;,&quot;copyright&quot;:&quot;&quot;,&quot;focal_length&quot;:&quot;0&quot;,&quot;iso&quot;:&quot;0&quot;,&quot;shutter_speed&quot;:&quot;0&quot;,&quot;title&quot;:&quot;&quot;,&quot;orientation&quot;:&quot;1&quot;}\" data-image-title=\"XcategoriaFem1\" data-image-description=\"\" data-image-caption=\"\" data-large-file=\"https:\/\/www.hoymercedes.com.ar\/principal\/wp-content\/uploads\/2017\/09\/XcategoriaFem1.jpeg\" class=\"aligncenter size-medium wp-image-67535\" src=\"https:\/\/www.hoymercedes.com.ar\/principal\/wp-content\/uploads\/2017\/09\/XcategoriaFem1.jpeg\" alt=\"\" width=\"568\" height=\"426\" srcset=\"https:\/\/www.hoymercedes.com.ar\/principal\/wp-content\/uploads\/2017\/09\/XcategoriaFem1.jpeg 568w, https:\/\/www.hoymercedes.com.ar\/principal\/wp-content\/uploads\/2017\/09\/XcategoriaFem1-150x113.jpeg 150w\" sizes=\"auto, (max-width: 568px) 100vw, 568px\" \/><\/p>\n<p>&nbsp;<\/p>\n<p><img loading=\"lazy\" decoding=\"async\" data-attachment-id=\"67539\" data-permalink=\"https:\/\/www.hoymercedes.com.ar\/principal\/2017\/09\/24\/una-vez-mas-claudio-cirone-se-quedo-con-el-cruce-ciudad-de-mercedes\/dscn9827\/#main\" data-orig-file=\"https:\/\/www.hoymercedes.com.ar\/principal\/wp-content\/uploads\/2017\/09\/DSCN9827.jpg\" data-orig-size=\"650,487\" data-comments-opened=\"0\" data-image-meta=\"{&quot;aperture&quot;:&quot;5.6&quot;,&quot;credit&quot;:&quot;&quot;,&quot;camera&quot;:&quot;COOLPIX L310&quot;,&quot;caption&quot;:&quot;&quot;,&quot;created_timestamp&quot;:&quot;1506250040&quot;,&quot;copyright&quot;:&quot;&quot;,&quot;focal_length&quot;:&quot;50&quot;,&quot;iso&quot;:&quot;220&quot;,&quot;shutter_speed&quot;:&quot;0.002&quot;,&quot;title&quot;:&quot;&quot;,&quot;orientation&quot;:&quot;1&quot;}\" data-image-title=\"DSCN9827\" data-image-description=\"\" data-image-caption=\"\" data-large-file=\"https:\/\/www.hoymercedes.com.ar\/principal\/wp-content\/uploads\/2017\/09\/DSCN9827.jpg\" class=\"aligncenter size-medium wp-image-67539\" src=\"https:\/\/www.hoymercedes.com.ar\/principal\/wp-content\/uploads\/2017\/09\/DSCN9827-630x472.jpg\" alt=\"\" width=\"630\" height=\"472\" srcset=\"https:\/\/www.hoymercedes.com.ar\/principal\/wp-content\/uploads\/2017\/09\/DSCN9827-630x472.jpg 630w, https:\/\/www.hoymercedes.com.ar\/principal\/wp-content\/uploads\/2017\/09\/DSCN9827-150x112.jpg 150w, https:\/\/www.hoymercedes.com.ar\/principal\/wp-content\/uploads\/2017\/09\/DSCN9827.jpg 650w\" sizes=\"auto, (max-width: 630px) 100vw, 630px\" \/><\/p>\n","protected":false},"excerpt":{"rendered":"<p>Una nueva edici\u00f3n del Cruce Ciudad de Mercedes, permio Norberto \u00abChupaleta\u00bb Limonta, se llev\u00f3 a cabo con total \u00e9xito la &#8230; <a title=\"Una vez m\u00e1s, Claudio Cirone se qued\u00f3 con el Cruce Ciudad de Mercedes\" class=\"read-more\" href=\"https:\/\/www.hoymercedes.com.ar\/principal\/2017\/09\/24\/una-vez-mas-claudio-cirone-se-quedo-con-el-cruce-ciudad-de-mercedes\/\" aria-label=\"Leer m\u00e1s sobre Una vez m\u00e1s, Claudio Cirone se qued\u00f3 con el Cruce Ciudad de Mercedes\">Leer m\u00e1s<\/a><\/p>\n","protected":false},"author":1,"featured_media":67536,"comment_status":"closed","ping_status":"open","sticky":false,"template":"","format":"standard","meta":{"_monsterinsights_skip_tracking":false,"_monsterinsights_sitenote_active":false,"_monsterinsights_sitenote_note":"","_monsterinsights_sitenote_category":0,"jetpack_post_was_ever_published":false,"_jetpack_newsletter_access":"","_jetpack_dont_email_post_to_subs":false,"_jetpack_newsletter_tier_id":0,"_jetpack_memberships_contains_paywalled_content":false,"_jetpack_memberships_contains_paid_content":false,"footnotes":"","jetpack_publicize_message":"","jetpack_publicize_feature_enabled":true,"jetpack_social_post_already_shared":true,"jetpack_social_options":{"image_generator_settings":{"template":"highway","default_image_id":0,"font":"","enabled":false},"version":2},"_wpas_customize_per_network":false},"categories":[21],"tags":[803,11938,6696],"class_list":["post-67531","post","type-post","status-publish","format-standard","has-post-thumbnail","hentry","category-deportes","tag-atletismo","tag-cruce-ciudad-de-mercedes-claudio-cirone","tag-deporte","generate-columns","tablet-grid-50","mobile-grid-100","grid-parent","grid-50"],"jetpack_publicize_connections":[],"jetpack_featured_media_url":"https:\/\/www.hoymercedes.com.ar\/principal\/wp-content\/uploads\/2017\/09\/DSCN9820.jpg","wps_subtitle":"Atletismo","jetpack_sharing_enabled":true,"_links":{"self":[{"href":"https:\/\/www.hoymercedes.com.ar\/principal\/wp-json\/wp\/v2\/posts\/67531","targetHints":{"allow":["GET"]}}],"collection":[{"href":"https:\/\/www.hoymercedes.com.ar\/principal\/wp-json\/wp\/v2\/posts"}],"about":[{"href":"https:\/\/www.hoymercedes.com.ar\/principal\/wp-json\/wp\/v2\/types\/post"}],"author":[{"embeddable":true,"href":"https:\/\/www.hoymercedes.com.ar\/principal\/wp-json\/wp\/v2\/users\/1"}],"replies":[{"embeddable":true,"href":"https:\/\/www.hoymercedes.com.ar\/principal\/wp-json\/wp\/v2\/comments?post=67531"}],"version-history":[{"count":0,"href":"https:\/\/www.hoymercedes.com.ar\/principal\/wp-json\/wp\/v2\/posts\/67531\/revisions"}],"wp:featuredmedia":[{"embeddable":true,"href":"https:\/\/www.hoymercedes.com.ar\/principal\/wp-json\/wp\/v2\/media\/67536"}],"wp:attachment":[{"href":"https:\/\/www.hoymercedes.com.ar\/principal\/wp-json\/wp\/v2\/media?parent=67531"}],"wp:term":[{"taxonomy":"category","embeddable":true,"href":"https:\/\/www.hoymercedes.com.ar\/principal\/wp-json\/wp\/v2\/categories?post=67531"},{"taxonomy":"post_tag","embeddable":true,"href":"https:\/\/www.hoymercedes.com.ar\/principal\/wp-json\/wp\/v2\/tags?post=67531"}],"curies":[{"name":"wp","href":"https:\/\/api.w.org\/{rel}","templated":true}]}}