{"id":67606,"date":"2017-09-26T07:40:50","date_gmt":"2017-09-26T10:40:50","guid":{"rendered":"http:\/\/www.hoymercedes.com.ar\/principal\/?p=67606"},"modified":"2017-09-26T17:20:47","modified_gmt":"2017-09-26T20:20:47","slug":"tras-positiva-investigacion-policia-comunal-logra-recuperar-bienes-robados-en-catedral","status":"publish","type":"post","link":"https:\/\/www.hoymercedes.com.ar\/principal\/2017\/09\/26\/tras-positiva-investigacion-policia-comunal-logra-recuperar-bienes-robados-en-catedral\/","title":{"rendered":"Tras positiva investigaci\u00f3n Polic\u00eda Comunal logra recuperar bienes robados en Catedral"},"content":{"rendered":"<figure id=\"attachment_67610\" aria-describedby=\"caption-attachment-67610\" style=\"width: 455px\" class=\"wp-caption aligncenter\"><img loading=\"lazy\" decoding=\"async\" data-attachment-id=\"67610\" data-permalink=\"https:\/\/www.hoymercedes.com.ar\/principal\/2017\/09\/26\/tras-positiva-investigacion-policia-comunal-logra-recuperar-bienes-robados-en-catedral\/robo-catedral\/#main\" data-orig-file=\"https:\/\/www.hoymercedes.com.ar\/principal\/wp-content\/uploads\/2017\/09\/robo.catedral.jpeg\" data-orig-size=\"774,1032\" data-comments-opened=\"0\" data-image-meta=\"{&quot;aperture&quot;:&quot;0&quot;,&quot;credit&quot;:&quot;&quot;,&quot;camera&quot;:&quot;&quot;,&quot;caption&quot;:&quot;&quot;,&quot;created_timestamp&quot;:&quot;0&quot;,&quot;copyright&quot;:&quot;&quot;,&quot;focal_length&quot;:&quot;0&quot;,&quot;iso&quot;:&quot;0&quot;,&quot;shutter_speed&quot;:&quot;0&quot;,&quot;title&quot;:&quot;&quot;,&quot;orientation&quot;:&quot;0&quot;}\" data-image-title=\"robo.catedral\" data-image-description=\"\" data-image-caption=\"&lt;p&gt;Robo en Catedral &lt;\/p&gt;\n\" data-large-file=\"https:\/\/www.hoymercedes.com.ar\/principal\/wp-content\/uploads\/2017\/09\/robo.catedral-768x1024.jpeg\" class=\"size-medium wp-image-67610\" src=\"https:\/\/www.hoymercedes.com.ar\/principal\/wp-content\/uploads\/2017\/09\/robo.catedral-465x620.jpeg\" alt=\"\" width=\"465\" height=\"620\" srcset=\"https:\/\/www.hoymercedes.com.ar\/principal\/wp-content\/uploads\/2017\/09\/robo.catedral-465x620.jpeg 465w, https:\/\/www.hoymercedes.com.ar\/principal\/wp-content\/uploads\/2017\/09\/robo.catedral-113x150.jpeg 113w, https:\/\/www.hoymercedes.com.ar\/principal\/wp-content\/uploads\/2017\/09\/robo.catedral-768x1024.jpeg 768w, https:\/\/www.hoymercedes.com.ar\/principal\/wp-content\/uploads\/2017\/09\/robo.catedral.jpeg 774w\" sizes=\"auto, (max-width: 465px) 100vw, 465px\" \/><figcaption id=\"caption-attachment-67610\" class=\"wp-caption-text\">Robo en Catedral<\/figcaption><\/figure>\n<p>&nbsp;<\/p>\n<p>Durante la tarde de este lunes con un allanamiento efectuado en nuestra localidad la Polic\u00eda Comunal conducida por el Comisario Sergio Macedo volvi\u00f3 a expresar el m\u00e1ximo de efectividad logrando resolver un caso que hab\u00eda generado amplia indignaci\u00f3n en la comunidad.<\/p>\n<p>Casi dos semanas atr\u00e1s se conoci\u00f3 la noticia. La Bas\u00edlica Catedral hab\u00eda sido escenario del robo de objetos pertenecientes a nuestra Virgen de la Merced. Su bast\u00f3n y otros objetos hab\u00edan desaparecido.<\/p>\n<p>Dentro de la Bas\u00edlica no hay c\u00e1maras de seguridad, con lo cual, la Polic\u00eda Comunal inici\u00f3 la investigaci\u00f3n desde diversas metodolog\u00edas. La pesquisa fue minuciosa y silenciosa, para no despertar suspicacias.<\/p>\n<p>Los d\u00edas pasaron y el resultado fue de suma alegr\u00eda para la comunidad religiosa local. El Gabinete Criminol\u00f3gico de la Estaci\u00f3n Comunal Mercedes, con el equipo de calle cuyo jefe es el Sub Comisario Delporto, y el acompa\u00f1amiento de la justicia local, se supo que la Polic\u00eda Comunal tras allanamiento en una vivienda de calle 20 entre 37 y 39 se recuper\u00f3 los bienes religiosos robados.<\/p>\n<p>Para el Comisario Sergio Macedo se volvi\u00f3 a dar respuesta \u201ca todos los vecinos\u201d llevando nuevamente \u201ctranquilidad\u201d a los mercedinos y en este caso a toda la feligres\u00eda cat\u00f3lica, y, por supuesto a todos los mercedinos aprovechando nuevamente la oportunidad para \u201cfelicitar a todos los efectivos por su trabajo constante y s\u00f3lido\u201d.<\/p>\n<p>Interviene en el hecho la UFI N\u00b03 del Departamento Judicial Mercedes.<\/p>\n","protected":false},"excerpt":{"rendered":"<p>&nbsp; Durante la tarde de este lunes con un allanamiento efectuado en nuestra localidad la Polic\u00eda Comunal conducida por el &#8230; <a title=\"Tras positiva investigaci\u00f3n Polic\u00eda Comunal logra recuperar bienes robados en Catedral\" class=\"read-more\" href=\"https:\/\/www.hoymercedes.com.ar\/principal\/2017\/09\/26\/tras-positiva-investigacion-policia-comunal-logra-recuperar-bienes-robados-en-catedral\/\" aria-label=\"Leer m\u00e1s sobre Tras positiva investigaci\u00f3n Polic\u00eda Comunal logra recuperar bienes robados en Catedral\">Leer m\u00e1s<\/a><\/p>\n","protected":false},"author":1,"featured_media":67610,"comment_status":"closed","ping_status":"open","sticky":false,"template":"","format":"standard","meta":{"_monsterinsights_skip_tracking":false,"_monsterinsights_sitenote_active":false,"_monsterinsights_sitenote_note":"","_monsterinsights_sitenote_category":0,"jetpack_post_was_ever_published":false,"_jetpack_newsletter_access":"","_jetpack_dont_email_post_to_subs":false,"_jetpack_newsletter_tier_id":0,"_jetpack_memberships_contains_paywalled_content":false,"_jetpack_memberships_contains_paid_content":false,"footnotes":"","jetpack_publicize_message":"","jetpack_publicize_feature_enabled":true,"jetpack_social_post_already_shared":true,"jetpack_social_options":{"image_generator_settings":{"template":"highway","default_image_id":0,"font":"","enabled":false},"version":2},"_wpas_customize_per_network":false},"categories":[85],"tags":[4311,3457,11943,10277],"class_list":["post-67606","post","type-post","status-publish","format-standard","has-post-thumbnail","hentry","category-policial","tag-basilica-catedral","tag-policiales","tag-robo-en-la-catedral","tag-sergio-macedo","generate-columns","tablet-grid-50","mobile-grid-100","grid-parent","grid-50"],"jetpack_publicize_connections":[],"jetpack_featured_media_url":"https:\/\/www.hoymercedes.com.ar\/principal\/wp-content\/uploads\/2017\/09\/robo.catedral.jpeg","wps_subtitle":"","jetpack_sharing_enabled":true,"_links":{"self":[{"href":"https:\/\/www.hoymercedes.com.ar\/principal\/wp-json\/wp\/v2\/posts\/67606","targetHints":{"allow":["GET"]}}],"collection":[{"href":"https:\/\/www.hoymercedes.com.ar\/principal\/wp-json\/wp\/v2\/posts"}],"about":[{"href":"https:\/\/www.hoymercedes.com.ar\/principal\/wp-json\/wp\/v2\/types\/post"}],"author":[{"embeddable":true,"href":"https:\/\/www.hoymercedes.com.ar\/principal\/wp-json\/wp\/v2\/users\/1"}],"replies":[{"embeddable":true,"href":"https:\/\/www.hoymercedes.com.ar\/principal\/wp-json\/wp\/v2\/comments?post=67606"}],"version-history":[{"count":0,"href":"https:\/\/www.hoymercedes.com.ar\/principal\/wp-json\/wp\/v2\/posts\/67606\/revisions"}],"wp:featuredmedia":[{"embeddable":true,"href":"https:\/\/www.hoymercedes.com.ar\/principal\/wp-json\/wp\/v2\/media\/67610"}],"wp:attachment":[{"href":"https:\/\/www.hoymercedes.com.ar\/principal\/wp-json\/wp\/v2\/media?parent=67606"}],"wp:term":[{"taxonomy":"category","embeddable":true,"href":"https:\/\/www.hoymercedes.com.ar\/principal\/wp-json\/wp\/v2\/categories?post=67606"},{"taxonomy":"post_tag","embeddable":true,"href":"https:\/\/www.hoymercedes.com.ar\/principal\/wp-json\/wp\/v2\/tags?post=67606"}],"curies":[{"name":"wp","href":"https:\/\/api.w.org\/{rel}","templated":true}]}}