{"id":67614,"date":"2017-09-27T11:51:15","date_gmt":"2017-09-27T14:51:15","guid":{"rendered":"http:\/\/www.hoymercedes.com.ar\/principal\/?p=67614"},"modified":"2017-09-26T17:13:05","modified_gmt":"2017-09-26T20:13:05","slug":"quilmes-fue-superior-a-gimnasia-de-chivilcoy","status":"publish","type":"post","link":"https:\/\/www.hoymercedes.com.ar\/principal\/2017\/09\/27\/quilmes-fue-superior-a-gimnasia-de-chivilcoy\/","title":{"rendered":"Quilmes fue superior a Gimnasia de Chivilcoy"},"content":{"rendered":"<p><strong><em>Se disput\u00f3 la tira, en forma parcial, \u00a0frente a Gimnasia (Ch), ya que el visitante s\u00f3lo present\u00f3 categor\u00edas Mini y U15. Fue por la 18\u00ba fecha y en ambos partidos fueron victorias contundentes las de Quilmes. En MINI fue victoria por 64 \u2013 35, con excelente actuaci\u00f3n de Juan Bourdieu y gran aporte de Thiago Bongiorno, Valentino Ayesa y Joaqu\u00edn Cabanas para conjugar un gran juego del equipo local.<\/em> <\/strong><\/p>\n<p><img loading=\"lazy\" decoding=\"async\" data-attachment-id=\"67615\" data-permalink=\"https:\/\/www.hoymercedes.com.ar\/principal\/2017\/09\/27\/quilmes-fue-superior-a-gimnasia-de-chivilcoy\/whatsapp-image-2017-09-24-at-18-02-03\/#main\" data-orig-file=\"https:\/\/www.hoymercedes.com.ar\/principal\/wp-content\/uploads\/2017\/09\/WhatsApp-Image-2017-09-24-at-18.02.03.jpeg\" data-orig-size=\"648,486\" data-comments-opened=\"0\" data-image-meta=\"{&quot;aperture&quot;:&quot;0&quot;,&quot;credit&quot;:&quot;&quot;,&quot;camera&quot;:&quot;&quot;,&quot;caption&quot;:&quot;&quot;,&quot;created_timestamp&quot;:&quot;0&quot;,&quot;copyright&quot;:&quot;&quot;,&quot;focal_length&quot;:&quot;0&quot;,&quot;iso&quot;:&quot;0&quot;,&quot;shutter_speed&quot;:&quot;0&quot;,&quot;title&quot;:&quot;&quot;,&quot;orientation&quot;:&quot;0&quot;}\" data-image-title=\"WhatsApp Image 2017-09-24 at 18.02.03\" data-image-description=\"\" data-image-caption=\"\" data-large-file=\"https:\/\/www.hoymercedes.com.ar\/principal\/wp-content\/uploads\/2017\/09\/WhatsApp-Image-2017-09-24-at-18.02.03.jpeg\" class=\"size-medium wp-image-67615 aligncenter\" src=\"https:\/\/www.hoymercedes.com.ar\/principal\/wp-content\/uploads\/2017\/09\/WhatsApp-Image-2017-09-24-at-18.02.03-630x473.jpeg\" alt=\"\" width=\"630\" height=\"473\" srcset=\"https:\/\/www.hoymercedes.com.ar\/principal\/wp-content\/uploads\/2017\/09\/WhatsApp-Image-2017-09-24-at-18.02.03-630x473.jpeg 630w, https:\/\/www.hoymercedes.com.ar\/principal\/wp-content\/uploads\/2017\/09\/WhatsApp-Image-2017-09-24-at-18.02.03-150x113.jpeg 150w, https:\/\/www.hoymercedes.com.ar\/principal\/wp-content\/uploads\/2017\/09\/WhatsApp-Image-2017-09-24-at-18.02.03.jpeg 648w\" sizes=\"auto, (max-width: 630px) 100vw, 630px\" \/><\/p>\n<p>En U15, con muy buenas actuaciones de Franco Festugatto, Marcos Graziadei y Bautista Brilado, fue clara la victoria por 91 a 43. En ambos casos, se trata de un rival que est\u00e1 desde hace dos a\u00f1os tratando de reconstruir su b\u00e1squet, el cual hab\u00eda dejado de jugar por una d\u00e9cada, lo cual hace a la gran diferencia final:<\/p>\n<p>&nbsp;<\/p>\n<p><strong>S\u00edntesis:<\/strong><\/p>\n<p><strong>MINI<\/strong><\/p>\n<p><strong>QUILMES 64:<\/strong>\u00a0Bourdieu 30, T. Bongiorno 8, Ayesa 8, J. Cabanas 8, J.P. Fernandez 5, M. Brilado 2, Acu\u00f1a 2, Milesi 1, Ramponi, Navarro, Portessi, Almir\u00f3n, Cueller, Darritchon, V. Bongiorno. <strong>DT:<\/strong> G. Retegui<\/p>\n<p><strong>GIMNASIA (Ch) 35:<\/strong>\u00a0Franchi 8, Giachetta 6, Palomeque 5, Sarratea 4, Zaragoza 4, Mart\u00ednez 3, Zanollo 2, Reynoso 2, G\u00f3mez 1, Ferraris, Gjud, Raciatti. <strong>DT:<\/strong> F. Lavall\u00e9n<\/p>\n<p>&nbsp;<\/p>\n<p><strong>U15<\/strong><\/p>\n<p><strong>QUILMES 91:\u00a0<\/strong>Festugatto 19, B. Brilado 14, Graziadei 11, Beyer 9, F. Contardi 7, Aveiro 7, Brovelli 7, Lencioni 5, Valdez 4, Indurain 3, Cabana 3, Carcagno 2. <strong>DT:<\/strong> G. Retegui<\/p>\n<p><strong>GIMNASIA (CH) 43:<\/strong>\u00a0N. G\u00f3mez 13, Montanaro 9, L\u00f3pez 8, Monopoli 5, Amerise 4, Posik 4, Di Clemente, Reynoso. <strong>DT:<\/strong> M. Mansilla.<\/p>\n<p>&nbsp;<\/p>\n<p><strong>ABCH: QUILMES FUE LOCAL EN \u00a0PREMINI \u2013 ESCUELITA<\/strong><\/p>\n<p>&nbsp;<\/p>\n<p>Continuando con el desarrollo de los encuentros \u00a0triangulares de Escuelita y Premini, en el d\u00eda de ayer, el Club Quilmes recibi\u00f3 a Estudiantes\u00a0 y Gimnasia (Ch), complet\u00e1ndose una gran jornada para la alegr\u00eda de todos los chicos presentes que juegan a este hermoso deporte. Contando con gran asistencia de padres, familiares y amigos \u00a0y gran confraternidad, se disfrut\u00f3 de una gran jornada de b\u00e1squet de los m\u00e1s chiquitos.<\/p>\n<p>&nbsp;<\/p>\n","protected":false},"excerpt":{"rendered":"<p>Se disput\u00f3 la tira, en forma parcial, \u00a0frente a Gimnasia (Ch), ya que el visitante s\u00f3lo present\u00f3 categor\u00edas Mini y &#8230; <a title=\"Quilmes fue superior a Gimnasia de Chivilcoy\" class=\"read-more\" href=\"https:\/\/www.hoymercedes.com.ar\/principal\/2017\/09\/27\/quilmes-fue-superior-a-gimnasia-de-chivilcoy\/\" aria-label=\"Leer m\u00e1s sobre Quilmes fue superior a Gimnasia de Chivilcoy\">Leer m\u00e1s<\/a><\/p>\n","protected":false},"author":1,"featured_media":67615,"comment_status":"closed","ping_status":"open","sticky":false,"template":"","format":"standard","meta":{"_monsterinsights_skip_tracking":false,"_monsterinsights_sitenote_active":false,"_monsterinsights_sitenote_note":"","_monsterinsights_sitenote_category":0,"jetpack_post_was_ever_published":false,"_jetpack_newsletter_access":"","_jetpack_dont_email_post_to_subs":false,"_jetpack_newsletter_tier_id":0,"_jetpack_memberships_contains_paywalled_content":false,"_jetpack_memberships_contains_paid_content":false,"footnotes":"","jetpack_publicize_message":"","jetpack_publicize_feature_enabled":true,"jetpack_social_post_already_shared":true,"jetpack_social_options":{"image_generator_settings":{"template":"highway","default_image_id":0,"font":"","enabled":false},"version":2},"_wpas_customize_per_network":false},"categories":[21],"tags":[1058,204,11946,1413],"class_list":["post-67614","post","type-post","status-publish","format-standard","has-post-thumbnail","hentry","category-deportes","tag-basquet","tag-deportes-2","tag-gimnasia-de-chivilcoy","tag-quilmes","generate-columns","tablet-grid-50","mobile-grid-100","grid-parent","grid-50"],"jetpack_publicize_connections":[],"jetpack_featured_media_url":"https:\/\/www.hoymercedes.com.ar\/principal\/wp-content\/uploads\/2017\/09\/WhatsApp-Image-2017-09-24-at-18.02.03.jpeg","wps_subtitle":"Basquet","jetpack_sharing_enabled":true,"_links":{"self":[{"href":"https:\/\/www.hoymercedes.com.ar\/principal\/wp-json\/wp\/v2\/posts\/67614","targetHints":{"allow":["GET"]}}],"collection":[{"href":"https:\/\/www.hoymercedes.com.ar\/principal\/wp-json\/wp\/v2\/posts"}],"about":[{"href":"https:\/\/www.hoymercedes.com.ar\/principal\/wp-json\/wp\/v2\/types\/post"}],"author":[{"embeddable":true,"href":"https:\/\/www.hoymercedes.com.ar\/principal\/wp-json\/wp\/v2\/users\/1"}],"replies":[{"embeddable":true,"href":"https:\/\/www.hoymercedes.com.ar\/principal\/wp-json\/wp\/v2\/comments?post=67614"}],"version-history":[{"count":0,"href":"https:\/\/www.hoymercedes.com.ar\/principal\/wp-json\/wp\/v2\/posts\/67614\/revisions"}],"wp:featuredmedia":[{"embeddable":true,"href":"https:\/\/www.hoymercedes.com.ar\/principal\/wp-json\/wp\/v2\/media\/67615"}],"wp:attachment":[{"href":"https:\/\/www.hoymercedes.com.ar\/principal\/wp-json\/wp\/v2\/media?parent=67614"}],"wp:term":[{"taxonomy":"category","embeddable":true,"href":"https:\/\/www.hoymercedes.com.ar\/principal\/wp-json\/wp\/v2\/categories?post=67614"},{"taxonomy":"post_tag","embeddable":true,"href":"https:\/\/www.hoymercedes.com.ar\/principal\/wp-json\/wp\/v2\/tags?post=67614"}],"curies":[{"name":"wp","href":"https:\/\/api.w.org\/{rel}","templated":true}]}}