{"id":67711,"date":"2017-09-29T07:07:04","date_gmt":"2017-09-29T10:07:04","guid":{"rendered":"http:\/\/www.hoymercedes.com.ar\/principal\/?p=67711"},"modified":"2017-09-28T14:59:37","modified_gmt":"2017-09-28T17:59:37","slug":"gol-de-mauro-bustos-en-la-victoria-de-laferrere-vs-excursionistas-video","status":"publish","type":"post","link":"https:\/\/www.hoymercedes.com.ar\/principal\/2017\/09\/29\/gol-de-mauro-bustos-en-la-victoria-de-laferrere-vs-excursionistas-video\/","title":{"rendered":"Gol de Mauro Bustos en la victoria de Laferrere Vs. Excursionistas (Video)"},"content":{"rendered":"<p><strong>Vermouth Deportivo. <em>Por la quinta fecha del torneo de la Primera C, Deportivo Laferrere venci\u00f3 por 2 a 1 a Excursionistas en su estadio. Los goles del conjunto local los marcaron Mauro Bustos y Pablo Desp\u00f3sito mientras que Sergio Valenti anot\u00f3 para el elenco visitante.<\/em><\/strong><\/p>\n<p><img loading=\"lazy\" decoding=\"async\" data-attachment-id=\"67712\" data-permalink=\"https:\/\/www.hoymercedes.com.ar\/principal\/2017\/09\/29\/gol-de-mauro-bustos-en-la-victoria-de-laferrere-vs-excursionistas-video\/mauro-bustos-laferrere-4\/#main\" data-orig-file=\"https:\/\/www.hoymercedes.com.ar\/principal\/wp-content\/uploads\/2017\/09\/Mauro-Bustos-Laferrere-4.jpg\" data-orig-size=\"730,443\" data-comments-opened=\"0\" data-image-meta=\"{&quot;aperture&quot;:&quot;0&quot;,&quot;credit&quot;:&quot;&quot;,&quot;camera&quot;:&quot;&quot;,&quot;caption&quot;:&quot;&quot;,&quot;created_timestamp&quot;:&quot;0&quot;,&quot;copyright&quot;:&quot;&quot;,&quot;focal_length&quot;:&quot;0&quot;,&quot;iso&quot;:&quot;0&quot;,&quot;shutter_speed&quot;:&quot;0&quot;,&quot;title&quot;:&quot;&quot;,&quot;orientation&quot;:&quot;1&quot;}\" data-image-title=\"Mauro Bustos Laferrere 4\" data-image-description=\"\" data-image-caption=\"\" data-large-file=\"https:\/\/www.hoymercedes.com.ar\/principal\/wp-content\/uploads\/2017\/09\/Mauro-Bustos-Laferrere-4.jpg\" class=\"aligncenter size-medium wp-image-67712\" src=\"https:\/\/www.hoymercedes.com.ar\/principal\/wp-content\/uploads\/2017\/09\/Mauro-Bustos-Laferrere-4-630x382.jpg\" alt=\"\" width=\"630\" height=\"382\" srcset=\"https:\/\/www.hoymercedes.com.ar\/principal\/wp-content\/uploads\/2017\/09\/Mauro-Bustos-Laferrere-4-630x382.jpg 630w, https:\/\/www.hoymercedes.com.ar\/principal\/wp-content\/uploads\/2017\/09\/Mauro-Bustos-Laferrere-4-150x91.jpg 150w, https:\/\/www.hoymercedes.com.ar\/principal\/wp-content\/uploads\/2017\/09\/Mauro-Bustos-Laferrere-4.jpg 730w\" sizes=\"auto, (max-width: 630px) 100vw, 630px\" \/><\/p>\n<p>Y un d\u00eda, gan\u00f3 el \u201cVillero\u201d. Cinco partidos tuvieron que pasar para que el equipo dirigido por el \u201cTano\u201d Pasini festejara una victoria y, encima, el cotejo en el que la obtuvo, debi\u00f3 disputarlo en dos d\u00edas diferentes debido a un corte de luz.<\/p>\n<p>Los primeros cuarenta y cinco minutos disputados el lunes pasado, dieron como resultado un empate en uno. El gol de Valenti para el conjunto de Guillermo De Lucca y el empate al minuto de Mauro Bustos para los de Salvador Pasini parec\u00eda que arrojar\u00eda un encuentro con muchas emociones. Sin embargo, el fallo de las torres de iluminaci\u00f3n del estadio hicieron que el match debiera suspenderse.<\/p>\n<p>Ayer, en dos tiempos, uno de 22 y otro de 23 minutos, el elenco de La Matanza encontr\u00f3 la ventaja y el triunfo. A los ocho de la mini etapa complementaria y tras una parte inicial en la que ambos no pudieron pasar al frente en el tanteador, Desp\u00f3sito se llen\u00f3 el pie de gol y decret\u00f3 una victoria m\u00e1s que necesaria para su equipo.<\/p>\n<p>Con este resultado, Deportivo Laferrere suma seis puntos en el torneo, uno m\u00e1s que Excursionistas, que acumul\u00f3 su segunda derrota en el certamen.<\/p>\n<p>En la pr\u00f3xima jornada, los de Pasini visitar\u00e1n al Deportivo Merlo mientras que los de De Lucca recibir\u00e1n a Leandro Nic\u00e9foro Alem.<\/p>\n<p><span class=\"embed-youtube\" style=\"text-align:center; display: block;\"><iframe loading=\"lazy\" class=\"youtube-player\" width=\"1200\" height=\"675\" src=\"https:\/\/www.youtube.com\/embed\/VgID3L0RBic?version=3&#038;rel=1&#038;showsearch=0&#038;showinfo=1&#038;iv_load_policy=1&#038;fs=1&#038;hl=es-ES&#038;autohide=2&#038;wmode=transparent\" allowfullscreen=\"true\" style=\"border:0;\" sandbox=\"allow-scripts allow-same-origin allow-popups allow-presentation allow-popups-to-escape-sandbox\"><\/iframe><\/span><\/p>\n","protected":false},"excerpt":{"rendered":"<p>Vermouth Deportivo. Por la quinta fecha del torneo de la Primera C, Deportivo Laferrere venci\u00f3 por 2 a 1 a &#8230; <a title=\"Gol de Mauro Bustos en la victoria de Laferrere Vs. Excursionistas (Video)\" class=\"read-more\" href=\"https:\/\/www.hoymercedes.com.ar\/principal\/2017\/09\/29\/gol-de-mauro-bustos-en-la-victoria-de-laferrere-vs-excursionistas-video\/\" aria-label=\"Leer m\u00e1s sobre Gol de Mauro Bustos en la victoria de Laferrere Vs. Excursionistas (Video)\">Leer m\u00e1s<\/a><\/p>\n","protected":false},"author":1,"featured_media":67712,"comment_status":"closed","ping_status":"open","sticky":false,"template":"","format":"standard","meta":{"_monsterinsights_skip_tracking":false,"_monsterinsights_sitenote_active":false,"_monsterinsights_sitenote_note":"","_monsterinsights_sitenote_category":0,"jetpack_post_was_ever_published":false,"_jetpack_newsletter_access":"","_jetpack_dont_email_post_to_subs":false,"_jetpack_newsletter_tier_id":0,"_jetpack_memberships_contains_paywalled_content":false,"_jetpack_memberships_contains_paid_content":false,"footnotes":"","jetpack_publicize_message":"","jetpack_publicize_feature_enabled":true,"jetpack_social_post_already_shared":true,"jetpack_social_options":{"image_generator_settings":{"template":"highway","default_image_id":0,"font":"","enabled":false},"version":2},"_wpas_customize_per_network":false},"categories":[21],"tags":[204,1003,8511,10,10725,9770],"class_list":["post-67711","post","type-post","status-publish","format-standard","has-post-thumbnail","hentry","category-deportes","tag-deportes-2","tag-futbol","tag-mauro-bustos","tag-mercedes","tag-primera-c","tag-video","generate-columns","tablet-grid-50","mobile-grid-100","grid-parent","grid-50"],"jetpack_publicize_connections":[],"jetpack_featured_media_url":"https:\/\/www.hoymercedes.com.ar\/principal\/wp-content\/uploads\/2017\/09\/Mauro-Bustos-Laferrere-4.jpg","wps_subtitle":"Primera C","jetpack_sharing_enabled":true,"_links":{"self":[{"href":"https:\/\/www.hoymercedes.com.ar\/principal\/wp-json\/wp\/v2\/posts\/67711","targetHints":{"allow":["GET"]}}],"collection":[{"href":"https:\/\/www.hoymercedes.com.ar\/principal\/wp-json\/wp\/v2\/posts"}],"about":[{"href":"https:\/\/www.hoymercedes.com.ar\/principal\/wp-json\/wp\/v2\/types\/post"}],"author":[{"embeddable":true,"href":"https:\/\/www.hoymercedes.com.ar\/principal\/wp-json\/wp\/v2\/users\/1"}],"replies":[{"embeddable":true,"href":"https:\/\/www.hoymercedes.com.ar\/principal\/wp-json\/wp\/v2\/comments?post=67711"}],"version-history":[{"count":0,"href":"https:\/\/www.hoymercedes.com.ar\/principal\/wp-json\/wp\/v2\/posts\/67711\/revisions"}],"wp:featuredmedia":[{"embeddable":true,"href":"https:\/\/www.hoymercedes.com.ar\/principal\/wp-json\/wp\/v2\/media\/67712"}],"wp:attachment":[{"href":"https:\/\/www.hoymercedes.com.ar\/principal\/wp-json\/wp\/v2\/media?parent=67711"}],"wp:term":[{"taxonomy":"category","embeddable":true,"href":"https:\/\/www.hoymercedes.com.ar\/principal\/wp-json\/wp\/v2\/categories?post=67711"},{"taxonomy":"post_tag","embeddable":true,"href":"https:\/\/www.hoymercedes.com.ar\/principal\/wp-json\/wp\/v2\/tags?post=67711"}],"curies":[{"name":"wp","href":"https:\/\/api.w.org\/{rel}","templated":true}]}}