{"id":67721,"date":"2017-09-27T21:12:40","date_gmt":"2017-09-28T00:12:40","guid":{"rendered":"http:\/\/www.hoymercedes.com.ar\/principal\/?p=67721"},"modified":"2017-09-27T21:12:40","modified_gmt":"2017-09-28T00:12:40","slug":"por-falso-secuestro-la-justicia-imputo-a-maria-fernandez","status":"publish","type":"post","link":"https:\/\/www.hoymercedes.com.ar\/principal\/2017\/09\/27\/por-falso-secuestro-la-justicia-imputo-a-maria-fernandez\/","title":{"rendered":"Por falso secuestro la justicia imput\u00f3 a Mar\u00eda Fern\u00e1ndez"},"content":{"rendered":"<figure id=\"attachment_67723\" aria-describedby=\"caption-attachment-67723\" style=\"width: 448px\" class=\"wp-caption aligncenter\"><img loading=\"lazy\" decoding=\"async\" data-attachment-id=\"67723\" data-permalink=\"https:\/\/www.hoymercedes.com.ar\/principal\/2017\/09\/27\/por-falso-secuestro-la-justicia-imputo-a-maria-fernandez\/mariafernandez\/#main\" data-orig-file=\"https:\/\/www.hoymercedes.com.ar\/principal\/wp-content\/uploads\/2017\/09\/mariafernandez.jpg\" data-orig-size=\"630,852\" data-comments-opened=\"0\" data-image-meta=\"{&quot;aperture&quot;:&quot;0&quot;,&quot;credit&quot;:&quot;&quot;,&quot;camera&quot;:&quot;&quot;,&quot;caption&quot;:&quot;&quot;,&quot;created_timestamp&quot;:&quot;0&quot;,&quot;copyright&quot;:&quot;&quot;,&quot;focal_length&quot;:&quot;0&quot;,&quot;iso&quot;:&quot;0&quot;,&quot;shutter_speed&quot;:&quot;0&quot;,&quot;title&quot;:&quot;&quot;,&quot;orientation&quot;:&quot;0&quot;}\" data-image-title=\"mariafernandez\" data-image-description=\"\" data-image-caption=\"&lt;p&gt;Mar\u00eda Fern\u00e1ndez&lt;\/p&gt;\n\" data-large-file=\"https:\/\/www.hoymercedes.com.ar\/principal\/wp-content\/uploads\/2017\/09\/mariafernandez.jpg\" class=\"size-medium wp-image-67723\" src=\"https:\/\/www.hoymercedes.com.ar\/principal\/wp-content\/uploads\/2017\/09\/mariafernandez-458x620.jpg\" alt=\"\" width=\"458\" height=\"620\" srcset=\"https:\/\/www.hoymercedes.com.ar\/principal\/wp-content\/uploads\/2017\/09\/mariafernandez-458x620.jpg 458w, https:\/\/www.hoymercedes.com.ar\/principal\/wp-content\/uploads\/2017\/09\/mariafernandez-111x150.jpg 111w, https:\/\/www.hoymercedes.com.ar\/principal\/wp-content\/uploads\/2017\/09\/mariafernandez.jpg 630w\" sizes=\"auto, (max-width: 458px) 100vw, 458px\" \/><figcaption id=\"caption-attachment-67723\" class=\"wp-caption-text\">Mar\u00eda Fern\u00e1ndez<\/figcaption><\/figure>\n<p>Tras la fuerte movilizaci\u00f3n de la Polic\u00eda Comunal, la U.F.I.N\u00b03 y la Secretar\u00eda de Seguridad, con revisi\u00f3n de c\u00e1maras, cuadrillas de polic\u00edas, investigaci\u00f3n, difusiones oficiales y contactos con diversas localidades e instituciones en menos de 24hs la Polic\u00eda Comunal logr\u00f3 encontrar a la vecina Mar\u00eda Ester Fern\u00e1ndez en la localidad de Navarro.<\/p>\n<p>Tras la intervenci\u00f3n judicial y policial encabezada por el Dr Illanies y el Comisario Macedo respectivamente se detect\u00f3 que la vecina pas\u00f3 la noche en la localidad de Villar, en casa de una amiga y que se determina, tras mediar testimonios, material f\u00edlmico del Centro de Monitoreo Municipal y el cruce de datos, que la vecina habr\u00eda incurrido en contradicciones descart\u00e1ndose por completo alg\u00fan tipo de secuestro o algo similar. Tal situaci\u00f3n motiva el inicio de una causa que podr\u00eda derivar en ser acusada de falso testimonio, decisi\u00f3n que tomar\u00e1 la justicia en las pr\u00f3ximas horas.<\/p>\n<p>Ahora el asunto seguir\u00e1 en manos de la justicia. Tanto el intendente como la Secretaria de Seguridad, Josefina Kelly, felicitaron a la fiscal\u00eda de turno y a la Polic\u00eda por el r\u00e1pido accionar y resoluci\u00f3n del caso.<\/p>\n","protected":false},"excerpt":{"rendered":"<p>Tras la fuerte movilizaci\u00f3n de la Polic\u00eda Comunal, la U.F.I.N\u00b03 y la Secretar\u00eda de Seguridad, con revisi\u00f3n de c\u00e1maras, cuadrillas &#8230; <a title=\"Por falso secuestro la justicia imput\u00f3 a Mar\u00eda Fern\u00e1ndez\" class=\"read-more\" href=\"https:\/\/www.hoymercedes.com.ar\/principal\/2017\/09\/27\/por-falso-secuestro-la-justicia-imputo-a-maria-fernandez\/\" aria-label=\"Leer m\u00e1s sobre Por falso secuestro la justicia imput\u00f3 a Mar\u00eda Fern\u00e1ndez\">Leer m\u00e1s<\/a><\/p>\n","protected":false},"author":1,"featured_media":67723,"comment_status":"closed","ping_status":"open","sticky":false,"template":"","format":"standard","meta":{"_monsterinsights_skip_tracking":false,"_monsterinsights_sitenote_active":false,"_monsterinsights_sitenote_note":"","_monsterinsights_sitenote_category":0,"jetpack_post_was_ever_published":false,"_jetpack_newsletter_access":"","_jetpack_dont_email_post_to_subs":false,"_jetpack_newsletter_tier_id":0,"_jetpack_memberships_contains_paywalled_content":false,"_jetpack_memberships_contains_paid_content":false,"footnotes":"","jetpack_publicize_message":"","jetpack_publicize_feature_enabled":true,"jetpack_social_post_already_shared":true,"jetpack_social_options":{"image_generator_settings":{"template":"highway","default_image_id":0,"font":"","enabled":false},"version":2},"_wpas_customize_per_network":false},"categories":[85],"tags":[11959,11958,10277],"class_list":["post-67721","post","type-post","status-publish","format-standard","has-post-thumbnail","hentry","category-policial","tag-falso-secuestro","tag-fiscalia-3","tag-sergio-macedo","generate-columns","tablet-grid-50","mobile-grid-100","grid-parent","grid-50"],"jetpack_publicize_connections":[],"jetpack_featured_media_url":"https:\/\/www.hoymercedes.com.ar\/principal\/wp-content\/uploads\/2017\/09\/mariafernandez.jpg","wps_subtitle":"Intervenci\u00f3n judicial","jetpack_sharing_enabled":true,"_links":{"self":[{"href":"https:\/\/www.hoymercedes.com.ar\/principal\/wp-json\/wp\/v2\/posts\/67721","targetHints":{"allow":["GET"]}}],"collection":[{"href":"https:\/\/www.hoymercedes.com.ar\/principal\/wp-json\/wp\/v2\/posts"}],"about":[{"href":"https:\/\/www.hoymercedes.com.ar\/principal\/wp-json\/wp\/v2\/types\/post"}],"author":[{"embeddable":true,"href":"https:\/\/www.hoymercedes.com.ar\/principal\/wp-json\/wp\/v2\/users\/1"}],"replies":[{"embeddable":true,"href":"https:\/\/www.hoymercedes.com.ar\/principal\/wp-json\/wp\/v2\/comments?post=67721"}],"version-history":[{"count":0,"href":"https:\/\/www.hoymercedes.com.ar\/principal\/wp-json\/wp\/v2\/posts\/67721\/revisions"}],"wp:featuredmedia":[{"embeddable":true,"href":"https:\/\/www.hoymercedes.com.ar\/principal\/wp-json\/wp\/v2\/media\/67723"}],"wp:attachment":[{"href":"https:\/\/www.hoymercedes.com.ar\/principal\/wp-json\/wp\/v2\/media?parent=67721"}],"wp:term":[{"taxonomy":"category","embeddable":true,"href":"https:\/\/www.hoymercedes.com.ar\/principal\/wp-json\/wp\/v2\/categories?post=67721"},{"taxonomy":"post_tag","embeddable":true,"href":"https:\/\/www.hoymercedes.com.ar\/principal\/wp-json\/wp\/v2\/tags?post=67721"}],"curies":[{"name":"wp","href":"https:\/\/api.w.org\/{rel}","templated":true}]}}