{"id":67763,"date":"2017-09-29T01:03:22","date_gmt":"2017-09-29T04:03:22","guid":{"rendered":"http:\/\/www.hoymercedes.com.ar\/principal\/?p=67763"},"modified":"2017-09-28T20:35:27","modified_gmt":"2017-09-28T23:35:27","slug":"nuevo-sistema-de-comunicacion-entre-policia-y-vecinos-rurales","status":"publish","type":"post","link":"https:\/\/www.hoymercedes.com.ar\/principal\/2017\/09\/29\/nuevo-sistema-de-comunicacion-entre-policia-y-vecinos-rurales\/","title":{"rendered":"Nuevo sistema de comunicaci\u00f3n entre polic\u00eda y vecinos rurales"},"content":{"rendered":"<p>El Comando de Prevenci\u00f3n Rural Mercedes, a cargo del Comisario Miguel Jes\u00fas Chulia, comunica que a partir de la corriente semana comienza a utilizarse un nuevo sistema para garantizar la seguridad de los vecinos de la zona rural y mantenerse en un contacto directo con los habitantes de dicha zona.<\/p>\n<p>La jurisdicci\u00f3n del CPR tendr\u00e1 un grupo de Whatsapp integrado por propietarios, inquilinos o moradores y personal de la fuerza.<\/p>\n<p>El grupo tendr\u00e1 el solo fin de dar conocimiento de todo tipo de informaci\u00f3n\u00a0 que sea de utilidad en razones de seguridad.<\/p>\n<p>En caso de que exista un problema cada miembro podr\u00e1 enviar un geolocalizaci\u00f3n (servicio que incluye la aplicaci\u00f3n) para que el personal del CPR pueda asistir al lugar exacto.<\/p>\n<p>Para aquellos vecinos que no posean el sistema o no lo sepan utilizar en su totalidad, el personal policial se ofrece para instruirlo.<\/p>\n<p>Asimismo y por razones de seguridad\u00a0 los vecinos rurales ser\u00e1n visitados por personal de este elemento quienes brindar\u00e1n el n\u00famero de contacto y registrar\u00e9 el mismo en una planilla la cual quedar\u00e1n asentados y acreditados como vecino rural.<\/p>\n<p>Se invita a los interesados a presentarse en las oficinas del Comando de Prevenci\u00f3n Rural Mercedes, sito en calle 35 y 104 de Mercedes (primer piso de la Terminal de \u00d3mnibus) o acercarse al stand que el CPR tendr\u00e1 en la pr\u00f3xima Expo Rural Mercedes.<\/p>\n<p>&nbsp;<\/p>\n<p>Fuente: Comunicaciones CPR<\/p>\n","protected":false},"excerpt":{"rendered":"<p>El Comando de Prevenci\u00f3n Rural Mercedes, a cargo del Comisario Miguel Jes\u00fas Chulia, comunica que a partir de la corriente &#8230; <a title=\"Nuevo sistema de comunicaci\u00f3n entre polic\u00eda y vecinos rurales\" class=\"read-more\" href=\"https:\/\/www.hoymercedes.com.ar\/principal\/2017\/09\/29\/nuevo-sistema-de-comunicacion-entre-policia-y-vecinos-rurales\/\" aria-label=\"Leer m\u00e1s sobre Nuevo sistema de comunicaci\u00f3n entre polic\u00eda y vecinos rurales\">Leer m\u00e1s<\/a><\/p>\n","protected":false},"author":1,"featured_media":67764,"comment_status":"closed","ping_status":"open","sticky":false,"template":"","format":"standard","meta":{"_monsterinsights_skip_tracking":false,"_monsterinsights_sitenote_active":false,"_monsterinsights_sitenote_note":"","_monsterinsights_sitenote_category":0,"jetpack_post_was_ever_published":false,"_jetpack_newsletter_access":"","_jetpack_dont_email_post_to_subs":false,"_jetpack_newsletter_tier_id":0,"_jetpack_memberships_contains_paywalled_content":false,"_jetpack_memberships_contains_paid_content":false,"footnotes":"","jetpack_publicize_message":"","jetpack_publicize_feature_enabled":true,"jetpack_social_post_already_shared":true,"jetpack_social_options":{"image_generator_settings":{"template":"highway","default_image_id":0,"font":"","enabled":false},"version":2},"_wpas_customize_per_network":false},"categories":[85],"tags":[11967,10,11012,11966],"class_list":["post-67763","post","type-post","status-publish","format-standard","has-post-thumbnail","hentry","category-policial","tag-mensajeria-instantanea","tag-mercedes","tag-policia-rural","tag-sistema-de-comunicacion","generate-columns","tablet-grid-50","mobile-grid-100","grid-parent","grid-50"],"jetpack_publicize_connections":[],"jetpack_featured_media_url":"https:\/\/www.hoymercedes.com.ar\/principal\/wp-content\/uploads\/2017\/09\/28-patrulla-rural-policia.jpg","wps_subtitle":"Implementan sistema de alerta","jetpack_sharing_enabled":true,"_links":{"self":[{"href":"https:\/\/www.hoymercedes.com.ar\/principal\/wp-json\/wp\/v2\/posts\/67763","targetHints":{"allow":["GET"]}}],"collection":[{"href":"https:\/\/www.hoymercedes.com.ar\/principal\/wp-json\/wp\/v2\/posts"}],"about":[{"href":"https:\/\/www.hoymercedes.com.ar\/principal\/wp-json\/wp\/v2\/types\/post"}],"author":[{"embeddable":true,"href":"https:\/\/www.hoymercedes.com.ar\/principal\/wp-json\/wp\/v2\/users\/1"}],"replies":[{"embeddable":true,"href":"https:\/\/www.hoymercedes.com.ar\/principal\/wp-json\/wp\/v2\/comments?post=67763"}],"version-history":[{"count":0,"href":"https:\/\/www.hoymercedes.com.ar\/principal\/wp-json\/wp\/v2\/posts\/67763\/revisions"}],"wp:featuredmedia":[{"embeddable":true,"href":"https:\/\/www.hoymercedes.com.ar\/principal\/wp-json\/wp\/v2\/media\/67764"}],"wp:attachment":[{"href":"https:\/\/www.hoymercedes.com.ar\/principal\/wp-json\/wp\/v2\/media?parent=67763"}],"wp:term":[{"taxonomy":"category","embeddable":true,"href":"https:\/\/www.hoymercedes.com.ar\/principal\/wp-json\/wp\/v2\/categories?post=67763"},{"taxonomy":"post_tag","embeddable":true,"href":"https:\/\/www.hoymercedes.com.ar\/principal\/wp-json\/wp\/v2\/tags?post=67763"}],"curies":[{"name":"wp","href":"https:\/\/api.w.org\/{rel}","templated":true}]}}