{"id":67823,"date":"2017-09-30T21:25:25","date_gmt":"2017-10-01T00:25:25","guid":{"rendered":"http:\/\/www.hoymercedes.com.ar\/principal\/?p=67823"},"modified":"2017-09-30T19:30:26","modified_gmt":"2017-09-30T22:30:26","slug":"club-union-firma-convenio-con-el-municipio-por-cesion-de-terrenos","status":"publish","type":"post","link":"https:\/\/www.hoymercedes.com.ar\/principal\/2017\/09\/30\/club-union-firma-convenio-con-el-municipio-por-cesion-de-terrenos\/","title":{"rendered":"Club uni\u00f3n firma convenio con el Municipio por cesi\u00f3n de terrenos"},"content":{"rendered":"<p>Con gran alegr\u00eda institucional se firm\u00f3 el convenio para que \u201cClub Uni\u00f3n\u201d construya un nuevo predio deportivo en beneficio de toda su comunidad. La r\u00fabrica se hizo con el intendente Juan Ignacio Ustarroz. Ser\u00e1 elevado al Concejo Deliberante. \u201cEs un momento hist\u00f3rico\u201d, remarcaron institucionalmente.<\/p>\n<p>En conferencia de prensa y con un marco importante dado que participaron varios representantes de la instituci\u00f3n el primer mandatario local coment\u00f3 que se reunieron para \u201cformalizar un convenio con las autoridades del Club Uni\u00f3n de la sesi\u00f3n de uso de unos terrenos municipales situados en el Barrio Favaloro\u201d y que \u201cesto constituye un apoyo muy importante al deporte que es uno de los ejes centrales de esta gesti\u00f3n y con ello a quienes cumplen la funci\u00f3n de estar al frente de los clubes, que sin su labor al \u00a0Estado se le har\u00eda imposible brindar el servicio que brindan todos los d\u00edas\u201d coment\u00f3 y puso nuevamente el valor de la acci\u00f3n social de las instituciones deportivas el intendente Ustarroz.<\/p>\n<p>&nbsp;<\/p>\n<p>\u201cDesde el inicio de nuestra gesti\u00f3n estamos ayudando a todos los clubes a mejorar la infraestructura, apoyar a los clubes en conseguir espacios, acompa\u00f1ando a los deportistas destacados y en una relaci\u00f3n de trabajo a la que llamamos\u00a0\u201cEsfuerzo Compartidos\u201d,\u00a0donde la Municipalidad pone un porcentaje del valor de la obra y el resto lo pone el club a trav\u00e9s del esfuerzo, como por ejemplo como hicimos con la implementaci\u00f3n de las cenas solidarias donde la Municipalidad pone el 100% de la comida y el total de la recaudaci\u00f3n es para el club\u201d narr\u00f3 el intendente y luego sostuvo que \u201cel pedido del Club Uni\u00f3n lo ten\u00edamos desde hace tiempo y con respecto al terrenos se hab\u00eda hablado en su momento de utilizar el terreno de la Av. 29 y calle 6, que por razones ajenas a nosotros no se pudo formalizar\u201d.<\/p>\n<p>&nbsp;<\/p>\n<p>El primer mandatario local destac\u00f3 que \u201clo charlamos con los vecinos y vamos a respetar la primera manzana para la realizaci\u00f3n de una plaza inclusiva para el barrio y las otras dos para el Uni\u00f3n. Tambi\u00e9n un espacio de recreaci\u00f3n, dando mucha vida al lugar y bienestar pleno a los vecinos\u201d, sostuvo Ustarroz.<\/p>\n<p>&nbsp;<\/p>\n<p>El presidente del Club, que estuvo, como se dijo, acompa\u00f1ado de varios miembros de la instituci\u00f3n, expres\u00f3 que \u201cnosotros estamos muy agradecidos de poder contar con estas tierras que hace rato que las venimos gestionando\u201d coment\u00f3 y remarc\u00f3 que \u201cel proyecto de esta comisi\u00f3n siempre fue la de poder jugar en un s\u00f3lo predio. Sabemos que si no fuese por esta posibilidad el proyecto de un club de barrio ser\u00eda imposible, es el cumplimiento de un sue\u00f1o hecho realidad y siempre pensando en los j\u00f3venes que hacen deporte\u00bb\u00a0 dijo el presidente del Club, Gabriel Bidart.<\/p>\n<p>Particip\u00f3 tambi\u00e9n del encuentro el Director de Deportes, Mart\u00edn Silvestre y el coordinador del \u00e1rea, Pablo Massa siendo junto a Mariana Saboredo el equipo que desde el inicio de la gesti\u00f3n vienen actuando en relaci\u00f3n constante con todas las instituciones deportivas de la ciudad.<\/p>\n<p>Fuente: Prensa Municipal<\/p>\n","protected":false},"excerpt":{"rendered":"<p>Con gran alegr\u00eda institucional se firm\u00f3 el convenio para que \u201cClub Uni\u00f3n\u201d construya un nuevo predio deportivo en beneficio de &#8230; <a title=\"Club uni\u00f3n firma convenio con el Municipio por cesi\u00f3n de terrenos\" class=\"read-more\" href=\"https:\/\/www.hoymercedes.com.ar\/principal\/2017\/09\/30\/club-union-firma-convenio-con-el-municipio-por-cesion-de-terrenos\/\" aria-label=\"Leer m\u00e1s sobre Club uni\u00f3n firma convenio con el Municipio por cesi\u00f3n de terrenos\">Leer m\u00e1s<\/a><\/p>\n","protected":false},"author":1,"featured_media":67824,"comment_status":"closed","ping_status":"open","sticky":false,"template":"","format":"standard","meta":{"_monsterinsights_skip_tracking":false,"_monsterinsights_sitenote_active":false,"_monsterinsights_sitenote_note":"","_monsterinsights_sitenote_category":0,"jetpack_post_was_ever_published":false,"_jetpack_newsletter_access":"","_jetpack_dont_email_post_to_subs":false,"_jetpack_newsletter_tier_id":0,"_jetpack_memberships_contains_paywalled_content":false,"_jetpack_memberships_contains_paid_content":false,"footnotes":"","jetpack_publicize_message":"","jetpack_publicize_feature_enabled":true,"jetpack_social_post_already_shared":true,"jetpack_social_options":{"image_generator_settings":{"template":"highway","default_image_id":0,"font":"","enabled":false},"version":2},"_wpas_customize_per_network":false},"categories":[30],"tags":[2063,11981,2377,11980,244,10440],"class_list":["post-67823","post","type-post","status-publish","format-standard","has-post-thumbnail","hentry","category-municipio","tag-barrio-favaloro","tag-cesion-de-predio","tag-club-union","tag-covnenio","tag-municipio-2","tag-predio","generate-columns","tablet-grid-50","mobile-grid-100","grid-parent","grid-50"],"jetpack_publicize_connections":[],"jetpack_featured_media_url":"https:\/\/www.hoymercedes.com.ar\/principal\/wp-content\/uploads\/2017\/09\/30-muni-uni\u00f3n.jpg","wps_subtitle":"Para un nuevo predio deportivo","jetpack_sharing_enabled":true,"_links":{"self":[{"href":"https:\/\/www.hoymercedes.com.ar\/principal\/wp-json\/wp\/v2\/posts\/67823","targetHints":{"allow":["GET"]}}],"collection":[{"href":"https:\/\/www.hoymercedes.com.ar\/principal\/wp-json\/wp\/v2\/posts"}],"about":[{"href":"https:\/\/www.hoymercedes.com.ar\/principal\/wp-json\/wp\/v2\/types\/post"}],"author":[{"embeddable":true,"href":"https:\/\/www.hoymercedes.com.ar\/principal\/wp-json\/wp\/v2\/users\/1"}],"replies":[{"embeddable":true,"href":"https:\/\/www.hoymercedes.com.ar\/principal\/wp-json\/wp\/v2\/comments?post=67823"}],"version-history":[{"count":0,"href":"https:\/\/www.hoymercedes.com.ar\/principal\/wp-json\/wp\/v2\/posts\/67823\/revisions"}],"wp:featuredmedia":[{"embeddable":true,"href":"https:\/\/www.hoymercedes.com.ar\/principal\/wp-json\/wp\/v2\/media\/67824"}],"wp:attachment":[{"href":"https:\/\/www.hoymercedes.com.ar\/principal\/wp-json\/wp\/v2\/media?parent=67823"}],"wp:term":[{"taxonomy":"category","embeddable":true,"href":"https:\/\/www.hoymercedes.com.ar\/principal\/wp-json\/wp\/v2\/categories?post=67823"},{"taxonomy":"post_tag","embeddable":true,"href":"https:\/\/www.hoymercedes.com.ar\/principal\/wp-json\/wp\/v2\/tags?post=67823"}],"curies":[{"name":"wp","href":"https:\/\/api.w.org\/{rel}","templated":true}]}}