{"id":67869,"date":"2017-10-01T18:20:14","date_gmt":"2017-10-01T21:20:14","guid":{"rendered":"http:\/\/www.hoymercedes.com.ar\/principal\/?p=67869"},"modified":"2017-10-01T17:22:27","modified_gmt":"2017-10-01T20:22:27","slug":"proteccion-civil-mercedes-colaboro-en-la-peregrinacion-de-jovenes","status":"publish","type":"post","link":"https:\/\/www.hoymercedes.com.ar\/principal\/2017\/10\/01\/proteccion-civil-mercedes-colaboro-en-la-peregrinacion-de-jovenes\/","title":{"rendered":"Protecci\u00f3n Civil Mercedes colabor\u00f3 en la peregrinaci\u00f3n de j\u00f3venes"},"content":{"rendered":"<p>Una vez m\u00e1s nuestra ciudad es part\u00edcipe de grandes acontecimientos a nivel regional. En esta ocasi\u00f3n la Direcci\u00f3n de Protecci\u00f3n Civil a cargo de Esteban Chal\u00e1 fueron parte de la Peregrinaci\u00f3n a la Virgen de Luj\u00e1n que se da cada a\u00f1o. Participaron de la asistencia a los miles de fieles que arribaron en peregrinaci\u00f3n a la vecina localidad y, por supuesto, entre ellos mercedinos.<\/p>\n<p>\u201cNo es la primera vez que actuamos en una situaci\u00f3n as\u00ed\u201d cont\u00f3 Esteban Chal\u00e1, que hace tan s\u00f3lo unas semanas su Direcci\u00f3n tambi\u00e9n fue parte de actividades convocado por la Provincia cuando las fuertes lluvias amenazaban la Cuenca del R\u00edo Luj\u00e1n y se convirti\u00f3 Mercedes en cabecera de potenciales auxilios.<\/p>\n<p>\u201cSomos uno de los puestos sanitarios y socorro. Nuestra Direcci\u00f3n sabe que vienen muchos mercedinos, pero tambi\u00e9n feligreses de todo el pa\u00eds y la masividad requiere estar atentos\u201d, cont\u00f3.<\/p>\n<p>En el acceso principal, con la Bas\u00edlica de fondo, fueron muchos los mercedinos que vieron los banners de nuestra Direcci\u00f3n Municipal de Protecci\u00f3n Civil que se encontraba asistiendo no s\u00f3lo a ellos, sino tambi\u00e9n a quien lo necesitara.<\/p>\n<p>&nbsp;<\/p>\n<p>Fuente: Prensa Municipal<\/p>\n","protected":false},"excerpt":{"rendered":"<p>Una vez m\u00e1s nuestra ciudad es part\u00edcipe de grandes acontecimientos a nivel regional. En esta ocasi\u00f3n la Direcci\u00f3n de Protecci\u00f3n &#8230; <a title=\"Protecci\u00f3n Civil Mercedes colabor\u00f3 en la peregrinaci\u00f3n de j\u00f3venes\" class=\"read-more\" href=\"https:\/\/www.hoymercedes.com.ar\/principal\/2017\/10\/01\/proteccion-civil-mercedes-colaboro-en-la-peregrinacion-de-jovenes\/\" aria-label=\"Leer m\u00e1s sobre Protecci\u00f3n Civil Mercedes colabor\u00f3 en la peregrinaci\u00f3n de j\u00f3venes\">Leer m\u00e1s<\/a><\/p>\n","protected":false},"author":1,"featured_media":67870,"comment_status":"closed","ping_status":"open","sticky":false,"template":"","format":"standard","meta":{"_monsterinsights_skip_tracking":false,"_monsterinsights_sitenote_active":false,"_monsterinsights_sitenote_note":"","_monsterinsights_sitenote_category":0,"jetpack_post_was_ever_published":false,"_jetpack_newsletter_access":"","_jetpack_dont_email_post_to_subs":false,"_jetpack_newsletter_tier_id":0,"_jetpack_memberships_contains_paywalled_content":false,"_jetpack_memberships_contains_paid_content":false,"footnotes":"","jetpack_publicize_message":"","jetpack_publicize_feature_enabled":true,"jetpack_social_post_already_shared":true,"jetpack_social_options":{"image_generator_settings":{"template":"highway","default_image_id":0,"font":"","enabled":false},"version":2},"_wpas_customize_per_network":false},"categories":[30],"tags":[10,244,11991,9122],"class_list":["post-67869","post","type-post","status-publish","format-standard","has-post-thumbnail","hentry","category-municipio","tag-mercedes","tag-municipio-2","tag-peregrinacion-a-lujan","tag-proteccion-civil","generate-columns","tablet-grid-50","mobile-grid-100","grid-parent","grid-50"],"jetpack_publicize_connections":[],"jetpack_featured_media_url":"https:\/\/www.hoymercedes.com.ar\/principal\/wp-content\/uploads\/2017\/10\/01-ProteccionCivil-Mercedes-2.jpeg","wps_subtitle":"En Luj\u00e1n","jetpack_sharing_enabled":true,"_links":{"self":[{"href":"https:\/\/www.hoymercedes.com.ar\/principal\/wp-json\/wp\/v2\/posts\/67869","targetHints":{"allow":["GET"]}}],"collection":[{"href":"https:\/\/www.hoymercedes.com.ar\/principal\/wp-json\/wp\/v2\/posts"}],"about":[{"href":"https:\/\/www.hoymercedes.com.ar\/principal\/wp-json\/wp\/v2\/types\/post"}],"author":[{"embeddable":true,"href":"https:\/\/www.hoymercedes.com.ar\/principal\/wp-json\/wp\/v2\/users\/1"}],"replies":[{"embeddable":true,"href":"https:\/\/www.hoymercedes.com.ar\/principal\/wp-json\/wp\/v2\/comments?post=67869"}],"version-history":[{"count":0,"href":"https:\/\/www.hoymercedes.com.ar\/principal\/wp-json\/wp\/v2\/posts\/67869\/revisions"}],"wp:featuredmedia":[{"embeddable":true,"href":"https:\/\/www.hoymercedes.com.ar\/principal\/wp-json\/wp\/v2\/media\/67870"}],"wp:attachment":[{"href":"https:\/\/www.hoymercedes.com.ar\/principal\/wp-json\/wp\/v2\/media?parent=67869"}],"wp:term":[{"taxonomy":"category","embeddable":true,"href":"https:\/\/www.hoymercedes.com.ar\/principal\/wp-json\/wp\/v2\/categories?post=67869"},{"taxonomy":"post_tag","embeddable":true,"href":"https:\/\/www.hoymercedes.com.ar\/principal\/wp-json\/wp\/v2\/tags?post=67869"}],"curies":[{"name":"wp","href":"https:\/\/api.w.org\/{rel}","templated":true}]}}