{"id":67896,"date":"2017-10-02T09:51:07","date_gmt":"2017-10-02T12:51:07","guid":{"rendered":"http:\/\/www.hoymercedes.com.ar\/principal\/?p=67896"},"modified":"2017-10-02T15:58:40","modified_gmt":"2017-10-02T18:58:40","slug":"el-arq-doratti-instalo-una-propuesta-para-espiar-europa-al-trote","status":"publish","type":"post","link":"https:\/\/www.hoymercedes.com.ar\/principal\/2017\/10\/02\/el-arq-doratti-instalo-una-propuesta-para-espiar-europa-al-trote\/","title":{"rendered":"El Arq. Doratti instal\u00f3 una propuesta para \u00abespiar Europa al trote\u00bb"},"content":{"rendered":"<p>En la noche del s\u00e1bado, el arquitecto Juan Carlos Doratti present\u00f3 \u201cEspiando Europa (al trote)\u201d. En una de las pre salas del Museo de Arte \u00abMunicipalidad de Mercedes\u00bb (MAMM) se instal\u00f3 una muestra \u00abno-fotogr\u00e1fica\u00bb con im\u00e1genes para espiar el viejo continente.<\/p>\n<p><img loading=\"lazy\" decoding=\"async\" data-attachment-id=\"67847\" data-permalink=\"https:\/\/www.hoymercedes.com.ar\/principal\/2017\/10\/01\/hubo-encuentro-interescolar-con-ninos-de-4-ano-del-primario\/01-doratti-2\/#main\" data-orig-file=\"https:\/\/www.hoymercedes.com.ar\/principal\/wp-content\/uploads\/2017\/10\/01-doratti-2.jpg\" data-orig-size=\"630,420\" data-comments-opened=\"0\" data-image-meta=\"{&quot;aperture&quot;:&quot;3.8&quot;,&quot;credit&quot;:&quot;&quot;,&quot;camera&quot;:&quot;NIKON D3100&quot;,&quot;caption&quot;:&quot;&quot;,&quot;created_timestamp&quot;:&quot;1506803953&quot;,&quot;copyright&quot;:&quot;&quot;,&quot;focal_length&quot;:&quot;24&quot;,&quot;iso&quot;:&quot;2000&quot;,&quot;shutter_speed&quot;:&quot;0.016666666666667&quot;,&quot;title&quot;:&quot;&quot;,&quot;orientation&quot;:&quot;1&quot;}\" data-image-title=\"01 doratti 2\" data-image-description=\"\" data-image-caption=\"\" data-large-file=\"https:\/\/www.hoymercedes.com.ar\/principal\/wp-content\/uploads\/2017\/10\/01-doratti-2.jpg\" class=\"aligncenter size-medium wp-image-67847\" src=\"https:\/\/www.hoymercedes.com.ar\/principal\/wp-content\/uploads\/2017\/10\/01-doratti-2-630x420.jpg\" alt=\"\" width=\"630\" height=\"420\" srcset=\"https:\/\/www.hoymercedes.com.ar\/principal\/wp-content\/uploads\/2017\/10\/01-doratti-2.jpg 630w, https:\/\/www.hoymercedes.com.ar\/principal\/wp-content\/uploads\/2017\/10\/01-doratti-2-150x100.jpg 150w, https:\/\/www.hoymercedes.com.ar\/principal\/wp-content\/uploads\/2017\/10\/01-doratti-2-300x200.jpg 300w\" sizes=\"auto, (max-width: 630px) 100vw, 630px\" \/><\/p>\n<p>La instalaci\u00f3n es un trabajo motivado por los registros sensibles de un observador casual, visitante, busca despertar la curiosidad del p\u00fablico centr\u00e1ndose en la potencialidad del detalle, invitando a descubrir un juego de miradas y lecturas posibles de escenas urbanas, edificios y personajes ocasionales.<\/p>\n<p>\u201cLo que se ve no pretende ser una exposici\u00f3n fotogr\u00e1fica convencional, donde los valores que se aprecian se hacen desde lo est\u00e9tico, ponderando su calidad compositiva, sus luces y sombras, el uso del color o, incluso, el sentido metaf\u00f3rico de la imagen. Aqu\u00ed, el soporte fotogr\u00e1fico es un simple medio donde esos valores, si los tienen, es un accidente que sali\u00f3 bien\u00bb, cont\u00f3 Doratti.<\/p>\n<p>\u00abSon fotos instant\u00e1neas, tomadas al pasar, con una c\u00e1mara pocket de baja resoluci\u00f3n. No hubo pues tr\u00edpodes, ni luces preparadas, ni escenas repetidas. Saqu\u00e9 lo que vi, lo que me impresion\u00f3, lo que me gust\u00f3, como pude. Es, as\u00ed, el registro del \u201cflaneur\u201d, con la mirada del arquitecto\u2026Por eso, esta es una rara muestra de arquitectura, con la particularidad de que se ven pocos edificios, y algunas escenas urbanas. Y la escena urbana no puede prescindir de la an\u00e9cdota, del hombre o de la mujer que circunstancialmente encontramos y matiza la zaga\u201d, agreg\u00f3 el arquitecto.<\/p>\n<p>La exposici\u00f3n puede visitarse en el MAMM con entrada libre y gratuita en los horarios del museo.<\/p>\n<p><img loading=\"lazy\" decoding=\"async\" data-attachment-id=\"67846\" data-permalink=\"https:\/\/www.hoymercedes.com.ar\/principal\/2017\/10\/01\/hubo-encuentro-interescolar-con-ninos-de-4-ano-del-primario\/01-doratti-1\/#main\" data-orig-file=\"https:\/\/www.hoymercedes.com.ar\/principal\/wp-content\/uploads\/2017\/10\/01-doratti-1.jpg\" data-orig-size=\"630,420\" data-comments-opened=\"0\" data-image-meta=\"{&quot;aperture&quot;:&quot;3.5&quot;,&quot;credit&quot;:&quot;&quot;,&quot;camera&quot;:&quot;NIKON D3100&quot;,&quot;caption&quot;:&quot;&quot;,&quot;created_timestamp&quot;:&quot;1506803943&quot;,&quot;copyright&quot;:&quot;&quot;,&quot;focal_length&quot;:&quot;22&quot;,&quot;iso&quot;:&quot;1400&quot;,&quot;shutter_speed&quot;:&quot;0.016666666666667&quot;,&quot;title&quot;:&quot;&quot;,&quot;orientation&quot;:&quot;1&quot;}\" data-image-title=\"01 doratti 1\" data-image-description=\"\" data-image-caption=\"\" data-large-file=\"https:\/\/www.hoymercedes.com.ar\/principal\/wp-content\/uploads\/2017\/10\/01-doratti-1.jpg\" class=\"aligncenter size-medium wp-image-67846\" src=\"https:\/\/www.hoymercedes.com.ar\/principal\/wp-content\/uploads\/2017\/10\/01-doratti-1-630x420.jpg\" alt=\"\" width=\"630\" height=\"420\" srcset=\"https:\/\/www.hoymercedes.com.ar\/principal\/wp-content\/uploads\/2017\/10\/01-doratti-1.jpg 630w, https:\/\/www.hoymercedes.com.ar\/principal\/wp-content\/uploads\/2017\/10\/01-doratti-1-150x100.jpg 150w, https:\/\/www.hoymercedes.com.ar\/principal\/wp-content\/uploads\/2017\/10\/01-doratti-1-300x200.jpg 300w\" sizes=\"auto, (max-width: 630px) 100vw, 630px\" \/><\/p>\n","protected":false},"excerpt":{"rendered":"<p>En la noche del s\u00e1bado, el arquitecto Juan Carlos Doratti present\u00f3 \u201cEspiando Europa (al trote)\u201d. En una de las pre &#8230; <a title=\"El Arq. Doratti instal\u00f3 una propuesta para \u00abespiar Europa al trote\u00bb\" class=\"read-more\" href=\"https:\/\/www.hoymercedes.com.ar\/principal\/2017\/10\/02\/el-arq-doratti-instalo-una-propuesta-para-espiar-europa-al-trote\/\" aria-label=\"Leer m\u00e1s sobre El Arq. Doratti instal\u00f3 una propuesta para \u00abespiar Europa al trote\u00bb\">Leer m\u00e1s<\/a><\/p>\n","protected":false},"author":1,"featured_media":67846,"comment_status":"closed","ping_status":"open","sticky":false,"template":"","format":"standard","meta":{"_monsterinsights_skip_tracking":false,"_monsterinsights_sitenote_active":false,"_monsterinsights_sitenote_note":"","_monsterinsights_sitenote_category":0,"jetpack_post_was_ever_published":false,"_jetpack_newsletter_access":"","_jetpack_dont_email_post_to_subs":false,"_jetpack_newsletter_tier_id":0,"_jetpack_memberships_contains_paywalled_content":false,"_jetpack_memberships_contains_paid_content":false,"footnotes":"","jetpack_publicize_message":"","jetpack_publicize_feature_enabled":true,"jetpack_social_post_already_shared":true,"jetpack_social_options":{"image_generator_settings":{"template":"highway","default_image_id":0,"font":"","enabled":false},"version":2},"_wpas_customize_per_network":false},"categories":[104],"tags":[7805,1034,11994,8674,10],"class_list":["post-67896","post","type-post","status-publish","format-standard","has-post-thumbnail","hentry","category-cultura","tag-cultura","tag-fotografia","tag-instalacion","tag-mamm","tag-mercedes","generate-columns","tablet-grid-50","mobile-grid-100","grid-parent","grid-50"],"jetpack_publicize_connections":[],"jetpack_featured_media_url":"https:\/\/www.hoymercedes.com.ar\/principal\/wp-content\/uploads\/2017\/10\/01-doratti-1.jpg","wps_subtitle":"Instalaci\u00f3n fotogr\u00e1fica","jetpack_sharing_enabled":true,"_links":{"self":[{"href":"https:\/\/www.hoymercedes.com.ar\/principal\/wp-json\/wp\/v2\/posts\/67896","targetHints":{"allow":["GET"]}}],"collection":[{"href":"https:\/\/www.hoymercedes.com.ar\/principal\/wp-json\/wp\/v2\/posts"}],"about":[{"href":"https:\/\/www.hoymercedes.com.ar\/principal\/wp-json\/wp\/v2\/types\/post"}],"author":[{"embeddable":true,"href":"https:\/\/www.hoymercedes.com.ar\/principal\/wp-json\/wp\/v2\/users\/1"}],"replies":[{"embeddable":true,"href":"https:\/\/www.hoymercedes.com.ar\/principal\/wp-json\/wp\/v2\/comments?post=67896"}],"version-history":[{"count":0,"href":"https:\/\/www.hoymercedes.com.ar\/principal\/wp-json\/wp\/v2\/posts\/67896\/revisions"}],"wp:featuredmedia":[{"embeddable":true,"href":"https:\/\/www.hoymercedes.com.ar\/principal\/wp-json\/wp\/v2\/media\/67846"}],"wp:attachment":[{"href":"https:\/\/www.hoymercedes.com.ar\/principal\/wp-json\/wp\/v2\/media?parent=67896"}],"wp:term":[{"taxonomy":"category","embeddable":true,"href":"https:\/\/www.hoymercedes.com.ar\/principal\/wp-json\/wp\/v2\/categories?post=67896"},{"taxonomy":"post_tag","embeddable":true,"href":"https:\/\/www.hoymercedes.com.ar\/principal\/wp-json\/wp\/v2\/tags?post=67896"}],"curies":[{"name":"wp","href":"https:\/\/api.w.org\/{rel}","templated":true}]}}