{"id":67919,"date":"2017-10-03T07:11:39","date_gmt":"2017-10-03T10:11:39","guid":{"rendered":"http:\/\/www.hoymercedes.com.ar\/principal\/?p=67919"},"modified":"2017-10-03T08:36:48","modified_gmt":"2017-10-03T11:36:48","slug":"quilmes-obtuvo-la-copa-fair-play-en-las-24-horas-de-san-nicolas","status":"publish","type":"post","link":"https:\/\/www.hoymercedes.com.ar\/principal\/2017\/10\/03\/quilmes-obtuvo-la-copa-fair-play-en-las-24-horas-de-san-nicolas\/","title":{"rendered":"Quilmes obtuvo la Copa Fair Play en las \u00ab24 horas de San Nicol\u00e1s\u00bb"},"content":{"rendered":"<p><em><strong>El conjunto quilme\u00f1o de la categor\u00eda U13 particip\u00f3 en la XV edici\u00f3n de las 24 horas de b\u00e1squet desarrolladas en la ciudad de San Nicol\u00e1s entre las 9 horas del S\u00e1bado y las 9 horas del Domingo. Hubo un total de 12 participantes: Zona A:\u00a0 Quilmes, Regatas A (San Nicol\u00e1s), Ateneo Popular (Versalles) ; Zona B: San Miguel, El Fog\u00f3n, Pte. Derqui; Zona C: Regatas B (San Nicol\u00e1s), San Andr\u00e9s, Banco Naci\u00f3n; Zona D: Sarmiento, Argentino, San Miguel B.<\/strong><\/em><\/p>\n<p><img loading=\"lazy\" decoding=\"async\" data-attachment-id=\"67920\" data-permalink=\"https:\/\/www.hoymercedes.com.ar\/principal\/2017\/10\/03\/quilmes-obtuvo-la-copa-fair-play-en-las-24-horas-de-san-nicolas\/whatsapp-image-2017-10-01-at-10-01-33\/#main\" data-orig-file=\"https:\/\/www.hoymercedes.com.ar\/principal\/wp-content\/uploads\/2017\/10\/WhatsApp-Image-2017-10-01-at-10.01.33.jpeg\" data-orig-size=\"1280,959\" data-comments-opened=\"0\" data-image-meta=\"{&quot;aperture&quot;:&quot;0&quot;,&quot;credit&quot;:&quot;&quot;,&quot;camera&quot;:&quot;&quot;,&quot;caption&quot;:&quot;&quot;,&quot;created_timestamp&quot;:&quot;0&quot;,&quot;copyright&quot;:&quot;&quot;,&quot;focal_length&quot;:&quot;0&quot;,&quot;iso&quot;:&quot;0&quot;,&quot;shutter_speed&quot;:&quot;0&quot;,&quot;title&quot;:&quot;&quot;,&quot;orientation&quot;:&quot;0&quot;}\" data-image-title=\"WhatsApp Image 2017-10-01 at 10.01.33\" data-image-description=\"\" data-image-caption=\"\" data-large-file=\"https:\/\/www.hoymercedes.com.ar\/principal\/wp-content\/uploads\/2017\/10\/WhatsApp-Image-2017-10-01-at-10.01.33-1024x767.jpeg\" class=\"aligncenter size-medium wp-image-67920\" src=\"https:\/\/www.hoymercedes.com.ar\/principal\/wp-content\/uploads\/2017\/10\/WhatsApp-Image-2017-10-01-at-10.01.33-630x472.jpeg\" alt=\"\" width=\"630\" height=\"472\" srcset=\"https:\/\/www.hoymercedes.com.ar\/principal\/wp-content\/uploads\/2017\/10\/WhatsApp-Image-2017-10-01-at-10.01.33-630x472.jpeg 630w, https:\/\/www.hoymercedes.com.ar\/principal\/wp-content\/uploads\/2017\/10\/WhatsApp-Image-2017-10-01-at-10.01.33-150x112.jpeg 150w, https:\/\/www.hoymercedes.com.ar\/principal\/wp-content\/uploads\/2017\/10\/WhatsApp-Image-2017-10-01-at-10.01.33-1024x767.jpeg 1024w, https:\/\/www.hoymercedes.com.ar\/principal\/wp-content\/uploads\/2017\/10\/WhatsApp-Image-2017-10-01-at-10.01.33.jpeg 1280w\" sizes=\"auto, (max-width: 630px) 100vw, 630px\" \/><\/p>\n<p>El quilme\u00f1o perdi\u00f3 en su zona ante Ateneo por 10 puntos y ante Regatas A por 20. Le toc\u00f3 jugar la Copa Est\u00edmulo de la cual result\u00f3 triunfador gan\u00e1ndole por 46- 31 a Regatas B y por 57 a 10 a San Miguel B. Lo mejor vino a trav\u00e9s de la recepci\u00f3n de la Copa Fair Play debido al excelente comportamiento y el respeto a sus rivales demostrado por los chicos de Quilmes.<\/p>\n<p>En el medio de la competencia, adem\u00e1s, a las 18 hs del d\u00eda S\u00e1bado, hubo desfile de las delegaciones y competencia de goleadores de los equipos en los cuales se destacaron Juan Bernardo y Lautaro Belzunces del conjunto mercedino. Luego se reanud\u00f3 el torneo, durante incluso la madrugada, hasta las 9 horas del d\u00eda domingo.<\/p>\n<p>Quilmes estuvo integrado por Juan Bernardo, Lautaro Belzunces, Joaqu\u00edn Cabanas, Juan Bourdieu, Axel Fabro, Franco Fanucci, Thiago Bongiorno, Juan Alvarez, Valentino Ayesa, Juan Torres y Diego Wimber con la direcci\u00f3n t\u00e9cnica de Gustavo Retegui.<\/p>\n<p>Quilmes agradece especialmente a la Municipalidad de Mercedes por el inestimable aporte de transportar a la delegaci\u00f3n a la Ciudad de San Nicol\u00e1s.<\/p>\n<p><img loading=\"lazy\" decoding=\"async\" data-attachment-id=\"67921\" data-permalink=\"https:\/\/www.hoymercedes.com.ar\/principal\/2017\/10\/03\/quilmes-obtuvo-la-copa-fair-play-en-las-24-horas-de-san-nicolas\/whatsapp-image-2017-09-30-at-16-42-48\/#main\" data-orig-file=\"https:\/\/www.hoymercedes.com.ar\/principal\/wp-content\/uploads\/2017\/10\/WhatsApp-Image-2017-09-30-at-16.42.48.jpeg\" data-orig-size=\"1040,780\" data-comments-opened=\"0\" data-image-meta=\"{&quot;aperture&quot;:&quot;0&quot;,&quot;credit&quot;:&quot;&quot;,&quot;camera&quot;:&quot;&quot;,&quot;caption&quot;:&quot;&quot;,&quot;created_timestamp&quot;:&quot;0&quot;,&quot;copyright&quot;:&quot;&quot;,&quot;focal_length&quot;:&quot;0&quot;,&quot;iso&quot;:&quot;0&quot;,&quot;shutter_speed&quot;:&quot;0&quot;,&quot;title&quot;:&quot;&quot;,&quot;orientation&quot;:&quot;0&quot;}\" data-image-title=\"WhatsApp Image 2017-09-30 at 16.42.48\" data-image-description=\"\" data-image-caption=\"\" data-large-file=\"https:\/\/www.hoymercedes.com.ar\/principal\/wp-content\/uploads\/2017\/10\/WhatsApp-Image-2017-09-30-at-16.42.48-1024x768.jpeg\" class=\"aligncenter size-medium wp-image-67921\" src=\"https:\/\/www.hoymercedes.com.ar\/principal\/wp-content\/uploads\/2017\/10\/WhatsApp-Image-2017-09-30-at-16.42.48-630x473.jpeg\" alt=\"\" width=\"630\" height=\"473\" srcset=\"https:\/\/www.hoymercedes.com.ar\/principal\/wp-content\/uploads\/2017\/10\/WhatsApp-Image-2017-09-30-at-16.42.48-630x473.jpeg 630w, https:\/\/www.hoymercedes.com.ar\/principal\/wp-content\/uploads\/2017\/10\/WhatsApp-Image-2017-09-30-at-16.42.48-150x113.jpeg 150w, https:\/\/www.hoymercedes.com.ar\/principal\/wp-content\/uploads\/2017\/10\/WhatsApp-Image-2017-09-30-at-16.42.48-1024x768.jpeg 1024w, https:\/\/www.hoymercedes.com.ar\/principal\/wp-content\/uploads\/2017\/10\/WhatsApp-Image-2017-09-30-at-16.42.48.jpeg 1040w\" sizes=\"auto, (max-width: 630px) 100vw, 630px\" \/><\/p>\n","protected":false},"excerpt":{"rendered":"<p>El conjunto quilme\u00f1o de la categor\u00eda U13 particip\u00f3 en la XV edici\u00f3n de las 24 horas de b\u00e1squet desarrolladas en &#8230; <a title=\"Quilmes obtuvo la Copa Fair Play en las \u00ab24 horas de San Nicol\u00e1s\u00bb\" class=\"read-more\" href=\"https:\/\/www.hoymercedes.com.ar\/principal\/2017\/10\/03\/quilmes-obtuvo-la-copa-fair-play-en-las-24-horas-de-san-nicolas\/\" aria-label=\"Leer m\u00e1s sobre Quilmes obtuvo la Copa Fair Play en las \u00ab24 horas de San Nicol\u00e1s\u00bb\">Leer m\u00e1s<\/a><\/p>\n","protected":false},"author":1,"featured_media":67920,"comment_status":"closed","ping_status":"open","sticky":false,"template":"","format":"standard","meta":{"_monsterinsights_skip_tracking":false,"_monsterinsights_sitenote_active":false,"_monsterinsights_sitenote_note":"","_monsterinsights_sitenote_category":0,"jetpack_post_was_ever_published":false,"_jetpack_newsletter_access":"","_jetpack_dont_email_post_to_subs":false,"_jetpack_newsletter_tier_id":0,"_jetpack_memberships_contains_paywalled_content":false,"_jetpack_memberships_contains_paid_content":false,"footnotes":"","jetpack_publicize_message":"","jetpack_publicize_feature_enabled":true,"jetpack_social_post_already_shared":true,"jetpack_social_options":{"image_generator_settings":{"template":"highway","default_image_id":0,"font":"","enabled":false},"version":2},"_wpas_customize_per_network":false},"categories":[21],"tags":[11301,12000,9518,10,1413],"class_list":["post-67919","post","type-post","status-publish","format-standard","has-post-thumbnail","hentry","category-deportes","tag-basquet-inferiores","tag-copa-fair-play","tag-deprotes","tag-mercedes","tag-quilmes","generate-columns","tablet-grid-50","mobile-grid-100","grid-parent","grid-50"],"jetpack_publicize_connections":[],"jetpack_featured_media_url":"https:\/\/www.hoymercedes.com.ar\/principal\/wp-content\/uploads\/2017\/10\/WhatsApp-Image-2017-10-01-at-10.01.33.jpeg","wps_subtitle":"Basquet Inferiores","jetpack_sharing_enabled":true,"_links":{"self":[{"href":"https:\/\/www.hoymercedes.com.ar\/principal\/wp-json\/wp\/v2\/posts\/67919","targetHints":{"allow":["GET"]}}],"collection":[{"href":"https:\/\/www.hoymercedes.com.ar\/principal\/wp-json\/wp\/v2\/posts"}],"about":[{"href":"https:\/\/www.hoymercedes.com.ar\/principal\/wp-json\/wp\/v2\/types\/post"}],"author":[{"embeddable":true,"href":"https:\/\/www.hoymercedes.com.ar\/principal\/wp-json\/wp\/v2\/users\/1"}],"replies":[{"embeddable":true,"href":"https:\/\/www.hoymercedes.com.ar\/principal\/wp-json\/wp\/v2\/comments?post=67919"}],"version-history":[{"count":0,"href":"https:\/\/www.hoymercedes.com.ar\/principal\/wp-json\/wp\/v2\/posts\/67919\/revisions"}],"wp:featuredmedia":[{"embeddable":true,"href":"https:\/\/www.hoymercedes.com.ar\/principal\/wp-json\/wp\/v2\/media\/67920"}],"wp:attachment":[{"href":"https:\/\/www.hoymercedes.com.ar\/principal\/wp-json\/wp\/v2\/media?parent=67919"}],"wp:term":[{"taxonomy":"category","embeddable":true,"href":"https:\/\/www.hoymercedes.com.ar\/principal\/wp-json\/wp\/v2\/categories?post=67919"},{"taxonomy":"post_tag","embeddable":true,"href":"https:\/\/www.hoymercedes.com.ar\/principal\/wp-json\/wp\/v2\/tags?post=67919"}],"curies":[{"name":"wp","href":"https:\/\/api.w.org\/{rel}","templated":true}]}}