{"id":6793,"date":"2011-08-30T00:39:38","date_gmt":"2011-08-30T00:39:38","guid":{"rendered":"http:\/\/www.hoymercedes.com.ar\/principal\/?p=6793"},"modified":"2011-08-30T00:39:38","modified_gmt":"2011-08-30T00:39:38","slug":"se-presentara-en-el-teatro-la-escuela-de-danzas-n%c2%b0-1-%e2%80%9cprof-nelly-ramicone%e2%80%9d","status":"publish","type":"post","link":"https:\/\/www.hoymercedes.com.ar\/principal\/2011\/08\/30\/se-presentara-en-el-teatro-la-escuela-de-danzas-n%c2%b0-1-%e2%80%9cprof-nelly-ramicone%e2%80%9d\/","title":{"rendered":"Se presentar\u00e1 en el Teatro la Escuela de Danzas N\u00b0 1 \u201cProf. Nelly Ramicone\u201d"},"content":{"rendered":"<p>El Ballet Institucional de la Escuela de Danzas N\u00ba1 \u00abProf. Nelly Ramicone\u00bb, el d\u00eda viernes 2 de septiembre, se presentar\u00e1 en Mercedes respondiendo a un intercambio cultural con los bailarines de esta ciudad y auspiciado por la Direcci\u00f3n de Cultura y Educaci\u00f3n de la Municipalidad de Mercedes.<\/p>\n<p>En esta oportunidad, las actividades se realizar\u00e1n en dos momentos: por la ma\u00f1ana, a partir de las 10:00 hs, se dictar\u00e1n tres clases, una de Danza Cl\u00e1sica, una de Danza Contempor\u00e1nea y una de Danzas Latinoamericanas. Cada clase durar\u00e1 40 minutos y ser\u00e1 para que los bailarines de la Escuela de Danzas N\u00ba1 y los de Mercedes, puedan compartir las actividades.<\/p>\n<p>Por la tarde, a las 18:00 hs., se brindar\u00e1 una funci\u00f3n en el Centro Cultural, donde se podr\u00e1n apreciar peque\u00f1as obras de Danza Contempor\u00e1nea y de Danzas Folkl\u00f3ricas Argentinas. La funci\u00f3n tiene una duraci\u00f3n de una hora y para la misma se pondr\u00e1 a la venta un bono contribuci\u00f3n de 15 pesos a beneficio del Ballet Municipal Mercedes Danza. Dentro del espect\u00e1culo que se podr\u00e1 apreciar, se cuentan las siguientes interpretaciones:<\/p>\n<p>Martina Chapanay y Cruz Cuero: Coreograf\u00eda: Ballet folkl\u00f3rico. Claudio Figueroa y Claudio Vario. M\u00fasica: DJ Der\u00f3 &#8211; Carlinhos Brown. Ballet Folkl\u00f3rico Institucional de la Escuela de Danzas N\u00ba1 \u201cProf. Nelly Ramicone\u201d.<\/p>\n<p>Todo por \u00e9l: M\u00fasica: Bajofondo. Coreograf\u00eda: Anabel Fasanelli. Int\u00e9rpretes: B\u00e1rbara Peb\u00e9, Mail\u00e9n Lozano Laffitte, Violeta Citro, Anah\u00ed Harboure, Paola Sammarco, Agustina Villa. Ballet Institucional de Danza Cl\u00e1sica y Contempor\u00e1nea de la Escuela de Danzas N\u00ba1 \u201cProf. Nelly Ramicone\u201d.<\/p>\n<p>As\u00ed se baila el Chamam\u00e9: Coreograf\u00eda: Claudio Vario. M\u00fasica: Conjunto Ivot\u00ed.<\/p>\n<p>Ballet Folkl\u00f3rico Institucional de la Escuela de Danzas N\u00ba1 \u201cProf. Nelly Ramicone\u201d<\/p>\n<p>Confesiones del viento: Coreograf\u00eda: Alina Fern\u00e1ndez Tosi. M\u00fasica: Liliana Herrero. Int\u00e9rpretes: Carla Bruno, Milena De Simone, Daniela Vanegas. Ballet Institucional de Danza Cl\u00e1sica y Contempor\u00e1nea de la Escuela de Danzas N\u00ba1 \u201cProf. Nelly Ramicone.<\/p>\n<p>Cuadro Sure\u00f1o: Coreograf\u00eda: Claudio Vario. M\u00fasica: Int\u00e9rpretes varios.<\/p>\n<p>Ballet Folkl\u00f3rico Institucional de la Escuela de Danzas N\u00ba1 \u201cProf. Nelly Ramicone\u201d<\/p>\n<p>Inestable sustento: Coreograf\u00eda: Laura Capria. M\u00fasica: Michael Nyman. Int\u00e9rpretes. Gast\u00f3n Barroso, Alina Fern\u00e1ndez Tosi, Paola Sammarco, Anabel Fasanelli, Violeta Citro, B\u00e1rbara Peb\u00e9, Anah\u00ed Harboure, Mail\u00e9n Lozano Laffitte.<\/p>\n<p>Ballet Institucional de Danza Cl\u00e1sica y Contempor\u00e1nea de la Escuela de Danzas N\u00ba1 \u201cProf. Nelly Ramicone.<\/p>\n<p>Afrofusi\u00f3n: Coreograf\u00eda: Natalia Medina Pereyra. M\u00fasica: Chango Far\u00edas G\u00f3mez y Silvia Iriondo.Ballet Folkl\u00f3rico Institucional de la Escuela de Danzas N\u00ba1 \u201cProf. Nelly Ramicone\u201d<\/p>\n<p>De viaje: Coreograf\u00eda: Susana Vignolo. M\u00fasica: Chico Buarque, Chavela Vargas y Aca Seca. Interpretes: Gast\u00f3n Barroso, Alina Fern\u00e1ndez Tosi, Mail\u00e9n Lozano Laffitte, Anal\u00eda Belvedere, Violeta Citro, Yamila Buezas de la Torre, B\u00e1rbara Peb\u00e9, Anabel Fasanelli, Roc\u00edo Segade, Macarena Comas, Tatiana Adamo, Agustina Villa, Paola Sammarco, Lourdes Laurens, Anah\u00ed Harboure. Ballet Institucional de Danza Cl\u00e1sica y Contempor\u00e1nea de la Escuela de Danzas N\u00ba1 \u201cProf. Nelly Ramicone<\/p>\n<p>Festejo peruano: Coreograf\u00eda: Gabriela Peralta- Claudio Vario. M\u00fasica Eva Ayll\u00f3n.<\/p>\n<p>Ballet Folkl\u00f3rico Institucional de la Escuela de Danzas N\u00ba1 \u201cProf. Nelly Ramicone\u201d<\/p>\n<p>El calor de tus manos: M\u00fasica: Yann Tiersen. Coreograf\u00eda: Gabriela Pizano. Int\u00e9rpretes: Alina Fern\u00e1ndez Tosi, Violeta Citro, Mail\u00e9n Lozano Laffitte, Anal\u00eda Belvedere, B\u00e1rbara Peb\u00e9, Agustina Villa, Anabel Fasanelli, Yamila Buezas de la Torre, Macarena Comas, Tatiana Adamo, Roc\u00edo Segade, Anah\u00ed Harboure, Paola Sammarco, Lourdes Laurens. Ballet Institucional de Danza Cl\u00e1sica y Contempor\u00e1nea de la Escuela de Danzas N\u00ba1 \u201cProf. Nelly Ramicone<\/p>\n<p>Malambo norte\u00f1o: Coreograf\u00eda: Escurra, Sebasti\u00e1n- Jorge Lugo.<\/p>\n<p>Ballet Folkl\u00f3rico Institucional de la Escuela de Danzas N\u00ba1 \u201cProf. Nelly Ramicone\u201d<\/p>\n<p>Desde el alma: M\u00fasica: Rosita Melo. Coreograf\u00eda: Susana Vignolo. Int\u00e9rpretes: Alina Fern\u00e1ndez Tosi, Violeta Citro, Mail\u00e9n Lozano Laffitte, Anal\u00eda Belvedere, B\u00e1rbara Peb\u00e9, Agustina Villa, Anabel Fasanelli, Yamila Buezas de la Torre, Macarena Comas, Tatiana Adamo, Roc\u00edo Segade, Anah\u00ed Harboure, Paola Sammarco, Lourdes Laurens, Carla Bruno, Milena De Simone, Daniela Vanegas. Ballet Institucional de Danza Cl\u00e1sica y Contempor\u00e1nea de la Escuela de Danzas N\u00ba1 \u201cProf. Nelly Ramicone<\/p>\n<p>Candombe uruguayo: Coreograf\u00eda: Natalia Medina Pereyra. M\u00fasica: Yabor.<\/p>\n<p>Ballet Folkl\u00f3rico Institucional de la Escuela de Danzas N\u00ba1 \u201cProf. Nelly Ramicone\u201d.<\/p>\n<p>El Ballet Institucional de la Escuela de Danzas N\u00ba1 \u00abProf. Nelly Ramicone\u00bb (tanto el de Danza Cl\u00e1sica y Contempor\u00e1nea como el de Danzas Folkl\u00f3ricas), cuenta ya con varios a\u00f1os de historia. Est\u00e1 integrado por alumnos de la instituci\u00f3n, tanto del nivel medio como del superior, y por egresados de la misma. Los core\u00f3grafos tambi\u00e9n son egresados de la Escuela de Danzas N\u00ba1, habiendo luego perfeccionado sus estudios en otras instituciones y en estudios particulares.<\/p>\n<p>La Escuela depende del Area de Educaci\u00f3n Art\u00edstica del Gobierno de la Ciudad de Buenos Aires, y est\u00e1 ubicada en Fonrouge 711, en el barrio de Liniers de la Ciudad de Buenos Aires. En la escuela puede cursarse el Bachillerato y las carreras de int\u00e9rpretes de Danza Cl\u00e1sica y Contempor\u00e1nea o de Danzas Folkl\u00f3ricas y Tango. Tambi\u00e9n se pueden realizar los estudios superiores de Profesorado de Danza Cl\u00e1sica, de Danza Contempor\u00e1nea, de Danzas Fokl\u00f3ricas Argentinas y de Tango. Son sus directores: Director del Ballet Fokl\u00f3rico Institucional: Claudio Vario. Directora del Ballet Institucional de Danza Cl\u00e1sica y Contempor\u00e1nea: Susana Vignolo. Core\u00f3grafos: Claudio Vario, Natalia Medina Pereyra, Laura Capria, Gabriela Pizano, Susana Vignolo. Dise\u00f1o de Vestuario y luces: Graciela Notaris. Asistente: Jos\u00e9 Luis Casasco.<\/p>\n<p><span style=\"color: #888888;\">Fuente:MM<\/span><\/p>\n","protected":false},"excerpt":{"rendered":"<p>El Ballet Institucional de la Escuela de Danzas N\u00ba1 \u00abProf. Nelly Ramicone\u00bb, el d\u00eda viernes 2 de septiembre, se presentar\u00e1 &#8230; <a title=\"Se presentar\u00e1 en el Teatro la Escuela de Danzas N\u00b0 1 \u201cProf. Nelly Ramicone\u201d\" class=\"read-more\" href=\"https:\/\/www.hoymercedes.com.ar\/principal\/2011\/08\/30\/se-presentara-en-el-teatro-la-escuela-de-danzas-n%c2%b0-1-%e2%80%9cprof-nelly-ramicone%e2%80%9d\/\" aria-label=\"Leer m\u00e1s sobre Se presentar\u00e1 en el Teatro la Escuela de Danzas N\u00b0 1 \u201cProf. Nelly Ramicone\u201d\">Leer m\u00e1s<\/a><\/p>\n","protected":false},"author":1,"featured_media":0,"comment_status":"open","ping_status":"open","sticky":false,"template":"","format":"standard","meta":{"_monsterinsights_skip_tracking":false,"_monsterinsights_sitenote_active":false,"_monsterinsights_sitenote_note":"","_monsterinsights_sitenote_category":0,"jetpack_post_was_ever_published":false,"_jetpack_newsletter_access":"","_jetpack_dont_email_post_to_subs":false,"_jetpack_newsletter_tier_id":0,"_jetpack_memberships_contains_paywalled_content":false,"_jetpack_memberships_contains_paid_content":false,"footnotes":"","jetpack_publicize_message":"","jetpack_publicize_feature_enabled":true,"jetpack_social_post_already_shared":false,"jetpack_social_options":{"image_generator_settings":{"template":"highway","default_image_id":0,"font":"","enabled":false},"version":2},"_wpas_customize_per_network":false},"categories":[104],"tags":[739,1215],"class_list":["post-6793","post","type-post","status-publish","format-standard","hentry","category-cultura","tag-direccion-de-cultura","tag-escuela-de-danzas-n-1-prof-nelly-ramicone","generate-columns","tablet-grid-50","mobile-grid-100","grid-parent","grid-50"],"jetpack_publicize_connections":[],"jetpack_featured_media_url":"","wps_subtitle":"","jetpack_sharing_enabled":true,"_links":{"self":[{"href":"https:\/\/www.hoymercedes.com.ar\/principal\/wp-json\/wp\/v2\/posts\/6793","targetHints":{"allow":["GET"]}}],"collection":[{"href":"https:\/\/www.hoymercedes.com.ar\/principal\/wp-json\/wp\/v2\/posts"}],"about":[{"href":"https:\/\/www.hoymercedes.com.ar\/principal\/wp-json\/wp\/v2\/types\/post"}],"author":[{"embeddable":true,"href":"https:\/\/www.hoymercedes.com.ar\/principal\/wp-json\/wp\/v2\/users\/1"}],"replies":[{"embeddable":true,"href":"https:\/\/www.hoymercedes.com.ar\/principal\/wp-json\/wp\/v2\/comments?post=6793"}],"version-history":[{"count":0,"href":"https:\/\/www.hoymercedes.com.ar\/principal\/wp-json\/wp\/v2\/posts\/6793\/revisions"}],"wp:attachment":[{"href":"https:\/\/www.hoymercedes.com.ar\/principal\/wp-json\/wp\/v2\/media?parent=6793"}],"wp:term":[{"taxonomy":"category","embeddable":true,"href":"https:\/\/www.hoymercedes.com.ar\/principal\/wp-json\/wp\/v2\/categories?post=6793"},{"taxonomy":"post_tag","embeddable":true,"href":"https:\/\/www.hoymercedes.com.ar\/principal\/wp-json\/wp\/v2\/tags?post=6793"}],"curies":[{"name":"wp","href":"https:\/\/api.w.org\/{rel}","templated":true}]}}