{"id":67973,"date":"2017-10-04T20:55:03","date_gmt":"2017-10-04T23:55:03","guid":{"rendered":"http:\/\/www.hoymercedes.com.ar\/principal\/?p=67973"},"modified":"2017-10-04T23:31:26","modified_gmt":"2017-10-05T02:31:26","slug":"la-escuela-los-ranqueles-realizo-un-exitoso-viaje-a-ushuaia","status":"publish","type":"post","link":"https:\/\/www.hoymercedes.com.ar\/principal\/2017\/10\/04\/la-escuela-los-ranqueles-realizo-un-exitoso-viaje-a-ushuaia\/","title":{"rendered":"La Escuela Los Ranqueles realiz\u00f3 un exitoso viaje a Ushuaia"},"content":{"rendered":"<p><em><strong>En su segundo viaje ajedrec\u00edstico-educativo, la instituci\u00f3n que dirige Harald Moser, recorri\u00f3 la ciudad austral participando de un torneo que fur ganado por el mercedino Tom\u00e1s Resnik, junto a otras actividades<\/strong><\/em><\/p>\n<p><img loading=\"lazy\" decoding=\"async\" data-attachment-id=\"67974\" data-permalink=\"https:\/\/www.hoymercedes.com.ar\/principal\/2017\/10\/04\/la-escuela-los-ranqueles-realizo-un-exitoso-viaje-a-ushuaia\/dajedrez2\/#main\" data-orig-file=\"https:\/\/www.hoymercedes.com.ar\/principal\/wp-content\/uploads\/2017\/10\/Dajedrez2.jpg\" data-orig-size=\"1024,768\" data-comments-opened=\"0\" data-image-meta=\"{&quot;aperture&quot;:&quot;0&quot;,&quot;credit&quot;:&quot;&quot;,&quot;camera&quot;:&quot;&quot;,&quot;caption&quot;:&quot;&quot;,&quot;created_timestamp&quot;:&quot;0&quot;,&quot;copyright&quot;:&quot;&quot;,&quot;focal_length&quot;:&quot;0&quot;,&quot;iso&quot;:&quot;0&quot;,&quot;shutter_speed&quot;:&quot;0&quot;,&quot;title&quot;:&quot;&quot;,&quot;orientation&quot;:&quot;0&quot;}\" data-image-title=\"Dajedrez2\" data-image-description=\"\" data-image-caption=\"\" data-large-file=\"https:\/\/www.hoymercedes.com.ar\/principal\/wp-content\/uploads\/2017\/10\/Dajedrez2-1024x768.jpg\" class=\"size-medium wp-image-67974 aligncenter\" src=\"https:\/\/www.hoymercedes.com.ar\/principal\/wp-content\/uploads\/2017\/10\/Dajedrez2-630x473.jpg\" alt=\"\" width=\"630\" height=\"473\" srcset=\"https:\/\/www.hoymercedes.com.ar\/principal\/wp-content\/uploads\/2017\/10\/Dajedrez2-630x473.jpg 630w, https:\/\/www.hoymercedes.com.ar\/principal\/wp-content\/uploads\/2017\/10\/Dajedrez2-150x113.jpg 150w, https:\/\/www.hoymercedes.com.ar\/principal\/wp-content\/uploads\/2017\/10\/Dajedrez2.jpg 1024w\" sizes=\"auto, (max-width: 630px) 100vw, 630px\" \/><\/p>\n<p>La Escuela de\u00a0<span id=\"IL_AD4\" class=\"IL_AD\">Ajedrez<\/span>\u00a0Los Ranqueles realiz\u00f3 su segundo viaje ajedrec\u00edstico-educativo del a\u00f1o. Esta vez el destino elegido fue la ciudad de Ushuaia en la provincia de Tierra del Fuego.<\/p>\n<p>Sali\u00f3 de Mercedes el mi\u00e9rcoles 20 de septiembre y volvi\u00f3 el mi\u00e9rcoles 27 del mismo mes. El viaje se realiz\u00f3 por Aerol\u00edneas Argentinas, que siempre tiene un precio especial para la misma por ser una Entidad de Bien P\u00fablico.<\/p>\n<p>&nbsp;<\/p>\n<p><strong>La delegaci\u00f3n<\/strong><\/p>\n<p>Los viajeros fueron seis jugadores, profesores,\u00a0<span id=\"IL_AD2\" class=\"IL_AD\">familiares<\/span>\u00a0y amigos, totalizando veinticinco personas. Los acompa\u00f1\u00f3 en car\u00e1cter de invitada la\u00a0campeona argentina de\u00a0ajedrez\u00a0femenino, wmi Florencia Fern\u00e1ndez, de 25\u00a0<span id=\"IL_AD5\" class=\"IL_AD\">a\u00f1os<\/span>\u00a0de edad.<\/p>\n<p>&nbsp;<\/p>\n<p>Invitados por el Instituto Municipal del Deporte de esa ciudad, se llevaron a cabo una larga serie de actividades, tanto ajedrec\u00edsticas como recreativas, a saber:<\/p>\n<p><strong>\u00a0<img loading=\"lazy\" decoding=\"async\" data-attachment-id=\"67975\" data-permalink=\"https:\/\/www.hoymercedes.com.ar\/principal\/2017\/10\/04\/la-escuela-los-ranqueles-realizo-un-exitoso-viaje-a-ushuaia\/dajedrez1\/#main\" data-orig-file=\"https:\/\/www.hoymercedes.com.ar\/principal\/wp-content\/uploads\/2017\/10\/Dajedrez1.jpg\" data-orig-size=\"1024,768\" data-comments-opened=\"0\" data-image-meta=\"{&quot;aperture&quot;:&quot;0&quot;,&quot;credit&quot;:&quot;&quot;,&quot;camera&quot;:&quot;&quot;,&quot;caption&quot;:&quot;&quot;,&quot;created_timestamp&quot;:&quot;0&quot;,&quot;copyright&quot;:&quot;&quot;,&quot;focal_length&quot;:&quot;0&quot;,&quot;iso&quot;:&quot;0&quot;,&quot;shutter_speed&quot;:&quot;0&quot;,&quot;title&quot;:&quot;&quot;,&quot;orientation&quot;:&quot;0&quot;}\" data-image-title=\"Dajedrez1\" data-image-description=\"\" data-image-caption=\"\" data-large-file=\"https:\/\/www.hoymercedes.com.ar\/principal\/wp-content\/uploads\/2017\/10\/Dajedrez1-1024x768.jpg\" class=\"size-medium wp-image-67975 aligncenter\" src=\"https:\/\/www.hoymercedes.com.ar\/principal\/wp-content\/uploads\/2017\/10\/Dajedrez1-630x473.jpg\" alt=\"\" width=\"630\" height=\"473\" srcset=\"https:\/\/www.hoymercedes.com.ar\/principal\/wp-content\/uploads\/2017\/10\/Dajedrez1-630x473.jpg 630w, https:\/\/www.hoymercedes.com.ar\/principal\/wp-content\/uploads\/2017\/10\/Dajedrez1-150x113.jpg 150w, https:\/\/www.hoymercedes.com.ar\/principal\/wp-content\/uploads\/2017\/10\/Dajedrez1.jpg 1024w\" sizes=\"auto, (max-width: 630px) 100vw, 630px\" \/><\/strong><\/p>\n<p><strong>Actividades recreativas<\/strong><\/p>\n<ol>\n<li>Paseo con el Tren del Fin del Mundo.<\/li>\n<li>Navegaci\u00f3n por el Canal de\u00a0<span id=\"IL_AD6\" class=\"IL_AD\">Beagle<\/span>.<\/li>\n<li>Ascenso al Glaciar Martial.<\/li>\n<li>Viaje al Paso Garibaldi -en la cordillera andino\/fueguina-<\/li>\n<li>Viaje al Cerro Castor.<\/li>\n<li>Visita al Museo Mar\u00edtimo de Ushuaia -Ex Presidio)-.<\/li>\n<li>Visita al Parque Nacional Tierra del Fuego.<\/li>\n<li>Visita a la f\u00e1brica New San -fabricantes de diversas marcas de televisores, celulares y aparatos de aire acondicionado-.<\/li>\n<\/ol>\n<p><strong>Actividades Oficiales<\/strong><\/p>\n<ol>\n<li>Entrevista con el Sr. Intendente de la ciudad de Ushuaia, Dn Walter Vuotto.<\/li>\n<li>Sesi\u00f3n especial del HCD de la ciudad de Ushuaia en la que se hizo entrega de la distinci\u00f3n de visitante ilustre a la Campeona argentina de\u00a0Ajedrez\u00a0Femenino, Florencia Fern\u00e1ndez; distinci\u00f3n que fue agradecida en una corta intervenci\u00f3n por nuestro Director Prof. Lic. Harald Moser.<\/li>\n<li>Despedida de la delegaci\u00f3n a cargo del Presidente del Instituto Municipal del Deporte de Ushuaia, Prof. Guillermo Navarro y funcionarios de la Secretar\u00eda de Desarrollo Social y Secretar\u00eda de la Mujer del Municipio.<\/li>\n<\/ol>\n<p><strong>Actividades ajedrec\u00edsticas<\/strong><\/p>\n<ol>\n<li>Ajedrez\u00a0informal organizado por la Secretar\u00eda de la Mujer del Municipio de Ushuaia.<\/li>\n<li>Torneo\u00a0<span id=\"IL_AD3\" class=\"IL_AD\">individual<\/span>\u00a0organizado por la Secretar\u00eda de Desarrollo Social y el C\u00edrculo de\u00a0Ajedrez\u00a0de Ushuaia en el Centro Comunitario Felipe Varela. Participaron 42 jugadores de diversas edades y se destacaron:<\/li>\n<\/ol>\n<ul>\n<li>Marcelo Corbella -12\u00a0a\u00f1os- que obtuvo el 2\u00ba puesto.<\/li>\n<\/ul>\n<p>Marcelo Espinosa -11\u00a0a\u00f1os- que obtuvo el 3\u00b0 puesto.<\/p>\n<ol start=\"3\">\n<li>Torneo Ricardo Illia realizado en el Museo Mar\u00edtimo Naval -ex Presidio- por el C\u00edrculo de\u00a0Ajedrez\u00a0de Ushuaia con la participaci\u00f3n de 44 jugadores de distintas edades.<\/li>\n<\/ol>\n<p>El Torneo fue ganado por nuestro jugador Tom\u00e1s Resnik -15\u00a0a\u00f1os-, y se destac\u00f3 nuevamente Marcelo Espinosa con su tercer puesto.<\/p>\n<p>Completaron el equipo de Los Ranqueles: Luc\u00eda Potes, Esteban Heinrich y Mateo Moser.<\/p>\n<p>&nbsp;<\/p>\n<p><strong>Lo que viene<\/strong><\/p>\n<p>Para el a\u00f1o lectivo 2018, Los Ranqueles tienen previstos viajes a:<\/p>\n<ol>\n<li>Marzo: Laguna Blanca, Catamarca. Avi\u00f3n. 6 d\u00edas.<\/li>\n<li>Septiembre: Ushuaia, Tierra del Fuego. Avi\u00f3n. 7 d\u00edas.<\/li>\n<li>Octubre: El Bols\u00f3n, El Hoyo, Epuy\u00e9n, Lago Puelo y la ciudad chilena de Valdivia. Micro. 8 d\u00edas.<\/li>\n<\/ol>\n<p>Para\u00a0<span id=\"IL_AD1\" class=\"IL_AD\">consultas<\/span>\u00a0y reservas, llamar al (02324) 431 814 o el correo electr\u00f3nico:\u00a0<a href=\"mailto:moserh@gmail.com\">moserh@gmail.com<\/a>. Prof. Harald Moser-Director.<\/p>\n","protected":false},"excerpt":{"rendered":"<p>En su segundo viaje ajedrec\u00edstico-educativo, la instituci\u00f3n que dirige Harald Moser, recorri\u00f3 la ciudad austral participando de un torneo que &#8230; <a title=\"La Escuela Los Ranqueles realiz\u00f3 un exitoso viaje a Ushuaia\" class=\"read-more\" href=\"https:\/\/www.hoymercedes.com.ar\/principal\/2017\/10\/04\/la-escuela-los-ranqueles-realizo-un-exitoso-viaje-a-ushuaia\/\" aria-label=\"Leer m\u00e1s sobre La Escuela Los Ranqueles realiz\u00f3 un exitoso viaje a Ushuaia\">Leer m\u00e1s<\/a><\/p>\n","protected":false},"author":1,"featured_media":67974,"comment_status":"closed","ping_status":"open","sticky":false,"template":"","format":"standard","meta":{"_monsterinsights_skip_tracking":false,"_monsterinsights_sitenote_active":false,"_monsterinsights_sitenote_note":"","_monsterinsights_sitenote_category":0,"jetpack_post_was_ever_published":false,"_jetpack_newsletter_access":"","_jetpack_dont_email_post_to_subs":false,"_jetpack_newsletter_tier_id":0,"_jetpack_memberships_contains_paywalled_content":false,"_jetpack_memberships_contains_paid_content":false,"footnotes":"","jetpack_publicize_message":"","jetpack_publicize_feature_enabled":true,"jetpack_social_post_already_shared":true,"jetpack_social_options":{"image_generator_settings":{"template":"highway","default_image_id":0,"font":"","enabled":false},"version":2},"_wpas_customize_per_network":false},"categories":[8],"tags":[9871,204,12008,10],"class_list":["post-67973","post","type-post","status-publish","format-standard","has-post-thumbnail","hentry","category-sociedad","tag-ajedrez","tag-deportes-2","tag-escuela-los-ranqueles","tag-mercedes","generate-columns","tablet-grid-50","mobile-grid-100","grid-parent","grid-50"],"jetpack_publicize_connections":[],"jetpack_featured_media_url":"https:\/\/www.hoymercedes.com.ar\/principal\/wp-content\/uploads\/2017\/10\/Dajedrez2.jpg","wps_subtitle":"Ajedrez","jetpack_sharing_enabled":true,"jetpack-related-posts":[{"id":75841,"url":"https:\/\/www.hoymercedes.com.ar\/principal\/2018\/05\/18\/la-escuela-los-ranqueles-estuvo-en-la-patagonia\/","url_meta":{"origin":67973,"position":0},"title":"La Escuela Los Ranqueles estuvo en la Patagonia","author":"hoymercedes","date":"18 mayo, 2018","format":false,"excerpt":"La semana pasada, el Director de la Escuela de Ajedrez \"Los Ranqueles\" de nuestra ciudad, visit\u00f3 las localidades de Lago Puelo, El Bols\u00f3n y El Hoyo de Epuy\u00e9n con la finalidad de preparar el viaje educativo\/ajedrec\u00edstico N\u00ba 19 de la Escuela que tendr\u00e1 lugar en octubre del corriente a\u00f1o. Durante\u2026","rel":"","context":"En \u00abDeportes\u00bb","block_context":{"text":"Deportes","link":"https:\/\/www.hoymercedes.com.ar\/principal\/category\/deportes\/"},"img":{"alt_text":"","src":"https:\/\/i0.wp.com\/www.hoymercedes.com.ar\/principal\/wp-content\/uploads\/2018\/05\/Harald-Moser-Los-Ranqueles.jpg?resize=350%2C200&ssl=1","width":350,"height":200,"srcset":"https:\/\/i0.wp.com\/www.hoymercedes.com.ar\/principal\/wp-content\/uploads\/2018\/05\/Harald-Moser-Los-Ranqueles.jpg?resize=350%2C200&ssl=1 1x, https:\/\/i0.wp.com\/www.hoymercedes.com.ar\/principal\/wp-content\/uploads\/2018\/05\/Harald-Moser-Los-Ranqueles.jpg?resize=525%2C300&ssl=1 1.5x"},"classes":[]},{"id":66765,"url":"https:\/\/www.hoymercedes.com.ar\/principal\/2017\/09\/06\/los-ranqueles-estuvo-en-la-patagonia-y-chile-en-un-viaje-ajedrecistico-educativo\/","url_meta":{"origin":67973,"position":1},"title":"Los Ranqueles estuvo en la Patagonia y Chile en un viaje ajedrec\u00edstico &#8211; educativo","author":"hoymercedes","date":"6 septiembre, 2017","format":false,"excerpt":"Durante la \u00faltima semana de agosto de este a\u00f1o 2017, la Escuela de Ajedrez \u201cLos Ranqueles\u201d de Mercedes, ha llevado a cabo uno de sus dos viajes ajedrec\u00edsticos - educativos del presente a\u00f1o. En este viaje concurrieron en car\u00e1cter de invitadas, dos Escuelas de Ajedrez de la ciudad de Buenos\u2026","rel":"","context":"En \u00abDeportes\u00bb","block_context":{"text":"Deportes","link":"https:\/\/www.hoymercedes.com.ar\/principal\/category\/deportes\/"},"img":{"alt_text":"","src":"https:\/\/i0.wp.com\/www.hoymercedes.com.ar\/principal\/wp-content\/uploads\/2017\/09\/Los-Ranqueles-2.jpg?resize=350%2C200&ssl=1","width":350,"height":200},"classes":[]},{"id":69760,"url":"https:\/\/www.hoymercedes.com.ar\/principal\/2017\/11\/19\/se-realizo-el-torneo-50-aniversario-del-colegio-de-escribanos\/","url_meta":{"origin":67973,"position":2},"title":"Se realiz\u00f3 el torneo 50\u00b0 Aniversario del Colegio de Escribanos","author":"hoymercedes","date":"19 noviembre, 2017","format":false,"excerpt":"El d\u00eda s\u00e1bado 11 de noviembre desde las 15 hasta las 19 horas se llev\u00f3 a cabo un Torneo de Ajedrez Infanto-Juvenil en conmemoraci\u00f3n del 50\u00ba aniversario de la creaci\u00f3n del Colegio de Escribanos de nuestra ciudad. El mismo fue organizado por la Escuela de Ajedrez Los Ranqueles de Mercedes\u2026","rel":"","context":"En \u00abDeportes\u00bb","block_context":{"text":"Deportes","link":"https:\/\/www.hoymercedes.com.ar\/principal\/category\/deportes\/"},"img":{"alt_text":"","src":"https:\/\/i0.wp.com\/www.hoymercedes.com.ar\/principal\/wp-content\/uploads\/2017\/11\/DSCN0689.jpg?resize=350%2C200&ssl=1","width":350,"height":200},"classes":[]},{"id":61654,"url":"https:\/\/www.hoymercedes.com.ar\/principal\/2017\/04\/13\/los-ranqueles-volvieron-al-dictado-de-clases-de-ajedrez\/","url_meta":{"origin":67973,"position":3},"title":"Los Ranqueles volvieron al dictado de clases de ajedrez","author":"hoymercedes","date":"13 abril, 2017","format":false,"excerpt":"Este viernes 7 de abril la Escuela de Ajedrez Los Ranqueles, de nuestra ciudad, ha comenzado a dictar sus clases gratuitas de ajedrez en el predio del Complejo Cultural La Trocha que por el momento le ha cedido el Municipio. Los Ranqueles est\u00e1 formada por sus alumnos, docentes, familiares y\u2026","rel":"","context":"En \u00abDeportes\u00bb","block_context":{"text":"Deportes","link":"https:\/\/www.hoymercedes.com.ar\/principal\/category\/deportes\/"},"img":{"alt_text":"","src":"https:\/\/i0.wp.com\/www.hoymercedes.com.ar\/principal\/wp-content\/uploads\/2017\/04\/DSCN06041.jpg?resize=350%2C200&ssl=1","width":350,"height":200},"classes":[]},{"id":53603,"url":"https:\/\/www.hoymercedes.com.ar\/principal\/2016\/08\/16\/inician-escuela-de-ajedrez-gratuita-para-ninos\/","url_meta":{"origin":67973,"position":4},"title":"Inician Escuela de Ajedrez Gratuita para ni\u00f1os","author":"hoymercedes","date":"16 agosto, 2016","format":false,"excerpt":"El Municipio de Mercedes, a trav\u00e9s de la\u00a0Direcci\u00f3n\u00a0de Deportes, a cargo de Mart\u00edn Silvestre y los coordinadores Pablo Massa y Mariana Saboredo,\u00a0y la Escuela de Ajedrez Los Ranqueles a cargo del Profesor Harald Moser, anunciaron el inicio de las clases gratuitas de ajedrez en el Complejo Cultural La Trocha. Las\u2026","rel":"","context":"En \u00abDeportes\u00bb","block_context":{"text":"Deportes","link":"https:\/\/www.hoymercedes.com.ar\/principal\/category\/deportes\/"},"img":{"alt_text":"","src":"https:\/\/i0.wp.com\/www.hoymercedes.com.ar\/principal\/wp-content\/uploads\/2016\/08\/16-AJEDREZ.jpg?resize=350%2C200&ssl=1","width":350,"height":200},"classes":[]},{"id":119378,"url":"https:\/\/www.hoymercedes.com.ar\/principal\/2020\/11\/02\/doble-ascenso-para-los-mercedinos-en-la-liga-chesscovid\/","url_meta":{"origin":67973,"position":5},"title":"Doble ascenso para los mercedinos en la Liga Chesscovid","author":"hoymercedes","date":"2 noviembre, 2020","format":false,"excerpt":"El mi\u00e9rcoles 28 se disput\u00f3 una fecha m\u00e1s correspondiente a la Liga Nacional de Ajedrez Chesscovid. Por el grupo K participaron los siguientes 9 equipos: Lujan-Mercedes-San Antonio de Areco (equipo zonal formado por ajedrecistas de los municipios mencionados y otros), Club de Ajedrez de Bernal (Buenos Aires), Rojas (Buenos Aires),\u2026","rel":"","context":"En \u00abDeportes\u00bb","block_context":{"text":"Deportes","link":"https:\/\/www.hoymercedes.com.ar\/principal\/category\/deportes\/"},"img":{"alt_text":"","src":"https:\/\/i0.wp.com\/www.hoymercedes.com.ar\/principal\/wp-content\/uploads\/2020\/11\/Eduardo-Pietrafesa-Ajedrez.jpg?resize=350%2C200&ssl=1","width":350,"height":200,"srcset":"https:\/\/i0.wp.com\/www.hoymercedes.com.ar\/principal\/wp-content\/uploads\/2020\/11\/Eduardo-Pietrafesa-Ajedrez.jpg?resize=350%2C200&ssl=1 1x, https:\/\/i0.wp.com\/www.hoymercedes.com.ar\/principal\/wp-content\/uploads\/2020\/11\/Eduardo-Pietrafesa-Ajedrez.jpg?resize=525%2C300&ssl=1 1.5x, https:\/\/i0.wp.com\/www.hoymercedes.com.ar\/principal\/wp-content\/uploads\/2020\/11\/Eduardo-Pietrafesa-Ajedrez.jpg?resize=700%2C400&ssl=1 2x"},"classes":[]}],"_links":{"self":[{"href":"https:\/\/www.hoymercedes.com.ar\/principal\/wp-json\/wp\/v2\/posts\/67973","targetHints":{"allow":["GET"]}}],"collection":[{"href":"https:\/\/www.hoymercedes.com.ar\/principal\/wp-json\/wp\/v2\/posts"}],"about":[{"href":"https:\/\/www.hoymercedes.com.ar\/principal\/wp-json\/wp\/v2\/types\/post"}],"author":[{"embeddable":true,"href":"https:\/\/www.hoymercedes.com.ar\/principal\/wp-json\/wp\/v2\/users\/1"}],"replies":[{"embeddable":true,"href":"https:\/\/www.hoymercedes.com.ar\/principal\/wp-json\/wp\/v2\/comments?post=67973"}],"version-history":[{"count":0,"href":"https:\/\/www.hoymercedes.com.ar\/principal\/wp-json\/wp\/v2\/posts\/67973\/revisions"}],"wp:featuredmedia":[{"embeddable":true,"href":"https:\/\/www.hoymercedes.com.ar\/principal\/wp-json\/wp\/v2\/media\/67974"}],"wp:attachment":[{"href":"https:\/\/www.hoymercedes.com.ar\/principal\/wp-json\/wp\/v2\/media?parent=67973"}],"wp:term":[{"taxonomy":"category","embeddable":true,"href":"https:\/\/www.hoymercedes.com.ar\/principal\/wp-json\/wp\/v2\/categories?post=67973"},{"taxonomy":"post_tag","embeddable":true,"href":"https:\/\/www.hoymercedes.com.ar\/principal\/wp-json\/wp\/v2\/tags?post=67973"}],"curies":[{"name":"wp","href":"https:\/\/api.w.org\/{rel}","templated":true}]}}