{"id":6799,"date":"2011-08-30T00:44:08","date_gmt":"2011-08-30T00:44:08","guid":{"rendered":"http:\/\/www.hoymercedes.com.ar\/principal\/?p=6799"},"modified":"2011-08-30T00:44:08","modified_gmt":"2011-08-30T00:44:08","slug":"v-congreso-y-iv-muestra-de-teatro-provincial-fetibo-mercedes-2011","status":"publish","type":"post","link":"https:\/\/www.hoymercedes.com.ar\/principal\/2011\/08\/30\/v-congreso-y-iv-muestra-de-teatro-provincial-fetibo-mercedes-2011\/","title":{"rendered":"V Congreso y IV Muestra de Teatro Provincial  Fetibo Mercedes 2011"},"content":{"rendered":"<p>Informan desde la Agrupaci\u00f3n \u00abEl Negro Olmedo\u00bb:<\/p>\n<p>Estamos haciendo historia. En esta oportunidad la FETIBO (Federaci\u00f3n de Teatro Independiente Bonaerense) Presenta el \u201cV ENCUENTRO Y la IV MUESTRA DE TEATRO INDEPNEDIENTE MERCEDES 2011\u201d Es importante destacar que dicha Federaci\u00f3n esta integrada por diferentes Asociaciones entre ellas NORTETARO que preside nuestra mercedina Lic. Marisa Ivaldi. Esto acontecer\u00e1 desde el 1 AL 3 DE SEPTIEMBRE en el teatro Julio Cesar Gioscio, el teatro Municipal, El teatro Tal\u00eda. Se har\u00e1n presente 8 elencos de primer nivel con entrada libre y gratuita. En todo este tiempo gracias a la gesti\u00f3n del Director de Teatro provincial Fabi\u00e1n Morales se est\u00e1n llevando a cabo distintos acontecimientos culturales que se diferencian por su calidad y riesgo.<\/p>\n<p>Mercedes Tiene una oportunidad hist\u00f3rica culturalmente, debemos estar a la altura de la circunstancia. Podemos ser sin lugar a dudas la capital del Teatro Independiente. Para ello debemos todos concurrir al teatro y apoyar a nuestros artistas. Apoyar a todos aquellos que quieren que Mercedes se desarrolle culturalmente. Por tal motivo convocamos a todos los mercedinos a concurrir este pr\u00f3ximo fin de semana a llenar las salas de teatro.<\/p>\n<p><strong>Auspician<\/strong><\/p>\n<p>CPTI Consejo provincial de Teatro Independiente<\/p>\n<p>INT Instituto nacional del teatro<\/p>\n<p>Municipalidad de Mercedes<\/p>\n<p>CONTACTOS FABIAN MORALES ORG.OLMEDO@GMAIL.COM<\/p>\n","protected":false},"excerpt":{"rendered":"<p>Informan desde la Agrupaci\u00f3n \u00abEl Negro Olmedo\u00bb: Estamos haciendo historia. En esta oportunidad la FETIBO (Federaci\u00f3n de Teatro Independiente Bonaerense) &#8230; <a title=\"V Congreso y IV Muestra de Teatro Provincial  Fetibo Mercedes 2011\" class=\"read-more\" href=\"https:\/\/www.hoymercedes.com.ar\/principal\/2011\/08\/30\/v-congreso-y-iv-muestra-de-teatro-provincial-fetibo-mercedes-2011\/\" aria-label=\"Leer m\u00e1s sobre V Congreso y IV Muestra de Teatro Provincial  Fetibo Mercedes 2011\">Leer m\u00e1s<\/a><\/p>\n","protected":false},"author":1,"featured_media":0,"comment_status":"open","ping_status":"open","sticky":false,"template":"","format":"standard","meta":{"_monsterinsights_skip_tracking":false,"_monsterinsights_sitenote_active":false,"_monsterinsights_sitenote_note":"","_monsterinsights_sitenote_category":0,"jetpack_post_was_ever_published":false,"_jetpack_newsletter_access":"","_jetpack_dont_email_post_to_subs":false,"_jetpack_newsletter_tier_id":0,"_jetpack_memberships_contains_paywalled_content":false,"_jetpack_memberships_contains_paid_content":false,"footnotes":"","jetpack_publicize_message":"","jetpack_publicize_feature_enabled":true,"jetpack_social_post_already_shared":false,"jetpack_social_options":{"image_generator_settings":{"template":"highway","default_image_id":0,"font":"","enabled":false},"version":2},"_wpas_customize_per_network":false},"categories":[104],"tags":[479,1218],"class_list":["post-6799","post","type-post","status-publish","format-standard","hentry","category-cultura","tag-fabian-morales","tag-organizacion-el-negro-olmedo","generate-columns","tablet-grid-50","mobile-grid-100","grid-parent","grid-50"],"jetpack_publicize_connections":[],"jetpack_featured_media_url":"","wps_subtitle":"","jetpack_sharing_enabled":true,"_links":{"self":[{"href":"https:\/\/www.hoymercedes.com.ar\/principal\/wp-json\/wp\/v2\/posts\/6799","targetHints":{"allow":["GET"]}}],"collection":[{"href":"https:\/\/www.hoymercedes.com.ar\/principal\/wp-json\/wp\/v2\/posts"}],"about":[{"href":"https:\/\/www.hoymercedes.com.ar\/principal\/wp-json\/wp\/v2\/types\/post"}],"author":[{"embeddable":true,"href":"https:\/\/www.hoymercedes.com.ar\/principal\/wp-json\/wp\/v2\/users\/1"}],"replies":[{"embeddable":true,"href":"https:\/\/www.hoymercedes.com.ar\/principal\/wp-json\/wp\/v2\/comments?post=6799"}],"version-history":[{"count":0,"href":"https:\/\/www.hoymercedes.com.ar\/principal\/wp-json\/wp\/v2\/posts\/6799\/revisions"}],"wp:attachment":[{"href":"https:\/\/www.hoymercedes.com.ar\/principal\/wp-json\/wp\/v2\/media?parent=6799"}],"wp:term":[{"taxonomy":"category","embeddable":true,"href":"https:\/\/www.hoymercedes.com.ar\/principal\/wp-json\/wp\/v2\/categories?post=6799"},{"taxonomy":"post_tag","embeddable":true,"href":"https:\/\/www.hoymercedes.com.ar\/principal\/wp-json\/wp\/v2\/tags?post=6799"}],"curies":[{"name":"wp","href":"https:\/\/api.w.org\/{rel}","templated":true}]}}