{"id":68036,"date":"2017-10-07T00:08:17","date_gmt":"2017-10-07T03:08:17","guid":{"rendered":"http:\/\/www.hoymercedes.com.ar\/principal\/?p=68036"},"modified":"2017-10-07T00:08:17","modified_gmt":"2017-10-07T03:08:17","slug":"sabrina-selva-reclama-la-reapertura-de-la-planta-de-tratamiento-de-residuos","status":"publish","type":"post","link":"https:\/\/www.hoymercedes.com.ar\/principal\/2017\/10\/07\/sabrina-selva-reclama-la-reapertura-de-la-planta-de-tratamiento-de-residuos\/","title":{"rendered":"Sabrina Selva reclama la reapertura de la planta de tratamiento de residuos"},"content":{"rendered":"<p>La concejal del PJ-Frente Renovador y primer candidata al mismo cargo por el Frente 1Pa\u00eds, Sabrina Selva, reclam\u00f3 la urgente reapertura de la planta de tratamiento de residuos, \u00a0en busca de encontrar una soluci\u00f3n a la problem\u00e1tica de la basura que afecta seriamente a la comunidad mercedina.<\/p>\n<p>En la mencionada planta de tratamiento, que funcionaba en un predio del barrio La Florida, se separaban residuos antes de su deposici\u00f3n final, recuperando varios materiales para su posterior reciclado La misma, hab\u00eda sido puesta en funcionamiento por el ex intendente Carlos Selva y cerrada por la gesti\u00f3n del actual Jefe comunal Juan Ustarroz.<\/p>\n<p>\u201cHoy la Municipalidad de Mercedes no est\u00e1 tratando los residuos y est\u00e1 enviando toda la basura al CEAMSE, \u00a0aclar\u00f3 Sabrina Selva, pero lo preocupante de esta situaci\u00f3n es que se est\u00e1 utilizando al Corral\u00f3n Municipal como centro de transferencia afectando el medio ambiente y provocando serias dificultades a los vecinos de la zona. A diario recibimos quejas por lo olores nauseabundos, por la proliferaci\u00f3n de plagas y por\u00a0\u00a0 ruidos molestos durante las noches cuando traspasan la basura para su traslado\u201d.<\/p>\n<p>\u201cEn junio, agreg\u00f3 la edil, hab\u00edamos presentado un proyecto, que reiteramos en la \u00faltima sesi\u00f3n, para que el Ejecutivo deje de usar al Corral\u00f3n como centro de transferencia y en el mismo sentido, otro que solicitaba la limpieza del basural clandestino de calle 22 bis en su cruce con el puente de la Ruta provincial 41,\u00a0 con el agravante en este caso, que seg\u00fan denunciaron varios vecinos, es la misma Municipalidad qui\u00e9n arroja residuos en ese lugar, cosa que demuestran las fotograf\u00edas que aportamos al expediente\u201d, \u00a0Sabrina Selva.<\/p>\n<p>\u201c Por lo tanto, solicitamos que el Ejecutivo le d\u00e9 car\u00e1cter de prioritario al tema de la basura, a su correspondiente tratamiento y a la extensi\u00f3n de la contenerizaci\u00f3n, porque la verdad es que\u00a0 una problem\u00e1tica tan sensible requiere de decisi\u00f3n pol\u00edtica, pero estamos a la deriva y esta situaci\u00f3n nos perjudica a todos\u201d, concluy\u00f3<\/p>\n<p>Para finalizar, la Concejal que va en busca de un nuevo mandato puntualiz\u00f3: \u201cnuestra labor legislativa ha sido siempre desde una perspectiva positiva, tratando de aportar desde nuestra visi\u00f3n y nuestra experiencia, creemos que la tarea del Concejo Deliberante es fundamental para el desarrollo de nuestra ciudad sin embargo, es imposible articular con un gobierno que no ve, no escucha y sobre todo no habla, no responde, hemos presentado un proyecto de resoluci\u00f3n solicitando respuesta a m\u00e1s de 80 expedientes, de \u00a0pedido de informes, respuesta que en definitiva son explicaciones que deben dar a los vecinos\u201d.<\/p>\n<p>Fuente: Agrupaci\u00f3n 17 de Octubre<\/p>\n","protected":false},"excerpt":{"rendered":"<p>La concejal del PJ-Frente Renovador y primer candidata al mismo cargo por el Frente 1Pa\u00eds, Sabrina Selva, reclam\u00f3 la urgente &#8230; <a title=\"Sabrina Selva reclama la reapertura de la planta de tratamiento de residuos\" class=\"read-more\" href=\"https:\/\/www.hoymercedes.com.ar\/principal\/2017\/10\/07\/sabrina-selva-reclama-la-reapertura-de-la-planta-de-tratamiento-de-residuos\/\" aria-label=\"Leer m\u00e1s sobre Sabrina Selva reclama la reapertura de la planta de tratamiento de residuos\">Leer m\u00e1s<\/a><\/p>\n","protected":false},"author":1,"featured_media":66106,"comment_status":"closed","ping_status":"open","sticky":false,"template":"","format":"standard","meta":{"_monsterinsights_skip_tracking":false,"_monsterinsights_sitenote_active":false,"_monsterinsights_sitenote_note":"","_monsterinsights_sitenote_category":0,"jetpack_post_was_ever_published":false,"_jetpack_newsletter_access":"","_jetpack_dont_email_post_to_subs":false,"_jetpack_newsletter_tier_id":0,"_jetpack_memberships_contains_paywalled_content":false,"_jetpack_memberships_contains_paid_content":false,"footnotes":"","jetpack_publicize_message":"","jetpack_publicize_feature_enabled":true,"jetpack_social_post_already_shared":true,"jetpack_social_options":{"image_generator_settings":{"template":"highway","default_image_id":0,"font":"","enabled":false},"version":2},"_wpas_customize_per_network":false},"categories":[5],"tags":[11482,11275,10,5319,2854],"class_list":["post-68036","post","type-post","status-publish","format-standard","has-post-thumbnail","hentry","category-politica","tag-1-pais","tag-elecciones-2017","tag-mercedes","tag-politica-2","tag-sabrina-selva","generate-columns","tablet-grid-50","mobile-grid-100","grid-parent","grid-50"],"jetpack_publicize_connections":[],"jetpack_featured_media_url":"https:\/\/www.hoymercedes.com.ar\/principal\/wp-content\/uploads\/2017\/08\/15-Sabrina-Selva.jpg","wps_subtitle":"Planteo legislativo","jetpack_sharing_enabled":true,"_links":{"self":[{"href":"https:\/\/www.hoymercedes.com.ar\/principal\/wp-json\/wp\/v2\/posts\/68036","targetHints":{"allow":["GET"]}}],"collection":[{"href":"https:\/\/www.hoymercedes.com.ar\/principal\/wp-json\/wp\/v2\/posts"}],"about":[{"href":"https:\/\/www.hoymercedes.com.ar\/principal\/wp-json\/wp\/v2\/types\/post"}],"author":[{"embeddable":true,"href":"https:\/\/www.hoymercedes.com.ar\/principal\/wp-json\/wp\/v2\/users\/1"}],"replies":[{"embeddable":true,"href":"https:\/\/www.hoymercedes.com.ar\/principal\/wp-json\/wp\/v2\/comments?post=68036"}],"version-history":[{"count":0,"href":"https:\/\/www.hoymercedes.com.ar\/principal\/wp-json\/wp\/v2\/posts\/68036\/revisions"}],"wp:featuredmedia":[{"embeddable":true,"href":"https:\/\/www.hoymercedes.com.ar\/principal\/wp-json\/wp\/v2\/media\/66106"}],"wp:attachment":[{"href":"https:\/\/www.hoymercedes.com.ar\/principal\/wp-json\/wp\/v2\/media?parent=68036"}],"wp:term":[{"taxonomy":"category","embeddable":true,"href":"https:\/\/www.hoymercedes.com.ar\/principal\/wp-json\/wp\/v2\/categories?post=68036"},{"taxonomy":"post_tag","embeddable":true,"href":"https:\/\/www.hoymercedes.com.ar\/principal\/wp-json\/wp\/v2\/tags?post=68036"}],"curies":[{"name":"wp","href":"https:\/\/api.w.org\/{rel}","templated":true}]}}