{"id":68039,"date":"2017-10-07T08:10:31","date_gmt":"2017-10-07T11:10:31","guid":{"rendered":"http:\/\/www.hoymercedes.com.ar\/principal\/?p=68039"},"modified":"2017-10-07T09:46:27","modified_gmt":"2017-10-07T12:46:27","slug":"denuncian-robo-de-carteles-y-chapones-de-propaganda-electoral","status":"publish","type":"post","link":"https:\/\/www.hoymercedes.com.ar\/principal\/2017\/10\/07\/denuncian-robo-de-carteles-y-chapones-de-propaganda-electoral\/","title":{"rendered":"Denuncian robo de carteles y chapones de propaganda electoral"},"content":{"rendered":"<p>En sus respectivos espacios de redes sociales, dos espacios pol\u00edticos que presentan candidatos a concejales denunciaron p\u00fablicamente el robo de carteles de propaganda pol\u00edtica, tanto electoral como de gesti\u00f3n. Por un lado, el candidato de CUMPLIR Pablo Perazzo en la noche del viernes destac\u00f3 en su red social la denuncia realizada en Fiscal\u00eda, mientras que los candidatos de Cambiemos resaltaron la desaparici\u00f3n de carteles de obras provinciales. La coincidencia es que ambos espacios pol\u00edticos destacan que las desapariciones fueron en lugares donde existen las c\u00e1maras de seguridad del municipio.<\/p>\n<p>Pablo Perazzo expres\u00f3 con copia de la denuncia realizada en la fiscal\u00eda: \u00abAnte el reiterado robo de carteles y chapones de propaganda electoral que se produjo en los \u00faltimos d\u00edas y teniendo en cuenta el gran esfuerzo personal que hacemos los que integramos este espacio pol\u00edtico por dar a conocer a los integrantes de la lista, y que en todo momento hemos respetamos la propaganda realizada por las dem\u00e1s fuerzas, es que realizamos la siguiente denuncia ante el fiscal de turno. Esperamos que se esclarezcan estos hechos, no podemos permitir que un grupo de intolerantes hagan lo que quieran en nuestra ciudad en lugares custodiados por las camaras de seguridad. Es lamentable tener que llegar a esto\u00bb.<\/p>\n<p><img loading=\"lazy\" decoding=\"async\" data-attachment-id=\"68053\" data-permalink=\"https:\/\/www.hoymercedes.com.ar\/principal\/2017\/10\/07\/denuncian-robo-de-carteles-y-chapones-de-propaganda-electoral\/07-perazzo-denuncia\/#main\" data-orig-file=\"https:\/\/www.hoymercedes.com.ar\/principal\/wp-content\/uploads\/2017\/10\/07-perazzo-denuncia.jpg\" data-orig-size=\"437,630\" data-comments-opened=\"0\" data-image-meta=\"{&quot;aperture&quot;:&quot;0&quot;,&quot;credit&quot;:&quot;&quot;,&quot;camera&quot;:&quot;&quot;,&quot;caption&quot;:&quot;&quot;,&quot;created_timestamp&quot;:&quot;0&quot;,&quot;copyright&quot;:&quot;&quot;,&quot;focal_length&quot;:&quot;0&quot;,&quot;iso&quot;:&quot;0&quot;,&quot;shutter_speed&quot;:&quot;0&quot;,&quot;title&quot;:&quot;&quot;,&quot;orientation&quot;:&quot;0&quot;}\" data-image-title=\"07 perazzo denuncia\" data-image-description=\"\" data-image-caption=\"\" data-large-file=\"https:\/\/www.hoymercedes.com.ar\/principal\/wp-content\/uploads\/2017\/10\/07-perazzo-denuncia.jpg\" class=\"aligncenter size-medium wp-image-68053\" src=\"https:\/\/www.hoymercedes.com.ar\/principal\/wp-content\/uploads\/2017\/10\/07-perazzo-denuncia-430x620.jpg\" alt=\"\" width=\"430\" height=\"620\" srcset=\"https:\/\/www.hoymercedes.com.ar\/principal\/wp-content\/uploads\/2017\/10\/07-perazzo-denuncia-430x620.jpg 430w, https:\/\/www.hoymercedes.com.ar\/principal\/wp-content\/uploads\/2017\/10\/07-perazzo-denuncia-104x150.jpg 104w, https:\/\/www.hoymercedes.com.ar\/principal\/wp-content\/uploads\/2017\/10\/07-perazzo-denuncia.jpg 437w\" sizes=\"auto, (max-width: 430px) 100vw, 430px\" \/><\/p>\n<p>Por su parte, Cambiemos Mercedes denunci\u00f3 el 4 de octubre, el robo de uno de los carteles de obra de la provincia de Buenos Aires. \u00abEl cartel de la Provincia de Buenos Aires donde se publican las obras p\u00fablicas de asfaltado que se realizaran en la ciudad de Mercedes por parte de la Gobernadora\u00a0Mar\u00eda Eugenia Vidal\u00a0fue ROBADO en el d\u00eda de hoy como ilustran las im\u00e1genes en la que se ve al Vicegobernador de la PBA Daniel Salvador, entre otros. El mismo estaba bajo un Domo de Seguridad de la Municipalidad de Mercedes, el cual seg\u00fan autoridades locales tiene un mal funcionamiento y no pudo captar el hecho.\u00a0 Si bien es grave dado que este robo es un incumplimiento a lo propuesto por una \u201cCampa\u00f1a Limpia\u201d, peor a\u00fan es el riesgo de que no funcionen los controles de seguridad y prevenci\u00f3n que se le debe garantiza a los vecinos\u00bb<\/p>\n","protected":false},"excerpt":{"rendered":"<p>En sus respectivos espacios de redes sociales, dos espacios pol\u00edticos que presentan candidatos a concejales denunciaron p\u00fablicamente el robo de &#8230; <a title=\"Denuncian robo de carteles y chapones de propaganda electoral\" class=\"read-more\" href=\"https:\/\/www.hoymercedes.com.ar\/principal\/2017\/10\/07\/denuncian-robo-de-carteles-y-chapones-de-propaganda-electoral\/\" aria-label=\"Leer m\u00e1s sobre Denuncian robo de carteles y chapones de propaganda electoral\">Leer m\u00e1s<\/a><\/p>\n","protected":false},"author":1,"featured_media":68053,"comment_status":"closed","ping_status":"open","sticky":false,"template":"","format":"standard","meta":{"_monsterinsights_skip_tracking":false,"_monsterinsights_sitenote_active":false,"_monsterinsights_sitenote_note":"","_monsterinsights_sitenote_category":0,"jetpack_post_was_ever_published":false,"_jetpack_newsletter_access":"","_jetpack_dont_email_post_to_subs":false,"_jetpack_newsletter_tier_id":0,"_jetpack_memberships_contains_paywalled_content":false,"_jetpack_memberships_contains_paid_content":false,"footnotes":"","jetpack_publicize_message":"","jetpack_publicize_feature_enabled":true,"jetpack_social_post_already_shared":true,"jetpack_social_options":{"image_generator_settings":{"template":"highway","default_image_id":0,"font":"","enabled":false},"version":2},"_wpas_customize_per_network":false},"categories":[5],"tags":[7963,11275,1505,5319,12022],"class_list":["post-68039","post","type-post","status-publish","format-standard","has-post-thumbnail","hentry","category-politica","tag-cambiemos-mercedes","tag-elecciones-2017","tag-pablo-perazzo","tag-politica-2","tag-robo-carteles","generate-columns","tablet-grid-50","mobile-grid-100","grid-parent","grid-50"],"jetpack_publicize_connections":[],"jetpack_featured_media_url":"https:\/\/www.hoymercedes.com.ar\/principal\/wp-content\/uploads\/2017\/10\/07-perazzo-denuncia.jpg","wps_subtitle":"Candidatos denuncian","jetpack_sharing_enabled":true,"_links":{"self":[{"href":"https:\/\/www.hoymercedes.com.ar\/principal\/wp-json\/wp\/v2\/posts\/68039","targetHints":{"allow":["GET"]}}],"collection":[{"href":"https:\/\/www.hoymercedes.com.ar\/principal\/wp-json\/wp\/v2\/posts"}],"about":[{"href":"https:\/\/www.hoymercedes.com.ar\/principal\/wp-json\/wp\/v2\/types\/post"}],"author":[{"embeddable":true,"href":"https:\/\/www.hoymercedes.com.ar\/principal\/wp-json\/wp\/v2\/users\/1"}],"replies":[{"embeddable":true,"href":"https:\/\/www.hoymercedes.com.ar\/principal\/wp-json\/wp\/v2\/comments?post=68039"}],"version-history":[{"count":0,"href":"https:\/\/www.hoymercedes.com.ar\/principal\/wp-json\/wp\/v2\/posts\/68039\/revisions"}],"wp:featuredmedia":[{"embeddable":true,"href":"https:\/\/www.hoymercedes.com.ar\/principal\/wp-json\/wp\/v2\/media\/68053"}],"wp:attachment":[{"href":"https:\/\/www.hoymercedes.com.ar\/principal\/wp-json\/wp\/v2\/media?parent=68039"}],"wp:term":[{"taxonomy":"category","embeddable":true,"href":"https:\/\/www.hoymercedes.com.ar\/principal\/wp-json\/wp\/v2\/categories?post=68039"},{"taxonomy":"post_tag","embeddable":true,"href":"https:\/\/www.hoymercedes.com.ar\/principal\/wp-json\/wp\/v2\/tags?post=68039"}],"curies":[{"name":"wp","href":"https:\/\/api.w.org\/{rel}","templated":true}]}}