{"id":68040,"date":"2017-10-08T13:00:38","date_gmt":"2017-10-08T16:00:38","guid":{"rendered":"http:\/\/www.hoymercedes.com.ar\/principal\/?p=68040"},"modified":"2017-10-08T09:43:55","modified_gmt":"2017-10-08T12:43:55","slug":"mas-seguridad-y-jerarquizacion-del-ingreso-a-mercedes-con-el-nuevo-portico-de-acceso","status":"publish","type":"post","link":"https:\/\/www.hoymercedes.com.ar\/principal\/2017\/10\/08\/mas-seguridad-y-jerarquizacion-del-ingreso-a-mercedes-con-el-nuevo-portico-de-acceso\/","title":{"rendered":"M\u00e1s seguridad y jerarquizaci\u00f3n del ingreso a Mercedes con el nuevo P\u00f3rtico de Acceso"},"content":{"rendered":"<figure id=\"attachment_68041\" aria-describedby=\"caption-attachment-68041\" style=\"width: 620px\" class=\"wp-caption aligncenter\"><img loading=\"lazy\" decoding=\"async\" data-attachment-id=\"68041\" data-permalink=\"https:\/\/www.hoymercedes.com.ar\/principal\/2017\/10\/08\/mas-seguridad-y-jerarquizacion-del-ingreso-a-mercedes-con-el-nuevo-portico-de-acceso\/porticosdeaccesomercedes-2\/#main\" data-orig-file=\"https:\/\/www.hoymercedes.com.ar\/principal\/wp-content\/uploads\/2017\/10\/PorticosdeAccesoMercedes-2.jpeg\" data-orig-size=\"1280,697\" data-comments-opened=\"0\" data-image-meta=\"{&quot;aperture&quot;:&quot;0&quot;,&quot;credit&quot;:&quot;&quot;,&quot;camera&quot;:&quot;&quot;,&quot;caption&quot;:&quot;&quot;,&quot;created_timestamp&quot;:&quot;0&quot;,&quot;copyright&quot;:&quot;&quot;,&quot;focal_length&quot;:&quot;0&quot;,&quot;iso&quot;:&quot;0&quot;,&quot;shutter_speed&quot;:&quot;0&quot;,&quot;title&quot;:&quot;&quot;,&quot;orientation&quot;:&quot;0&quot;}\" data-image-title=\"PorticosdeAccesoMercedes (2)\" data-image-description=\"\" data-image-caption=\"&lt;p&gt;Nuevos p\u00f3rticos de acceso y seguridad &lt;\/p&gt;\n\" data-large-file=\"https:\/\/www.hoymercedes.com.ar\/principal\/wp-content\/uploads\/2017\/10\/PorticosdeAccesoMercedes-2-1024x558.jpeg\" class=\"size-medium wp-image-68041\" src=\"https:\/\/www.hoymercedes.com.ar\/principal\/wp-content\/uploads\/2017\/10\/PorticosdeAccesoMercedes-2-630x343.jpeg\" alt=\"\" width=\"630\" height=\"343\" srcset=\"https:\/\/www.hoymercedes.com.ar\/principal\/wp-content\/uploads\/2017\/10\/PorticosdeAccesoMercedes-2-630x343.jpeg 630w, https:\/\/www.hoymercedes.com.ar\/principal\/wp-content\/uploads\/2017\/10\/PorticosdeAccesoMercedes-2-150x82.jpeg 150w, https:\/\/www.hoymercedes.com.ar\/principal\/wp-content\/uploads\/2017\/10\/PorticosdeAccesoMercedes-2-1024x558.jpeg 1024w, https:\/\/www.hoymercedes.com.ar\/principal\/wp-content\/uploads\/2017\/10\/PorticosdeAccesoMercedes-2.jpeg 1280w\" sizes=\"auto, (max-width: 630px) 100vw, 630px\" \/><figcaption id=\"caption-attachment-68041\" class=\"wp-caption-text\">Nuevos p\u00f3rticos de acceso y seguridad<\/figcaption><\/figure>\n<p>M\u00e1s seguridad y embellecimiento de la ciudad con el nuevo P\u00f3rtico de Acceso que se inaugur\u00f3 en Av.40 y Ruta 41.\u00a0 Posta policial fija, lector de patentes para proteger ingresos y egresos, 8 c\u00e1maras \u2018lpr\u2019 y 4 fijas. Adem\u00e1s se pusieron en funcionamiento los primeros patrulleros con c\u00e1maras m\u00f3viles conectadas al Centro de Monitoreo. Una vez m\u00e1s las inversiones se materializan en el cuidado de los vecinos, destac\u00f3 Ustarroz.<\/p>\n<p>El intendente Juan Ignacio Ustarroz encabez\u00f3 el acto acompa\u00f1ado de la Secretaria de Seguridad, Josefina Kelly, la Sub secretaria Clara Zunino, el Director Estaban Rossi, el Sub comisario Delporto, el Secretario de Obras P\u00fablicas Alberto Navarrete, y un importante n\u00famero de efectivos de la Polic\u00eda Comunal y Local, funcionarios, concejales y tambi\u00e9n vecinos que al pasar frenaron a ver los nuevos detalles all\u00ed implementados.<\/p>\n<p><strong>Obra trascendental <\/strong><\/p>\n<p>El primer mandatario local expres\u00f3 que \u201cesta obra creemos es trascendental para la ciudad de Mercedes, los p\u00f3rticos de acceso, no s\u00f3lo tienen una funci\u00f3n est\u00e9tica, sino que jerarquizan y realzan el segundo acceso m\u00e1s importante que tenemos a la ciudad\u201d para destacar que \u201ccumplen una funci\u00f3n muy valiosa, ante uno de los reclamos que realiza la ciudadan\u00eda, que es la seguridad\u201d.<\/p>\n<p>\u00bfPor qu\u00e9 la seguridad?, se interrog\u00f3 el Jefe comunal para luego sostener que \u201clos p\u00f3rticos tienen un sistema de c\u00e1maras con lectoras de patentes, que servir\u00e1n para observar y evitar posibles delitos. Adem\u00e1s contar\u00e1 con presencia policial las 24 horas. Esto est\u00e1 vinculado a una obra planificada, que es tambi\u00e9n seguir ampliando el sistema del Centro de Monitoreo para poder tener un registro de patentes, cuya funcionalidad es saber, y alertarnos a la vez, si alg\u00fan veh\u00edculo tiene pedido de captura\u201d destac\u00f3 Ustarroz.<\/p>\n<p><img loading=\"lazy\" decoding=\"async\" data-attachment-id=\"68042\" data-permalink=\"https:\/\/www.hoymercedes.com.ar\/principal\/2017\/10\/08\/mas-seguridad-y-jerarquizacion-del-ingreso-a-mercedes-con-el-nuevo-portico-de-acceso\/sja_1815\/#main\" data-orig-file=\"https:\/\/www.hoymercedes.com.ar\/principal\/wp-content\/uploads\/2017\/10\/SJA_1815.jpg\" data-orig-size=\"2784,1856\" data-comments-opened=\"0\" data-image-meta=\"{&quot;aperture&quot;:&quot;4&quot;,&quot;credit&quot;:&quot;SEBASTIANAMBROSSIO&quot;,&quot;camera&quot;:&quot;&quot;,&quot;caption&quot;:&quot;&quot;,&quot;created_timestamp&quot;:&quot;0&quot;,&quot;copyright&quot;:&quot;SebastianAmbrossio&quot;,&quot;focal_length&quot;:&quot;27&quot;,&quot;iso&quot;:&quot;0&quot;,&quot;shutter_speed&quot;:&quot;0.001&quot;,&quot;title&quot;:&quot;&quot;,&quot;orientation&quot;:&quot;1&quot;}\" data-image-title=\"SJA_1815\" data-image-description=\"\" data-image-caption=\"\" data-large-file=\"https:\/\/www.hoymercedes.com.ar\/principal\/wp-content\/uploads\/2017\/10\/SJA_1815-1024x683.jpg\" class=\"aligncenter size-medium wp-image-68042\" src=\"https:\/\/www.hoymercedes.com.ar\/principal\/wp-content\/uploads\/2017\/10\/SJA_1815-630x420.jpg\" alt=\"\" width=\"630\" height=\"420\" srcset=\"https:\/\/www.hoymercedes.com.ar\/principal\/wp-content\/uploads\/2017\/10\/SJA_1815-630x420.jpg 630w, https:\/\/www.hoymercedes.com.ar\/principal\/wp-content\/uploads\/2017\/10\/SJA_1815-150x100.jpg 150w, https:\/\/www.hoymercedes.com.ar\/principal\/wp-content\/uploads\/2017\/10\/SJA_1815-1024x683.jpg 1024w, https:\/\/www.hoymercedes.com.ar\/principal\/wp-content\/uploads\/2017\/10\/SJA_1815-300x200.jpg 300w\" sizes=\"auto, (max-width: 630px) 100vw, 630px\" \/><\/p>\n<p><strong>Patrulleros m\u00e1s equipados<\/strong><\/p>\n<p>\u201cComplementaria a esta obra son los patrulleros inteligentes multi-tecnol\u00f3gicos que tambi\u00e9n estamos presentando hoy.\u00a0 Los cuales tienen c\u00e1maras, domos, GPS, es decir, una tecnolog\u00eda que permite cerrar los anillos de la ciudad. Lo que queremos nosotros es que los delitos no se lleguen a consumar, entonces para eso, tratamos de llevar adelante todas las pol\u00edticas de prevenci\u00f3n que lo eviten y persuadir a quien tenga la intenci\u00f3n\u201d afirm\u00f3 Ustarroz poniendo en valor el gran anuncio sobre las pol\u00edticas de seguridad locales que son \u201cpol\u00edticas que conllevan a tener un mejor sistema con c\u00e1maras m\u00e1s eficientes, con m\u00e1s patrulleros, nosotros hemos entregado 14 patrulleros, 16 motos a la polic\u00eda local, adem\u00e1s hemos incorporado 220 polic\u00edas que recorren las calles de nuestra sociedad. Sin olvidarnos del p\u00f3rtico de acceso sur y ruta 5 que pronto ya tendremos en funcionamiento, al igual que las dos postas m\u00f3viles\u201d remarc\u00f3.<\/p>\n<p><strong>Avances s\u00f3lidos<\/strong><\/p>\n<p>Para la Secretaria de Seguridad, doctora Josefina Kelly, es un nuevo gran avance en beneficio de todos los vecinos, dando herramientas a nuestras fuerzas de seguridad. \u201cFue una decisi\u00f3n del intendente desde el primer d\u00eda. Hoy los inauguramos para alegr\u00eda de todos siendo una promesa m\u00e1s que se cumple\u201d cont\u00f3 Kelly y mencion\u00f3 que \u201ces un elemento importante para la prevenci\u00f3n y para suministrar insumos a la justicia en sus investigaciones\u201d cont\u00f3 mencionando que los patrulleros tienen c\u00e1maras que generan puntos din\u00e1micos de grabaci\u00f3n contactados al Centro de Monitoreo, pudiendo cubrir m\u00e1s nuestra ciudad, adem\u00e1s tambi\u00e9n los gps en los patrulleros permite r\u00e1pidamente ante un alerta ver cu\u00e1l es el m\u00e1s cercano al hecho y actuar con mayor eficiencia\u201d destac\u00f3 la funcionaria.<\/p>\n<p>Por su parte, el Jefe de Gabinete, Ger\u00f3nimo \u201cZaza\u201d Ustarroz, recalc\u00f3 que \u201ccuando se trabaja planificadamente, pensando en el vecino, en actuar con firmeza, este tipo de acciones son fundamentales, para la polic\u00eda, para la justicia, para los vecinos. Todos nos sentimos un poco m\u00e1s protegidos. El actuar contra el juego clandestino, contra los ruidos molestos y los escapes que destruimos, con un pedido tan sentido como la pirotecnia explosiva, con m\u00e1s c\u00e1maras y patrulleros, con haber sido el primer municipio en 2016 en presentar el plan integral de seguridad a la Provincia, deja demostrado que trabajamos mucho y cada d\u00eda por una ciudad m\u00e1s segura, para una verdadera ciudad de todos, por eso el acompa\u00f1amiento del vecino es clave\u201d, remarc\u00f3.<\/p>\n<p><strong>Contin\u00faa<\/strong><\/p>\n<p>Si bien la obra fue inaugurada se supo que muy pronto desde la Direcci\u00f3n de Espacios Verdes estar\u00e1n incorporando m\u00e1s arbolado para embellecer y cuidar el medio ambiente. Tambi\u00e9n que no bien se finalice la obra de avenida 2 se har\u00e1 una jerarquizaci\u00f3n similar en dicho espacio y que muy pronto ser\u00e1 inaugurado tambi\u00e9n el p\u00f3rtico, con id\u00e9nticas caracter\u00edsticas y tecnolog\u00edas.<\/p>\n<p><img loading=\"lazy\" decoding=\"async\" data-attachment-id=\"68043\" data-permalink=\"https:\/\/www.hoymercedes.com.ar\/principal\/2017\/10\/08\/mas-seguridad-y-jerarquizacion-del-ingreso-a-mercedes-con-el-nuevo-portico-de-acceso\/sja_1816\/#main\" data-orig-file=\"https:\/\/www.hoymercedes.com.ar\/principal\/wp-content\/uploads\/2017\/10\/SJA_1816.jpg\" data-orig-size=\"2784,1856\" data-comments-opened=\"0\" data-image-meta=\"{&quot;aperture&quot;:&quot;4&quot;,&quot;credit&quot;:&quot;SEBASTIANAMBROSSIO&quot;,&quot;camera&quot;:&quot;&quot;,&quot;caption&quot;:&quot;&quot;,&quot;created_timestamp&quot;:&quot;0&quot;,&quot;copyright&quot;:&quot;SebastianAmbrossio&quot;,&quot;focal_length&quot;:&quot;24&quot;,&quot;iso&quot;:&quot;0&quot;,&quot;shutter_speed&quot;:&quot;0.002&quot;,&quot;title&quot;:&quot;&quot;,&quot;orientation&quot;:&quot;1&quot;}\" data-image-title=\"SJA_1816\" data-image-description=\"\" data-image-caption=\"\" data-large-file=\"https:\/\/www.hoymercedes.com.ar\/principal\/wp-content\/uploads\/2017\/10\/SJA_1816-1024x683.jpg\" class=\"aligncenter size-medium wp-image-68043\" src=\"https:\/\/www.hoymercedes.com.ar\/principal\/wp-content\/uploads\/2017\/10\/SJA_1816-630x420.jpg\" alt=\"\" width=\"630\" height=\"420\" srcset=\"https:\/\/www.hoymercedes.com.ar\/principal\/wp-content\/uploads\/2017\/10\/SJA_1816-630x420.jpg 630w, https:\/\/www.hoymercedes.com.ar\/principal\/wp-content\/uploads\/2017\/10\/SJA_1816-150x100.jpg 150w, https:\/\/www.hoymercedes.com.ar\/principal\/wp-content\/uploads\/2017\/10\/SJA_1816-1024x683.jpg 1024w, https:\/\/www.hoymercedes.com.ar\/principal\/wp-content\/uploads\/2017\/10\/SJA_1816-300x200.jpg 300w\" sizes=\"auto, (max-width: 630px) 100vw, 630px\" \/><\/p>\n<p><img loading=\"lazy\" decoding=\"async\" data-attachment-id=\"68044\" data-permalink=\"https:\/\/www.hoymercedes.com.ar\/principal\/2017\/10\/08\/mas-seguridad-y-jerarquizacion-del-ingreso-a-mercedes-con-el-nuevo-portico-de-acceso\/sja_1821\/#main\" data-orig-file=\"https:\/\/www.hoymercedes.com.ar\/principal\/wp-content\/uploads\/2017\/10\/SJA_1821.jpg\" data-orig-size=\"2784,1856\" data-comments-opened=\"0\" data-image-meta=\"{&quot;aperture&quot;:&quot;4&quot;,&quot;credit&quot;:&quot;SEBASTIANAMBROSSIO&quot;,&quot;camera&quot;:&quot;&quot;,&quot;caption&quot;:&quot;&quot;,&quot;created_timestamp&quot;:&quot;0&quot;,&quot;copyright&quot;:&quot;SebastianAmbrossio&quot;,&quot;focal_length&quot;:&quot;58&quot;,&quot;iso&quot;:&quot;0&quot;,&quot;shutter_speed&quot;:&quot;0.002&quot;,&quot;title&quot;:&quot;&quot;,&quot;orientation&quot;:&quot;1&quot;}\" data-image-title=\"SJA_1821\" data-image-description=\"\" data-image-caption=\"\" data-large-file=\"https:\/\/www.hoymercedes.com.ar\/principal\/wp-content\/uploads\/2017\/10\/SJA_1821-1024x683.jpg\" class=\"aligncenter size-medium wp-image-68044\" src=\"https:\/\/www.hoymercedes.com.ar\/principal\/wp-content\/uploads\/2017\/10\/SJA_1821-630x420.jpg\" alt=\"\" width=\"630\" height=\"420\" srcset=\"https:\/\/www.hoymercedes.com.ar\/principal\/wp-content\/uploads\/2017\/10\/SJA_1821-630x420.jpg 630w, https:\/\/www.hoymercedes.com.ar\/principal\/wp-content\/uploads\/2017\/10\/SJA_1821-150x100.jpg 150w, https:\/\/www.hoymercedes.com.ar\/principal\/wp-content\/uploads\/2017\/10\/SJA_1821-1024x683.jpg 1024w, https:\/\/www.hoymercedes.com.ar\/principal\/wp-content\/uploads\/2017\/10\/SJA_1821-300x200.jpg 300w\" sizes=\"auto, (max-width: 630px) 100vw, 630px\" \/><\/p>\n<p><img loading=\"lazy\" decoding=\"async\" data-attachment-id=\"68045\" data-permalink=\"https:\/\/www.hoymercedes.com.ar\/principal\/2017\/10\/08\/mas-seguridad-y-jerarquizacion-del-ingreso-a-mercedes-con-el-nuevo-portico-de-acceso\/sja_1827\/#main\" data-orig-file=\"https:\/\/www.hoymercedes.com.ar\/principal\/wp-content\/uploads\/2017\/10\/SJA_1827.jpg\" data-orig-size=\"2784,1856\" data-comments-opened=\"0\" data-image-meta=\"{&quot;aperture&quot;:&quot;4&quot;,&quot;credit&quot;:&quot;SEBASTIANAMBROSSIO&quot;,&quot;camera&quot;:&quot;&quot;,&quot;caption&quot;:&quot;&quot;,&quot;created_timestamp&quot;:&quot;0&quot;,&quot;copyright&quot;:&quot;SebastianAmbrossio&quot;,&quot;focal_length&quot;:&quot;48&quot;,&quot;iso&quot;:&quot;0&quot;,&quot;shutter_speed&quot;:&quot;0.0025&quot;,&quot;title&quot;:&quot;&quot;,&quot;orientation&quot;:&quot;1&quot;}\" data-image-title=\"SJA_1827\" data-image-description=\"\" data-image-caption=\"\" data-large-file=\"https:\/\/www.hoymercedes.com.ar\/principal\/wp-content\/uploads\/2017\/10\/SJA_1827-1024x683.jpg\" class=\"aligncenter size-medium wp-image-68045\" src=\"https:\/\/www.hoymercedes.com.ar\/principal\/wp-content\/uploads\/2017\/10\/SJA_1827-630x420.jpg\" alt=\"\" width=\"630\" height=\"420\" srcset=\"https:\/\/www.hoymercedes.com.ar\/principal\/wp-content\/uploads\/2017\/10\/SJA_1827-630x420.jpg 630w, https:\/\/www.hoymercedes.com.ar\/principal\/wp-content\/uploads\/2017\/10\/SJA_1827-150x100.jpg 150w, https:\/\/www.hoymercedes.com.ar\/principal\/wp-content\/uploads\/2017\/10\/SJA_1827-1024x683.jpg 1024w, https:\/\/www.hoymercedes.com.ar\/principal\/wp-content\/uploads\/2017\/10\/SJA_1827-300x200.jpg 300w\" sizes=\"auto, (max-width: 630px) 100vw, 630px\" \/><\/p>\n<p><img loading=\"lazy\" decoding=\"async\" data-attachment-id=\"68046\" data-permalink=\"https:\/\/www.hoymercedes.com.ar\/principal\/2017\/10\/08\/mas-seguridad-y-jerarquizacion-del-ingreso-a-mercedes-con-el-nuevo-portico-de-acceso\/sja_1835\/#main\" data-orig-file=\"https:\/\/www.hoymercedes.com.ar\/principal\/wp-content\/uploads\/2017\/10\/SJA_1835.jpg\" data-orig-size=\"2784,1856\" data-comments-opened=\"0\" data-image-meta=\"{&quot;aperture&quot;:&quot;4&quot;,&quot;credit&quot;:&quot;SEBASTIANAMBROSSIO&quot;,&quot;camera&quot;:&quot;&quot;,&quot;caption&quot;:&quot;&quot;,&quot;created_timestamp&quot;:&quot;0&quot;,&quot;copyright&quot;:&quot;SebastianAmbrossio&quot;,&quot;focal_length&quot;:&quot;38&quot;,&quot;iso&quot;:&quot;0&quot;,&quot;shutter_speed&quot;:&quot;0.002&quot;,&quot;title&quot;:&quot;&quot;,&quot;orientation&quot;:&quot;1&quot;}\" data-image-title=\"SJA_1835\" data-image-description=\"\" data-image-caption=\"\" data-large-file=\"https:\/\/www.hoymercedes.com.ar\/principal\/wp-content\/uploads\/2017\/10\/SJA_1835-1024x683.jpg\" class=\"aligncenter size-medium wp-image-68046\" src=\"https:\/\/www.hoymercedes.com.ar\/principal\/wp-content\/uploads\/2017\/10\/SJA_1835-630x420.jpg\" alt=\"\" width=\"630\" height=\"420\" srcset=\"https:\/\/www.hoymercedes.com.ar\/principal\/wp-content\/uploads\/2017\/10\/SJA_1835-630x420.jpg 630w, https:\/\/www.hoymercedes.com.ar\/principal\/wp-content\/uploads\/2017\/10\/SJA_1835-150x100.jpg 150w, https:\/\/www.hoymercedes.com.ar\/principal\/wp-content\/uploads\/2017\/10\/SJA_1835-1024x683.jpg 1024w, https:\/\/www.hoymercedes.com.ar\/principal\/wp-content\/uploads\/2017\/10\/SJA_1835-300x200.jpg 300w\" sizes=\"auto, (max-width: 630px) 100vw, 630px\" \/><\/p>\n<p><img loading=\"lazy\" decoding=\"async\" data-attachment-id=\"68047\" data-permalink=\"https:\/\/www.hoymercedes.com.ar\/principal\/2017\/10\/08\/mas-seguridad-y-jerarquizacion-del-ingreso-a-mercedes-con-el-nuevo-portico-de-acceso\/sja_1838\/#main\" data-orig-file=\"https:\/\/www.hoymercedes.com.ar\/principal\/wp-content\/uploads\/2017\/10\/SJA_1838.jpg\" data-orig-size=\"2784,1856\" data-comments-opened=\"0\" data-image-meta=\"{&quot;aperture&quot;:&quot;4&quot;,&quot;credit&quot;:&quot;SEBASTIANAMBROSSIO&quot;,&quot;camera&quot;:&quot;&quot;,&quot;caption&quot;:&quot;&quot;,&quot;created_timestamp&quot;:&quot;0&quot;,&quot;copyright&quot;:&quot;SebastianAmbrossio&quot;,&quot;focal_length&quot;:&quot;40&quot;,&quot;iso&quot;:&quot;0&quot;,&quot;shutter_speed&quot;:&quot;0.00125&quot;,&quot;title&quot;:&quot;&quot;,&quot;orientation&quot;:&quot;1&quot;}\" data-image-title=\"SJA_1838\" data-image-description=\"\" data-image-caption=\"\" data-large-file=\"https:\/\/www.hoymercedes.com.ar\/principal\/wp-content\/uploads\/2017\/10\/SJA_1838-1024x683.jpg\" class=\"aligncenter size-medium wp-image-68047\" src=\"https:\/\/www.hoymercedes.com.ar\/principal\/wp-content\/uploads\/2017\/10\/SJA_1838-630x420.jpg\" alt=\"\" width=\"630\" height=\"420\" srcset=\"https:\/\/www.hoymercedes.com.ar\/principal\/wp-content\/uploads\/2017\/10\/SJA_1838-630x420.jpg 630w, https:\/\/www.hoymercedes.com.ar\/principal\/wp-content\/uploads\/2017\/10\/SJA_1838-150x100.jpg 150w, https:\/\/www.hoymercedes.com.ar\/principal\/wp-content\/uploads\/2017\/10\/SJA_1838-1024x683.jpg 1024w, https:\/\/www.hoymercedes.com.ar\/principal\/wp-content\/uploads\/2017\/10\/SJA_1838-300x200.jpg 300w\" sizes=\"auto, (max-width: 630px) 100vw, 630px\" \/><\/p>\n<p><img loading=\"lazy\" decoding=\"async\" data-attachment-id=\"68048\" data-permalink=\"https:\/\/www.hoymercedes.com.ar\/principal\/2017\/10\/08\/mas-seguridad-y-jerarquizacion-del-ingreso-a-mercedes-con-el-nuevo-portico-de-acceso\/sja_1844\/#main\" data-orig-file=\"https:\/\/www.hoymercedes.com.ar\/principal\/wp-content\/uploads\/2017\/10\/SJA_1844.jpg\" data-orig-size=\"2784,1856\" data-comments-opened=\"0\" data-image-meta=\"{&quot;aperture&quot;:&quot;4&quot;,&quot;credit&quot;:&quot;SEBASTIANAMBROSSIO&quot;,&quot;camera&quot;:&quot;&quot;,&quot;caption&quot;:&quot;&quot;,&quot;created_timestamp&quot;:&quot;0&quot;,&quot;copyright&quot;:&quot;SebastianAmbrossio&quot;,&quot;focal_length&quot;:&quot;50&quot;,&quot;iso&quot;:&quot;0&quot;,&quot;shutter_speed&quot;:&quot;0.001&quot;,&quot;title&quot;:&quot;&quot;,&quot;orientation&quot;:&quot;1&quot;}\" data-image-title=\"SJA_1844\" data-image-description=\"\" data-image-caption=\"\" data-large-file=\"https:\/\/www.hoymercedes.com.ar\/principal\/wp-content\/uploads\/2017\/10\/SJA_1844-1024x683.jpg\" class=\"aligncenter size-medium wp-image-68048\" src=\"https:\/\/www.hoymercedes.com.ar\/principal\/wp-content\/uploads\/2017\/10\/SJA_1844-630x420.jpg\" alt=\"\" width=\"630\" height=\"420\" srcset=\"https:\/\/www.hoymercedes.com.ar\/principal\/wp-content\/uploads\/2017\/10\/SJA_1844-630x420.jpg 630w, https:\/\/www.hoymercedes.com.ar\/principal\/wp-content\/uploads\/2017\/10\/SJA_1844-150x100.jpg 150w, https:\/\/www.hoymercedes.com.ar\/principal\/wp-content\/uploads\/2017\/10\/SJA_1844-1024x683.jpg 1024w, https:\/\/www.hoymercedes.com.ar\/principal\/wp-content\/uploads\/2017\/10\/SJA_1844-300x200.jpg 300w\" sizes=\"auto, (max-width: 630px) 100vw, 630px\" \/><\/p>\n<p><img loading=\"lazy\" decoding=\"async\" data-attachment-id=\"68049\" data-permalink=\"https:\/\/www.hoymercedes.com.ar\/principal\/2017\/10\/08\/mas-seguridad-y-jerarquizacion-del-ingreso-a-mercedes-con-el-nuevo-portico-de-acceso\/sja_1850\/#main\" data-orig-file=\"https:\/\/www.hoymercedes.com.ar\/principal\/wp-content\/uploads\/2017\/10\/SJA_1850.jpg\" data-orig-size=\"2784,1856\" data-comments-opened=\"0\" data-image-meta=\"{&quot;aperture&quot;:&quot;8&quot;,&quot;credit&quot;:&quot;SEBASTIANAMBROSSIO&quot;,&quot;camera&quot;:&quot;&quot;,&quot;caption&quot;:&quot;&quot;,&quot;created_timestamp&quot;:&quot;0&quot;,&quot;copyright&quot;:&quot;SebastianAmbrossio&quot;,&quot;focal_length&quot;:&quot;24&quot;,&quot;iso&quot;:&quot;0&quot;,&quot;shutter_speed&quot;:&quot;0.002&quot;,&quot;title&quot;:&quot;&quot;,&quot;orientation&quot;:&quot;1&quot;}\" data-image-title=\"SJA_1850\" data-image-description=\"\" data-image-caption=\"\" data-large-file=\"https:\/\/www.hoymercedes.com.ar\/principal\/wp-content\/uploads\/2017\/10\/SJA_1850-1024x683.jpg\" class=\"aligncenter size-medium wp-image-68049\" src=\"https:\/\/www.hoymercedes.com.ar\/principal\/wp-content\/uploads\/2017\/10\/SJA_1850-630x420.jpg\" alt=\"\" width=\"630\" height=\"420\" srcset=\"https:\/\/www.hoymercedes.com.ar\/principal\/wp-content\/uploads\/2017\/10\/SJA_1850-630x420.jpg 630w, https:\/\/www.hoymercedes.com.ar\/principal\/wp-content\/uploads\/2017\/10\/SJA_1850-150x100.jpg 150w, https:\/\/www.hoymercedes.com.ar\/principal\/wp-content\/uploads\/2017\/10\/SJA_1850-1024x683.jpg 1024w, https:\/\/www.hoymercedes.com.ar\/principal\/wp-content\/uploads\/2017\/10\/SJA_1850-300x200.jpg 300w\" sizes=\"auto, (max-width: 630px) 100vw, 630px\" \/><\/p>\n<p><img loading=\"lazy\" decoding=\"async\" data-attachment-id=\"68050\" data-permalink=\"https:\/\/www.hoymercedes.com.ar\/principal\/2017\/10\/08\/mas-seguridad-y-jerarquizacion-del-ingreso-a-mercedes-con-el-nuevo-portico-de-acceso\/sja_1855\/#main\" data-orig-file=\"https:\/\/www.hoymercedes.com.ar\/principal\/wp-content\/uploads\/2017\/10\/SJA_1855.jpg\" data-orig-size=\"2784,1856\" data-comments-opened=\"0\" data-image-meta=\"{&quot;aperture&quot;:&quot;8&quot;,&quot;credit&quot;:&quot;SEBASTIANAMBROSSIO&quot;,&quot;camera&quot;:&quot;&quot;,&quot;caption&quot;:&quot;&quot;,&quot;created_timestamp&quot;:&quot;0&quot;,&quot;copyright&quot;:&quot;SebastianAmbrossio&quot;,&quot;focal_length&quot;:&quot;24&quot;,&quot;iso&quot;:&quot;0&quot;,&quot;shutter_speed&quot;:&quot;0.002&quot;,&quot;title&quot;:&quot;&quot;,&quot;orientation&quot;:&quot;1&quot;}\" data-image-title=\"SJA_1855\" data-image-description=\"\" data-image-caption=\"\" data-large-file=\"https:\/\/www.hoymercedes.com.ar\/principal\/wp-content\/uploads\/2017\/10\/SJA_1855-1024x683.jpg\" class=\"aligncenter size-medium wp-image-68050\" src=\"https:\/\/www.hoymercedes.com.ar\/principal\/wp-content\/uploads\/2017\/10\/SJA_1855-630x420.jpg\" alt=\"\" width=\"630\" height=\"420\" srcset=\"https:\/\/www.hoymercedes.com.ar\/principal\/wp-content\/uploads\/2017\/10\/SJA_1855-630x420.jpg 630w, https:\/\/www.hoymercedes.com.ar\/principal\/wp-content\/uploads\/2017\/10\/SJA_1855-150x100.jpg 150w, https:\/\/www.hoymercedes.com.ar\/principal\/wp-content\/uploads\/2017\/10\/SJA_1855-1024x683.jpg 1024w, https:\/\/www.hoymercedes.com.ar\/principal\/wp-content\/uploads\/2017\/10\/SJA_1855-300x200.jpg 300w\" sizes=\"auto, (max-width: 630px) 100vw, 630px\" \/><\/p>\n<p><img loading=\"lazy\" decoding=\"async\" data-attachment-id=\"68051\" data-permalink=\"https:\/\/www.hoymercedes.com.ar\/principal\/2017\/10\/08\/mas-seguridad-y-jerarquizacion-del-ingreso-a-mercedes-con-el-nuevo-portico-de-acceso\/sja_1857\/#main\" data-orig-file=\"https:\/\/www.hoymercedes.com.ar\/principal\/wp-content\/uploads\/2017\/10\/SJA_1857.jpg\" data-orig-size=\"2784,1856\" data-comments-opened=\"0\" data-image-meta=\"{&quot;aperture&quot;:&quot;4&quot;,&quot;credit&quot;:&quot;SEBASTIANAMBROSSIO&quot;,&quot;camera&quot;:&quot;&quot;,&quot;caption&quot;:&quot;&quot;,&quot;created_timestamp&quot;:&quot;0&quot;,&quot;copyright&quot;:&quot;SebastianAmbrossio&quot;,&quot;focal_length&quot;:&quot;70&quot;,&quot;iso&quot;:&quot;0&quot;,&quot;shutter_speed&quot;:&quot;0.00025&quot;,&quot;title&quot;:&quot;&quot;,&quot;orientation&quot;:&quot;1&quot;}\" data-image-title=\"SJA_1857\" data-image-description=\"\" data-image-caption=\"\" data-large-file=\"https:\/\/www.hoymercedes.com.ar\/principal\/wp-content\/uploads\/2017\/10\/SJA_1857-1024x683.jpg\" class=\"aligncenter size-medium wp-image-68051\" src=\"https:\/\/www.hoymercedes.com.ar\/principal\/wp-content\/uploads\/2017\/10\/SJA_1857-630x420.jpg\" alt=\"\" width=\"630\" height=\"420\" srcset=\"https:\/\/www.hoymercedes.com.ar\/principal\/wp-content\/uploads\/2017\/10\/SJA_1857-630x420.jpg 630w, https:\/\/www.hoymercedes.com.ar\/principal\/wp-content\/uploads\/2017\/10\/SJA_1857-150x100.jpg 150w, https:\/\/www.hoymercedes.com.ar\/principal\/wp-content\/uploads\/2017\/10\/SJA_1857-1024x683.jpg 1024w, https:\/\/www.hoymercedes.com.ar\/principal\/wp-content\/uploads\/2017\/10\/SJA_1857-300x200.jpg 300w\" sizes=\"auto, (max-width: 630px) 100vw, 630px\" \/><\/p>\n","protected":false},"excerpt":{"rendered":"<p>M\u00e1s seguridad y embellecimiento de la ciudad con el nuevo P\u00f3rtico de Acceso que se inaugur\u00f3 en Av.40 y Ruta &#8230; <a title=\"M\u00e1s seguridad y jerarquizaci\u00f3n del ingreso a Mercedes con el nuevo P\u00f3rtico de Acceso\" class=\"read-more\" href=\"https:\/\/www.hoymercedes.com.ar\/principal\/2017\/10\/08\/mas-seguridad-y-jerarquizacion-del-ingreso-a-mercedes-con-el-nuevo-portico-de-acceso\/\" aria-label=\"Leer m\u00e1s sobre M\u00e1s seguridad y jerarquizaci\u00f3n del ingreso a Mercedes con el nuevo P\u00f3rtico de Acceso\">Leer m\u00e1s<\/a><\/p>\n","protected":false},"author":1,"featured_media":68042,"comment_status":"closed","ping_status":"open","sticky":false,"template":"","format":"standard","meta":{"_monsterinsights_skip_tracking":false,"_monsterinsights_sitenote_active":false,"_monsterinsights_sitenote_note":"","_monsterinsights_sitenote_category":0,"jetpack_post_was_ever_published":false,"_jetpack_newsletter_access":"","_jetpack_dont_email_post_to_subs":false,"_jetpack_newsletter_tier_id":0,"_jetpack_memberships_contains_paywalled_content":false,"_jetpack_memberships_contains_paid_content":false,"footnotes":"","jetpack_publicize_message":"","jetpack_publicize_feature_enabled":true,"jetpack_social_post_already_shared":true,"jetpack_social_options":{"image_generator_settings":{"template":"highway","default_image_id":0,"font":"","enabled":false},"version":2},"_wpas_customize_per_network":false},"categories":[30],"tags":[585,12021,2428],"class_list":["post-68040","post","type-post","status-publish","format-standard","has-post-thumbnail","hentry","category-municipio","tag-juan-ustarroz","tag-porticos-de-acceso","tag-seguridad-en-mercedes","generate-columns","tablet-grid-50","mobile-grid-100","grid-parent","grid-50"],"jetpack_publicize_connections":[],"jetpack_featured_media_url":"https:\/\/www.hoymercedes.com.ar\/principal\/wp-content\/uploads\/2017\/10\/SJA_1815.jpg","wps_subtitle":"M\u00e1s seguridad","jetpack_sharing_enabled":true,"_links":{"self":[{"href":"https:\/\/www.hoymercedes.com.ar\/principal\/wp-json\/wp\/v2\/posts\/68040","targetHints":{"allow":["GET"]}}],"collection":[{"href":"https:\/\/www.hoymercedes.com.ar\/principal\/wp-json\/wp\/v2\/posts"}],"about":[{"href":"https:\/\/www.hoymercedes.com.ar\/principal\/wp-json\/wp\/v2\/types\/post"}],"author":[{"embeddable":true,"href":"https:\/\/www.hoymercedes.com.ar\/principal\/wp-json\/wp\/v2\/users\/1"}],"replies":[{"embeddable":true,"href":"https:\/\/www.hoymercedes.com.ar\/principal\/wp-json\/wp\/v2\/comments?post=68040"}],"version-history":[{"count":0,"href":"https:\/\/www.hoymercedes.com.ar\/principal\/wp-json\/wp\/v2\/posts\/68040\/revisions"}],"wp:featuredmedia":[{"embeddable":true,"href":"https:\/\/www.hoymercedes.com.ar\/principal\/wp-json\/wp\/v2\/media\/68042"}],"wp:attachment":[{"href":"https:\/\/www.hoymercedes.com.ar\/principal\/wp-json\/wp\/v2\/media?parent=68040"}],"wp:term":[{"taxonomy":"category","embeddable":true,"href":"https:\/\/www.hoymercedes.com.ar\/principal\/wp-json\/wp\/v2\/categories?post=68040"},{"taxonomy":"post_tag","embeddable":true,"href":"https:\/\/www.hoymercedes.com.ar\/principal\/wp-json\/wp\/v2\/tags?post=68040"}],"curies":[{"name":"wp","href":"https:\/\/api.w.org\/{rel}","templated":true}]}}