{"id":68065,"date":"2017-10-07T14:26:44","date_gmt":"2017-10-07T17:26:44","guid":{"rendered":"http:\/\/www.hoymercedes.com.ar\/principal\/?p=68065"},"modified":"2017-10-07T01:36:50","modified_gmt":"2017-10-07T04:36:50","slug":"colegio-de-abogados-tuvo-su-jornada-de-periodismo-judicial","status":"publish","type":"post","link":"https:\/\/www.hoymercedes.com.ar\/principal\/2017\/10\/07\/colegio-de-abogados-tuvo-su-jornada-de-periodismo-judicial\/","title":{"rendered":"Colegio de Abogados tuvo su jornada de periodismo judicial"},"content":{"rendered":"<p>En la tarde de este viernes, el Colegio de Abogados del Departamento judicial Mercedes llev\u00f3 adelante una capacitaci\u00f3n para periodistas y abogados en lo que hace al periodismo judicial. una jornada que tuvo entre sus participantes a periodistas de Luj\u00e1n, Navarro, San Antonio de Areco y Mercedes, adem\u00e1s de varios integrantes de la instituci\u00f3n organizadora.<\/p>\n<p><img loading=\"lazy\" decoding=\"async\" data-attachment-id=\"68066\" data-permalink=\"https:\/\/www.hoymercedes.com.ar\/principal\/2017\/10\/07\/colegio-de-abogados-tuvo-su-jornada-de-periodismo-judicial\/07-abogados1\/#main\" data-orig-file=\"https:\/\/www.hoymercedes.com.ar\/principal\/wp-content\/uploads\/2017\/10\/07-abogados1.jpg\" data-orig-size=\"630,355\" data-comments-opened=\"0\" data-image-meta=\"{&quot;aperture&quot;:&quot;0&quot;,&quot;credit&quot;:&quot;&quot;,&quot;camera&quot;:&quot;&quot;,&quot;caption&quot;:&quot;&quot;,&quot;created_timestamp&quot;:&quot;0&quot;,&quot;copyright&quot;:&quot;&quot;,&quot;focal_length&quot;:&quot;0&quot;,&quot;iso&quot;:&quot;0&quot;,&quot;shutter_speed&quot;:&quot;0&quot;,&quot;title&quot;:&quot;&quot;,&quot;orientation&quot;:&quot;0&quot;}\" data-image-title=\"07 abogados1\" data-image-description=\"\" data-image-caption=\"\" data-large-file=\"https:\/\/www.hoymercedes.com.ar\/principal\/wp-content\/uploads\/2017\/10\/07-abogados1.jpg\" class=\"aligncenter size-medium wp-image-68066\" src=\"https:\/\/www.hoymercedes.com.ar\/principal\/wp-content\/uploads\/2017\/10\/07-abogados1-630x355.jpg\" alt=\"\" width=\"630\" height=\"355\" srcset=\"https:\/\/www.hoymercedes.com.ar\/principal\/wp-content\/uploads\/2017\/10\/07-abogados1.jpg 630w, https:\/\/www.hoymercedes.com.ar\/principal\/wp-content\/uploads\/2017\/10\/07-abogados1-150x85.jpg 150w\" sizes=\"auto, (max-width: 630px) 100vw, 630px\" \/><\/p>\n<p>Hern\u00e1n Cappiello y Juan Carlos Tarulla, periodista y abogados respectivamente, estuvieron a cargo de la capacitaci\u00f3n en donde hizo hincapi\u00e9 a las normativas constitucionales en materia de libertad de expresi\u00f3n y derecho a la informaci\u00f3n, y a la relaci\u00f3n entre el periodismo y el poder judicial, pasando por casos que marcan doctrinas y jurisprudencia en nuestro pa\u00eds, as\u00ed como el manejo de fuente de informaci\u00f3n y la relaci\u00f3n entre el periodista y quienes le provee la informaci\u00f3n.<\/p>\n<p><img loading=\"lazy\" decoding=\"async\" data-attachment-id=\"68063\" data-permalink=\"https:\/\/www.hoymercedes.com.ar\/principal\/2017\/10\/07\/escuela-de-arte-lanzan-campana-para-mejorar-equipamiento\/07-abogados\/#main\" data-orig-file=\"https:\/\/www.hoymercedes.com.ar\/principal\/wp-content\/uploads\/2017\/10\/07-abogados.jpg\" data-orig-size=\"630,355\" data-comments-opened=\"0\" data-image-meta=\"{&quot;aperture&quot;:&quot;0&quot;,&quot;credit&quot;:&quot;&quot;,&quot;camera&quot;:&quot;&quot;,&quot;caption&quot;:&quot;&quot;,&quot;created_timestamp&quot;:&quot;0&quot;,&quot;copyright&quot;:&quot;&quot;,&quot;focal_length&quot;:&quot;0&quot;,&quot;iso&quot;:&quot;0&quot;,&quot;shutter_speed&quot;:&quot;0&quot;,&quot;title&quot;:&quot;&quot;,&quot;orientation&quot;:&quot;0&quot;}\" data-image-title=\"07 abogados\" data-image-description=\"\" data-image-caption=\"\" data-large-file=\"https:\/\/www.hoymercedes.com.ar\/principal\/wp-content\/uploads\/2017\/10\/07-abogados.jpg\" class=\"aligncenter size-medium wp-image-68063\" src=\"https:\/\/www.hoymercedes.com.ar\/principal\/wp-content\/uploads\/2017\/10\/07-abogados-630x355.jpg\" alt=\"\" width=\"630\" height=\"355\" srcset=\"https:\/\/www.hoymercedes.com.ar\/principal\/wp-content\/uploads\/2017\/10\/07-abogados.jpg 630w, https:\/\/www.hoymercedes.com.ar\/principal\/wp-content\/uploads\/2017\/10\/07-abogados-150x85.jpg 150w\" sizes=\"auto, (max-width: 630px) 100vw, 630px\" \/><\/p>\n<p>&nbsp;<\/p>\n<p>&nbsp;<\/p>\n","protected":false},"excerpt":{"rendered":"<p>En la tarde de este viernes, el Colegio de Abogados del Departamento judicial Mercedes llev\u00f3 adelante una capacitaci\u00f3n para periodistas &#8230; <a title=\"Colegio de Abogados tuvo su jornada de periodismo judicial\" class=\"read-more\" href=\"https:\/\/www.hoymercedes.com.ar\/principal\/2017\/10\/07\/colegio-de-abogados-tuvo-su-jornada-de-periodismo-judicial\/\" aria-label=\"Leer m\u00e1s sobre Colegio de Abogados tuvo su jornada de periodismo judicial\">Leer m\u00e1s<\/a><\/p>\n","protected":false},"author":1,"featured_media":68063,"comment_status":"closed","ping_status":"open","sticky":false,"template":"","format":"standard","meta":{"_monsterinsights_skip_tracking":false,"_monsterinsights_sitenote_active":false,"_monsterinsights_sitenote_note":"","_monsterinsights_sitenote_category":0,"jetpack_post_was_ever_published":false,"_jetpack_newsletter_access":"","_jetpack_dont_email_post_to_subs":false,"_jetpack_newsletter_tier_id":0,"_jetpack_memberships_contains_paywalled_content":false,"_jetpack_memberships_contains_paid_content":false,"footnotes":"","jetpack_publicize_message":"","jetpack_publicize_feature_enabled":true,"jetpack_social_post_already_shared":true,"jetpack_social_options":{"image_generator_settings":{"template":"highway","default_image_id":0,"font":"","enabled":false},"version":2},"_wpas_customize_per_network":false},"categories":[5485],"tags":[8656,928,10,12026],"class_list":["post-68065","post","type-post","status-publish","format-standard","has-post-thumbnail","hentry","category-comunidad","tag-capacitacion","tag-colegio-de-abogados","tag-mercedes","tag-periodismo","generate-columns","tablet-grid-50","mobile-grid-100","grid-parent","grid-50"],"jetpack_publicize_connections":[],"jetpack_featured_media_url":"https:\/\/www.hoymercedes.com.ar\/principal\/wp-content\/uploads\/2017\/10\/07-abogados.jpg","wps_subtitle":"Capacitaci\u00f3n profesional","jetpack_sharing_enabled":true,"_links":{"self":[{"href":"https:\/\/www.hoymercedes.com.ar\/principal\/wp-json\/wp\/v2\/posts\/68065","targetHints":{"allow":["GET"]}}],"collection":[{"href":"https:\/\/www.hoymercedes.com.ar\/principal\/wp-json\/wp\/v2\/posts"}],"about":[{"href":"https:\/\/www.hoymercedes.com.ar\/principal\/wp-json\/wp\/v2\/types\/post"}],"author":[{"embeddable":true,"href":"https:\/\/www.hoymercedes.com.ar\/principal\/wp-json\/wp\/v2\/users\/1"}],"replies":[{"embeddable":true,"href":"https:\/\/www.hoymercedes.com.ar\/principal\/wp-json\/wp\/v2\/comments?post=68065"}],"version-history":[{"count":0,"href":"https:\/\/www.hoymercedes.com.ar\/principal\/wp-json\/wp\/v2\/posts\/68065\/revisions"}],"wp:featuredmedia":[{"embeddable":true,"href":"https:\/\/www.hoymercedes.com.ar\/principal\/wp-json\/wp\/v2\/media\/68063"}],"wp:attachment":[{"href":"https:\/\/www.hoymercedes.com.ar\/principal\/wp-json\/wp\/v2\/media?parent=68065"}],"wp:term":[{"taxonomy":"category","embeddable":true,"href":"https:\/\/www.hoymercedes.com.ar\/principal\/wp-json\/wp\/v2\/categories?post=68065"},{"taxonomy":"post_tag","embeddable":true,"href":"https:\/\/www.hoymercedes.com.ar\/principal\/wp-json\/wp\/v2\/tags?post=68065"}],"curies":[{"name":"wp","href":"https:\/\/api.w.org\/{rel}","templated":true}]}}