{"id":68108,"date":"2017-10-08T21:41:41","date_gmt":"2017-10-09T00:41:41","guid":{"rendered":"http:\/\/www.hoymercedes.com.ar\/principal\/?p=68108"},"modified":"2017-10-09T16:39:38","modified_gmt":"2017-10-09T19:39:38","slug":"detienen-a-menor-que-efectuaba-amenazas-de-bombas-a-escuelas","status":"publish","type":"post","link":"https:\/\/www.hoymercedes.com.ar\/principal\/2017\/10\/08\/detienen-a-menor-que-efectuaba-amenazas-de-bombas-a-escuelas\/","title":{"rendered":"Detienen a menor que efectuaba amenazas de bombas a escuelas"},"content":{"rendered":"<p><img loading=\"lazy\" decoding=\"async\" data-attachment-id=\"68109\" data-permalink=\"https:\/\/www.hoymercedes.com.ar\/principal\/2017\/10\/08\/detienen-a-menor-que-efectuaba-amenazas-de-bombas-a-escuelas\/whatsapp-image-2017-10-06-at-21-15-06\/#main\" data-orig-file=\"https:\/\/www.hoymercedes.com.ar\/principal\/wp-content\/uploads\/2017\/10\/WhatsApp-Image-2017-10-06-at-21.15.06.jpeg\" data-orig-size=\"1032,581\" data-comments-opened=\"0\" data-image-meta=\"{&quot;aperture&quot;:&quot;0&quot;,&quot;credit&quot;:&quot;&quot;,&quot;camera&quot;:&quot;&quot;,&quot;caption&quot;:&quot;&quot;,&quot;created_timestamp&quot;:&quot;0&quot;,&quot;copyright&quot;:&quot;&quot;,&quot;focal_length&quot;:&quot;0&quot;,&quot;iso&quot;:&quot;0&quot;,&quot;shutter_speed&quot;:&quot;0&quot;,&quot;title&quot;:&quot;&quot;,&quot;orientation&quot;:&quot;0&quot;}\" data-image-title=\"Detenci\u00f3n.Menor.Bomba\" data-image-description=\"\" data-image-caption=\"\" data-large-file=\"https:\/\/www.hoymercedes.com.ar\/principal\/wp-content\/uploads\/2017\/10\/WhatsApp-Image-2017-10-06-at-21.15.06-1024x576.jpeg\" class=\"aligncenter size-medium wp-image-68109\" src=\"https:\/\/www.hoymercedes.com.ar\/principal\/wp-content\/uploads\/2017\/10\/WhatsApp-Image-2017-10-06-at-21.15.06-630x355.jpeg\" alt=\"\" width=\"630\" height=\"355\" srcset=\"https:\/\/www.hoymercedes.com.ar\/principal\/wp-content\/uploads\/2017\/10\/WhatsApp-Image-2017-10-06-at-21.15.06-630x355.jpeg 630w, https:\/\/www.hoymercedes.com.ar\/principal\/wp-content\/uploads\/2017\/10\/WhatsApp-Image-2017-10-06-at-21.15.06-150x84.jpeg 150w, https:\/\/www.hoymercedes.com.ar\/principal\/wp-content\/uploads\/2017\/10\/WhatsApp-Image-2017-10-06-at-21.15.06-1024x576.jpeg 1024w, https:\/\/www.hoymercedes.com.ar\/principal\/wp-content\/uploads\/2017\/10\/WhatsApp-Image-2017-10-06-at-21.15.06.jpeg 1032w\" sizes=\"auto, (max-width: 630px) 100vw, 630px\" \/><\/p>\n<p>Una vez m\u00e1s la Polic\u00eda Comunal logr\u00f3 esclarecer un hecho fuera de la legalidad. En est\u00e1 ocasi\u00f3n un acontecimiento de los que est\u00e1 vez se sabe el responsable, pero, la novedad mostr\u00f3 una vez m\u00e1s el alto nivel de eficiencia logrado por los dirigidos por el Comisario Sergio Macedo y la Justicia Local.<\/p>\n<p>El pasado 12 de septiembre en la Escuela N\u00b01 se vivi\u00f3 un momento de tensi\u00f3n tras la amenaza de bomba que oblig\u00f3 a toda su poblaci\u00f3n estudiantil ser evacuada y llamar a todos los padres a retirar a los peque\u00f1os educandos.<\/p>\n<p>Todo se inicia con un llamado al 911 donde un sujeto dice que hab\u00eda una bomba en el Colegio San Antonio, pero, refiere la direcci\u00f3n de la Escuela N\u00b01, creando as\u00ed una doble instancia de actuaci\u00f3n dado que si bien mezcla direcciones e instituciones la Polic\u00eda Comunal actu\u00f3 preventivamente en todos los sentidos.<\/p>\n<p>Hist\u00f3ricamente este asunto era tratado como \u00abbroma\u00bb, sin embargo esta vez los conducidos por Macedo y Delporto fueron hasta las \u00faltimas consecuencias y creando una investigaci\u00f3n a instancias del Gabinete de Prevenci\u00f3n Criminol\u00f3gica de esta, juntamente al Dr. Gast\u00f3n Arenas, ayudante fiscal de la UFI Nro. 7 dando lugar poco despu\u00e9s a un allanamiento en calle 107 donde un menor de edad es encontrado con el dispositivo telef\u00f3nico rastreado como generador de la llamada que anunci\u00f3 la existencia de explosivos en las esferas educativas.<\/p>\n<p>Este acontecimiento que provocha un grave movimiento de recursos: bomberos, polic\u00eda, familias, instituciones educativas, sol\u00eda hist\u00f3ricamente \u201cquedar en la nada\u201d, pero en esta ocasi\u00f3n se arrib\u00f3 a la detenci\u00f3n del autor, algo que llev\u00f3 satisfacci\u00f3n en la ciudadan\u00eda y por supuesto el espacio educativo que tan traum\u00e1ticamente vive estos hechos.<\/p>\n<p>Dado que se trata de un menor las actuaciones fueron remitidas a la Unidad Funcional de Instrucci\u00f3n Nro. 8 del Departamento Judicial Mercedes que evaluar\u00e1 el temperamento judicial a adoptar.<\/p>\n<p>&nbsp;<\/p>\n<p>&nbsp;<\/p>\n","protected":false},"excerpt":{"rendered":"<p>Una vez m\u00e1s la Polic\u00eda Comunal logr\u00f3 esclarecer un hecho fuera de la legalidad. En est\u00e1 ocasi\u00f3n un acontecimiento de &#8230; <a title=\"Detienen a menor que efectuaba amenazas de bombas a escuelas\" class=\"read-more\" href=\"https:\/\/www.hoymercedes.com.ar\/principal\/2017\/10\/08\/detienen-a-menor-que-efectuaba-amenazas-de-bombas-a-escuelas\/\" aria-label=\"Leer m\u00e1s sobre Detienen a menor que efectuaba amenazas de bombas a escuelas\">Leer m\u00e1s<\/a><\/p>\n","protected":false},"author":1,"featured_media":68109,"comment_status":"closed","ping_status":"open","sticky":false,"template":"","format":"standard","meta":{"_monsterinsights_skip_tracking":false,"_monsterinsights_sitenote_active":false,"_monsterinsights_sitenote_note":"","_monsterinsights_sitenote_category":0,"jetpack_post_was_ever_published":false,"_jetpack_newsletter_access":"","_jetpack_dont_email_post_to_subs":false,"_jetpack_newsletter_tier_id":0,"_jetpack_memberships_contains_paywalled_content":false,"_jetpack_memberships_contains_paid_content":false,"footnotes":"","jetpack_publicize_message":"","jetpack_publicize_feature_enabled":true,"jetpack_social_post_already_shared":true,"jetpack_social_options":{"image_generator_settings":{"template":"highway","default_image_id":0,"font":"","enabled":false},"version":2},"_wpas_customize_per_network":false},"categories":[85],"tags":[3892,6728,989,96],"class_list":["post-68108","post","type-post","status-publish","format-standard","has-post-thumbnail","hentry","category-policial","tag-amenaza-de-bomba","tag-detenido","tag-escuelas","tag-policial-2","generate-columns","tablet-grid-50","mobile-grid-100","grid-parent","grid-50"],"jetpack_publicize_connections":[],"jetpack_featured_media_url":"https:\/\/www.hoymercedes.com.ar\/principal\/wp-content\/uploads\/2017\/10\/WhatsApp-Image-2017-10-06-at-21.15.06.jpeg","wps_subtitle":"Actuaci\u00f3n policial","jetpack_sharing_enabled":true,"_links":{"self":[{"href":"https:\/\/www.hoymercedes.com.ar\/principal\/wp-json\/wp\/v2\/posts\/68108","targetHints":{"allow":["GET"]}}],"collection":[{"href":"https:\/\/www.hoymercedes.com.ar\/principal\/wp-json\/wp\/v2\/posts"}],"about":[{"href":"https:\/\/www.hoymercedes.com.ar\/principal\/wp-json\/wp\/v2\/types\/post"}],"author":[{"embeddable":true,"href":"https:\/\/www.hoymercedes.com.ar\/principal\/wp-json\/wp\/v2\/users\/1"}],"replies":[{"embeddable":true,"href":"https:\/\/www.hoymercedes.com.ar\/principal\/wp-json\/wp\/v2\/comments?post=68108"}],"version-history":[{"count":0,"href":"https:\/\/www.hoymercedes.com.ar\/principal\/wp-json\/wp\/v2\/posts\/68108\/revisions"}],"wp:featuredmedia":[{"embeddable":true,"href":"https:\/\/www.hoymercedes.com.ar\/principal\/wp-json\/wp\/v2\/media\/68109"}],"wp:attachment":[{"href":"https:\/\/www.hoymercedes.com.ar\/principal\/wp-json\/wp\/v2\/media?parent=68108"}],"wp:term":[{"taxonomy":"category","embeddable":true,"href":"https:\/\/www.hoymercedes.com.ar\/principal\/wp-json\/wp\/v2\/categories?post=68108"},{"taxonomy":"post_tag","embeddable":true,"href":"https:\/\/www.hoymercedes.com.ar\/principal\/wp-json\/wp\/v2\/tags?post=68108"}],"curies":[{"name":"wp","href":"https:\/\/api.w.org\/{rel}","templated":true}]}}