{"id":68129,"date":"2017-10-09T07:00:06","date_gmt":"2017-10-09T10:00:06","guid":{"rendered":"http:\/\/www.hoymercedes.com.ar\/principal\/?p=68129"},"modified":"2017-10-09T16:21:34","modified_gmt":"2017-10-09T19:21:34","slug":"si-el-municipio-no-intervenia-teniamos-que-cerrar-destacaron-desde-el-honguito","status":"publish","type":"post","link":"https:\/\/www.hoymercedes.com.ar\/principal\/2017\/10\/09\/si-el-municipio-no-intervenia-teniamos-que-cerrar-destacaron-desde-el-honguito\/","title":{"rendered":"\u201cSi el municipio no interven\u00eda ten\u00edamos que cerrar\u201d destacaron desde El Honguito"},"content":{"rendered":"<p><img loading=\"lazy\" decoding=\"async\" data-attachment-id=\"68130\" data-permalink=\"https:\/\/www.hoymercedes.com.ar\/principal\/2017\/10\/09\/si-el-municipio-no-intervenia-teniamos-que-cerrar-destacaron-desde-el-honguito\/honguito-2\/#main\" data-orig-file=\"https:\/\/www.hoymercedes.com.ar\/principal\/wp-content\/uploads\/2017\/10\/Honguito-2.jpg\" data-orig-size=\"630,421\" data-comments-opened=\"0\" data-image-meta=\"{&quot;aperture&quot;:&quot;0&quot;,&quot;credit&quot;:&quot;&quot;,&quot;camera&quot;:&quot;&quot;,&quot;caption&quot;:&quot;&quot;,&quot;created_timestamp&quot;:&quot;0&quot;,&quot;copyright&quot;:&quot;&quot;,&quot;focal_length&quot;:&quot;0&quot;,&quot;iso&quot;:&quot;0&quot;,&quot;shutter_speed&quot;:&quot;0&quot;,&quot;title&quot;:&quot;&quot;,&quot;orientation&quot;:&quot;0&quot;}\" data-image-title=\"Honguito-2\" data-image-description=\"\" data-image-caption=\"\" data-large-file=\"https:\/\/www.hoymercedes.com.ar\/principal\/wp-content\/uploads\/2017\/10\/Honguito-2.jpg\" class=\"aligncenter size-medium wp-image-68130\" src=\"https:\/\/www.hoymercedes.com.ar\/principal\/wp-content\/uploads\/2017\/10\/Honguito-2-630x421.jpg\" alt=\"\" width=\"630\" height=\"421\" srcset=\"https:\/\/www.hoymercedes.com.ar\/principal\/wp-content\/uploads\/2017\/10\/Honguito-2.jpg 630w, https:\/\/www.hoymercedes.com.ar\/principal\/wp-content\/uploads\/2017\/10\/Honguito-2-150x100.jpg 150w, https:\/\/www.hoymercedes.com.ar\/principal\/wp-content\/uploads\/2017\/10\/Honguito-2-300x200.jpg 300w\" sizes=\"auto, (max-width: 630px) 100vw, 630px\" \/><\/p>\n<p>La Municipalidad de Mercedes dio inicio, junto a la Comisi\u00f3n que lleva adelante \u201cEl Honguito\u201d, lo que ser\u00e1 la importante obra de ampliaci\u00f3n, especialmente porque dar\u00e1 mayor confort a los ni\u00f1os. \u201cLa novedad es linda, es esperada desde hace 28 a\u00f1os\u201d cont\u00f3 Norma \u201cPocha\u201d Rudoni quien tambi\u00e9n revalid\u00f3 la importancia del municipio en su d\u00eda a d\u00eda dado que si no podr\u00eda haber cerrado. Para Ustarroz los a\u00f1os de esfuerzo realizados son un \u201cgran ejemplo para todos en el cuidado de la ni\u00f1ez de nuestra ciudad\u201d.<\/p>\n<p>Con la participaci\u00f3n de la Secretaria de Desarrollo Social, Jorgelina Silva, el Presidente del Concejo Deliberante, Mat\u00edas Dematei, el edil Mariana San Mart\u00edn y la Comisi\u00f3n Directiva de \u201cEl Honguito\u201d se llev\u00f3 a cabo el encuentro que permiti\u00f3 dar inicio a una nueva e importante obra para la comunidad que all\u00ed asiste. Se trata de la construcci\u00f3n de una nueva ala para el cuidado de nuestros ni\u00f1os. Recordemos que en diciembre del a\u00f1o pasado la Municipalidad empez\u00f3 a ser parte de su mesa administrativa, en momentos en que no pod\u00edan pagar los servicios con los aumentos en luz, gas y los salarios de los trabajadores.<\/p>\n<p><img loading=\"lazy\" decoding=\"async\" data-attachment-id=\"68131\" data-permalink=\"https:\/\/www.hoymercedes.com.ar\/principal\/2017\/10\/09\/si-el-municipio-no-intervenia-teniamos-que-cerrar-destacaron-desde-el-honguito\/honguito-4\/#main\" data-orig-file=\"https:\/\/www.hoymercedes.com.ar\/principal\/wp-content\/uploads\/2017\/10\/Honguito-4.jpg\" data-orig-size=\"880,588\" data-comments-opened=\"0\" data-image-meta=\"{&quot;aperture&quot;:&quot;0&quot;,&quot;credit&quot;:&quot;&quot;,&quot;camera&quot;:&quot;&quot;,&quot;caption&quot;:&quot;&quot;,&quot;created_timestamp&quot;:&quot;0&quot;,&quot;copyright&quot;:&quot;&quot;,&quot;focal_length&quot;:&quot;0&quot;,&quot;iso&quot;:&quot;0&quot;,&quot;shutter_speed&quot;:&quot;0&quot;,&quot;title&quot;:&quot;&quot;,&quot;orientation&quot;:&quot;0&quot;}\" data-image-title=\"Honguito-4\" data-image-description=\"\" data-image-caption=\"\" data-large-file=\"https:\/\/www.hoymercedes.com.ar\/principal\/wp-content\/uploads\/2017\/10\/Honguito-4.jpg\" class=\"aligncenter size-medium wp-image-68131\" src=\"https:\/\/www.hoymercedes.com.ar\/principal\/wp-content\/uploads\/2017\/10\/Honguito-4-630x421.jpg\" alt=\"\" width=\"630\" height=\"421\" srcset=\"https:\/\/www.hoymercedes.com.ar\/principal\/wp-content\/uploads\/2017\/10\/Honguito-4-630x421.jpg 630w, https:\/\/www.hoymercedes.com.ar\/principal\/wp-content\/uploads\/2017\/10\/Honguito-4-150x100.jpg 150w, https:\/\/www.hoymercedes.com.ar\/principal\/wp-content\/uploads\/2017\/10\/Honguito-4-300x200.jpg 300w, https:\/\/www.hoymercedes.com.ar\/principal\/wp-content\/uploads\/2017\/10\/Honguito-4.jpg 880w\" sizes=\"auto, (max-width: 630px) 100vw, 630px\" \/><\/p>\n<p>\u201cPara nosotros es una alegr\u00eda enorme estar nuevamente en \u2018El Honguito\u2019. Las quiero felicitar por tantos a\u00f1os de esfuerzos por la ni\u00f1ez de nuestra ciudad\u201d dijo Juan Ignacio Ustarroz en la jornada que adem\u00e1s se conmemoraba \u2018el d\u00eda del estudiante solidaria\u2019 y estaba presente el Colegio San Patricio.<\/p>\n<p>\u201cQu\u00e9 lindo ver a una de las Escuelas de la ciudad como en este caso el Colegio San patricio, en el d\u00eda del estudiante solidario, esto habla a las claras del cari\u00f1o que nuestro pueblo tiene sobre esta instituci\u00f3n\u201d sostuvo,<\/p>\n<p><strong>Obras y m\u00e1s apoyo<\/strong><\/p>\n<p>M\u00e1s adelante el Jefe Comunal coment\u00f3 que \u201ccundo nos plante\u00f3 que El Honguito ten\u00eda que cerrar por una crisis econ\u00f3mica que no le permit\u00edan seguir operando como hasta ahora la Municipalidad firm\u00f3 un convenio de colaboraci\u00f3n para que sigan teniendo una continuidad y que el trabajo del a Municipalidad sea la de apuntalar y la de apoyar el trabajo de tantos a\u00f1os y de tanta historia, porque los ni\u00f1os son una prioridad y as\u00ed como pusimos en funcionamiento 4 jardines espacios de primera infancia y llegaremos a 11 es fundamental cuidar al querido Honguito, un s\u00edmbolo y ejemplo que todos deseamos seguir\u201d, afirm\u00f3 Ustarroz para detallar que \u201choy vamos a empezar con la ampliaci\u00f3n, con un inversi\u00f3n de $180.000 que har\u00e1 la Municipalidad y una inversi\u00f3n para aumentarle el sueldo a las trabajadoras. Para nosotros es un orgullo apoyar todo aquello que tiene que ver con la ni\u00f1ez, es una prioridad para nosotros.\u00a0 Para nosotros no es un slogan \u00abMercedes Ciudad de Todos\u00bb, es una realidad que hoy la vivimos en El Honguito, ayer la vivimos en el Defensores y hoy (por el viernes) en ll EPI del B\u00b0 Blandengues\u201d<\/p>\n<p>Por su parte, la voz que llev\u00f3 adelante la expresi\u00f3n de la instituci\u00f3n, Norma Rudoni, coment\u00f3 que \u201cLos que estamos en El Honguito lo dese\u00e1bamos. Las promesas se cumplen. Ahora haremos el aula que nos permite dividirnos mejor por edades\u201d cont\u00f3 \u201cPocha\u201d destacando que \u201cesto es la gloria\u201d, dijo y sostuvo que \u201cJuani siempre cumpli\u00f3, estamos muy agradecidas\u201d afirm\u00f3 sin olvidar que \u201cel Municipio est\u00e1 siempre cumpliendo, desde que se firm\u00f3 el convenio a esta parte\u201d y \u201chay mucha solidaridad en todos los mercedinos, que constantemente no est\u00e1n apoyando\u201d. Hace ya varios meses la realidad del jard\u00edn maternal cambi\u00f3, mejor\u00f3 para bien y por eso destac\u00f3 que \u201cSi el municipio no interven\u00eda ten\u00edamos que cerrar\u201d<\/p>\n<p>&nbsp;<\/p>\n<p>Fuente: Prensa Municipal<\/p>\n","protected":false},"excerpt":{"rendered":"<p>La Municipalidad de Mercedes dio inicio, junto a la Comisi\u00f3n que lleva adelante \u201cEl Honguito\u201d, lo que ser\u00e1 la importante &#8230; <a title=\"\u201cSi el municipio no interven\u00eda ten\u00edamos que cerrar\u201d destacaron desde El Honguito\" class=\"read-more\" href=\"https:\/\/www.hoymercedes.com.ar\/principal\/2017\/10\/09\/si-el-municipio-no-intervenia-teniamos-que-cerrar-destacaron-desde-el-honguito\/\" aria-label=\"Leer m\u00e1s sobre \u201cSi el municipio no interven\u00eda ten\u00edamos que cerrar\u201d destacaron desde El Honguito\">Leer m\u00e1s<\/a><\/p>\n","protected":false},"author":1,"featured_media":68131,"comment_status":"closed","ping_status":"open","sticky":false,"template":"","format":"standard","meta":{"_monsterinsights_skip_tracking":false,"_monsterinsights_sitenote_active":false,"_monsterinsights_sitenote_note":"","_monsterinsights_sitenote_category":0,"jetpack_post_was_ever_published":false,"_jetpack_newsletter_access":"","_jetpack_dont_email_post_to_subs":false,"_jetpack_newsletter_tier_id":0,"_jetpack_memberships_contains_paywalled_content":false,"_jetpack_memberships_contains_paid_content":false,"footnotes":"","jetpack_publicize_message":"","jetpack_publicize_feature_enabled":true,"jetpack_social_post_already_shared":true,"jetpack_social_options":{"image_generator_settings":{"template":"highway","default_image_id":0,"font":"","enabled":false},"version":2},"_wpas_customize_per_network":false},"categories":[30],"tags":[2404,10589,2189,10,244],"class_list":["post-68129","post","type-post","status-publish","format-standard","has-post-thumbnail","hentry","category-municipio","tag-edificio","tag-el-honguito","tag-jardin-maternal","tag-mercedes","tag-municipio-2","generate-columns","tablet-grid-50","mobile-grid-100","grid-parent","grid-50"],"jetpack_publicize_connections":[],"jetpack_featured_media_url":"https:\/\/www.hoymercedes.com.ar\/principal\/wp-content\/uploads\/2017\/10\/Honguito-4.jpg","wps_subtitle":"Ampliar\u00e1n el edificio","jetpack_sharing_enabled":true,"_links":{"self":[{"href":"https:\/\/www.hoymercedes.com.ar\/principal\/wp-json\/wp\/v2\/posts\/68129","targetHints":{"allow":["GET"]}}],"collection":[{"href":"https:\/\/www.hoymercedes.com.ar\/principal\/wp-json\/wp\/v2\/posts"}],"about":[{"href":"https:\/\/www.hoymercedes.com.ar\/principal\/wp-json\/wp\/v2\/types\/post"}],"author":[{"embeddable":true,"href":"https:\/\/www.hoymercedes.com.ar\/principal\/wp-json\/wp\/v2\/users\/1"}],"replies":[{"embeddable":true,"href":"https:\/\/www.hoymercedes.com.ar\/principal\/wp-json\/wp\/v2\/comments?post=68129"}],"version-history":[{"count":0,"href":"https:\/\/www.hoymercedes.com.ar\/principal\/wp-json\/wp\/v2\/posts\/68129\/revisions"}],"wp:featuredmedia":[{"embeddable":true,"href":"https:\/\/www.hoymercedes.com.ar\/principal\/wp-json\/wp\/v2\/media\/68131"}],"wp:attachment":[{"href":"https:\/\/www.hoymercedes.com.ar\/principal\/wp-json\/wp\/v2\/media?parent=68129"}],"wp:term":[{"taxonomy":"category","embeddable":true,"href":"https:\/\/www.hoymercedes.com.ar\/principal\/wp-json\/wp\/v2\/categories?post=68129"},{"taxonomy":"post_tag","embeddable":true,"href":"https:\/\/www.hoymercedes.com.ar\/principal\/wp-json\/wp\/v2\/tags?post=68129"}],"curies":[{"name":"wp","href":"https:\/\/api.w.org\/{rel}","templated":true}]}}