{"id":68202,"date":"2017-10-11T19:28:39","date_gmt":"2017-10-11T22:28:39","guid":{"rendered":"http:\/\/www.hoymercedes.com.ar\/principal\/?p=68202"},"modified":"2017-10-12T09:34:50","modified_gmt":"2017-10-12T12:34:50","slug":"muestra-y-capacitacion-en-grabados-en-el-museo-de-arte","status":"publish","type":"post","link":"https:\/\/www.hoymercedes.com.ar\/principal\/2017\/10\/11\/muestra-y-capacitacion-en-grabados-en-el-museo-de-arte\/","title":{"rendered":"Muestra y capacitaci\u00f3n en grabados en el Museo de Arte"},"content":{"rendered":"<p>En octubre, el Museo De Arte (MAMM) celebrar\u00e1 el Mes del Grabado. A partir del s\u00e1bado 14, desde las 20:30 horas, el p\u00fablico podr\u00e1 ver, por primera vez, de la colecci\u00f3n entera de grabados que forman parte del patrimonio art\u00edstico del MAMM.<\/p>\n<p>Grabados que fueron entregados y donados por grandes maestros como N\u00e9stor Goyanes, Rafael Gil y Carlos Scannapieco, que tras su gran impulso y gesti\u00f3n han logrado motivar una serie de donaciones de obras que se constituyen como el patrimonio de grabados incorporado al Museo.<\/p>\n<p>Diferentes t\u00e9cnicas de impresi\u00f3n como xilograf\u00eda, agua fuerte, agua tinta, litograf\u00eda, linograbado y m\u00e1s\u00a0 podr\u00e1n observarse \u00a0en esta exposici\u00f3n en Sala B que presenta obras de los autores Juan Carlos Stekelman, Silvia Rocca, Marisa Gill, Lidia Paladino, N\u00e9stor Goyanes, Adrian Pandolfo, Carlos Scannapieco, Luc\u00eda Torres, Pablo Delfini, Mirta Ripoll, Laura Torres, Fernando Polito y \u00c1ngela Herrero.<\/p>\n<p>Adem\u00e1s, \u00a0se inaugurar\u00e1 en el mismo d\u00eda s\u00e1bado la muestra \u201cTransformar\u201d, de la artista\u00a0 grabadora y docente Laura Parras, en las Salas C y D. \u201cLa monocopia es una t\u00e9cnica de grabado, que consiste en que el propio pigmento empleado por el artista es el que crea la imagen transferida, resulta imposible obtener m\u00e1s de una estampa por este m\u00e9todo.<\/p>\n<p>Aqu\u00ed, la artista nos muestra su juego con el tiempo, descarga tras descarga va grabando su transcurrir haciendo\u201d, cuenta el texto curatorial de la muestra escrito por Luc\u00eda E. Bianchi, \u00a0quien en otro pasaje escribe \u00a0\u201cEl caos y el equilibrio, mediante el color, que se yuxtapone, conversan y trasmutan, promoviendo los cambios para disponerse a la perdida de anteriores estados, formas transitorias, nuevos horizontes para renovar las utop\u00edas\u201d.<\/p>\n<p>Hacia fin de mes, est\u00e1 prevista una visita de los autores el d\u00eda s\u00e1bado 28, a las 19 horas, con N\u00e9stor Goyanes, Rafael Gil, Carlos Scannapieco, Fernando Polito, entre otros, que brindar\u00e1n un cierre con recorridos, charlas y debate acerca del grabado y la colecci\u00f3n.<\/p>\n<p>&nbsp;<\/p>\n<p>Fuente: MAMM<\/p>\n","protected":false},"excerpt":{"rendered":"<p>En octubre, el Museo De Arte (MAMM) celebrar\u00e1 el Mes del Grabado. A partir del s\u00e1bado 14, desde las 20:30 &#8230; <a title=\"Muestra y capacitaci\u00f3n en grabados en el Museo de Arte\" class=\"read-more\" href=\"https:\/\/www.hoymercedes.com.ar\/principal\/2017\/10\/11\/muestra-y-capacitacion-en-grabados-en-el-museo-de-arte\/\" aria-label=\"Leer m\u00e1s sobre Muestra y capacitaci\u00f3n en grabados en el Museo de Arte\">Leer m\u00e1s<\/a><\/p>\n","protected":false},"author":1,"featured_media":68248,"comment_status":"closed","ping_status":"open","sticky":false,"template":"","format":"standard","meta":{"_monsterinsights_skip_tracking":false,"_monsterinsights_sitenote_active":false,"_monsterinsights_sitenote_note":"","_monsterinsights_sitenote_category":0,"jetpack_post_was_ever_published":false,"_jetpack_newsletter_access":"","_jetpack_dont_email_post_to_subs":false,"_jetpack_newsletter_tier_id":0,"_jetpack_memberships_contains_paywalled_content":false,"_jetpack_memberships_contains_paid_content":false,"footnotes":"","jetpack_publicize_message":"","jetpack_publicize_feature_enabled":true,"jetpack_social_post_already_shared":true,"jetpack_social_options":{"image_generator_settings":{"template":"highway","default_image_id":0,"font":"","enabled":false},"version":2},"_wpas_customize_per_network":false},"categories":[104],"tags":[7805,8674,12043,8715],"class_list":["post-68202","post","type-post","status-publish","format-standard","has-post-thumbnail","hentry","category-cultura","tag-cultura","tag-mamm","tag-mes-del-grabado","tag-muestra","generate-columns","tablet-grid-50","mobile-grid-100","grid-parent","grid-50"],"jetpack_publicize_connections":[],"jetpack_featured_media_url":"https:\/\/www.hoymercedes.com.ar\/principal\/wp-content\/uploads\/2017\/10\/11-Parras-2.jpg","wps_subtitle":"A lo largo de octubre","jetpack_sharing_enabled":true,"_links":{"self":[{"href":"https:\/\/www.hoymercedes.com.ar\/principal\/wp-json\/wp\/v2\/posts\/68202","targetHints":{"allow":["GET"]}}],"collection":[{"href":"https:\/\/www.hoymercedes.com.ar\/principal\/wp-json\/wp\/v2\/posts"}],"about":[{"href":"https:\/\/www.hoymercedes.com.ar\/principal\/wp-json\/wp\/v2\/types\/post"}],"author":[{"embeddable":true,"href":"https:\/\/www.hoymercedes.com.ar\/principal\/wp-json\/wp\/v2\/users\/1"}],"replies":[{"embeddable":true,"href":"https:\/\/www.hoymercedes.com.ar\/principal\/wp-json\/wp\/v2\/comments?post=68202"}],"version-history":[{"count":0,"href":"https:\/\/www.hoymercedes.com.ar\/principal\/wp-json\/wp\/v2\/posts\/68202\/revisions"}],"wp:featuredmedia":[{"embeddable":true,"href":"https:\/\/www.hoymercedes.com.ar\/principal\/wp-json\/wp\/v2\/media\/68248"}],"wp:attachment":[{"href":"https:\/\/www.hoymercedes.com.ar\/principal\/wp-json\/wp\/v2\/media?parent=68202"}],"wp:term":[{"taxonomy":"category","embeddable":true,"href":"https:\/\/www.hoymercedes.com.ar\/principal\/wp-json\/wp\/v2\/categories?post=68202"},{"taxonomy":"post_tag","embeddable":true,"href":"https:\/\/www.hoymercedes.com.ar\/principal\/wp-json\/wp\/v2\/tags?post=68202"}],"curies":[{"name":"wp","href":"https:\/\/api.w.org\/{rel}","templated":true}]}}