{"id":68240,"date":"2017-10-11T11:45:49","date_gmt":"2017-10-11T14:45:49","guid":{"rendered":"http:\/\/www.hoymercedes.com.ar\/principal\/?p=68240"},"modified":"2017-10-11T11:45:49","modified_gmt":"2017-10-11T14:45:49","slug":"nueva-fecha-para-el-cultura-cumbia-en-la-trocha","status":"publish","type":"post","link":"https:\/\/www.hoymercedes.com.ar\/principal\/2017\/10\/11\/nueva-fecha-para-el-cultura-cumbia-en-la-trocha\/","title":{"rendered":"Nueva fecha para el Cultura Cumbia en La Trocha"},"content":{"rendered":"<p><em><strong>El ciclo musical que ide\u00f3 la Direcci\u00f3n de Cultura de la Municipalidad ser\u00e1 el pr\u00f3ximo 13 de octubre desde las 21 con entrada libre y gratuita en La Trocha<\/strong><\/em>.<\/p>\n<p><img loading=\"lazy\" decoding=\"async\" data-attachment-id=\"68241\" data-permalink=\"https:\/\/www.hoymercedes.com.ar\/principal\/2017\/10\/11\/nueva-fecha-para-el-cultura-cumbia-en-la-trocha\/11-camilo-rojas-en-cultura-cumbia-1\/#main\" data-orig-file=\"https:\/\/www.hoymercedes.com.ar\/principal\/wp-content\/uploads\/2017\/10\/11-Camilo-Rojas-en-Cultura-Cumbia-1.jpg\" data-orig-size=\"630,420\" data-comments-opened=\"0\" data-image-meta=\"{&quot;aperture&quot;:&quot;0&quot;,&quot;credit&quot;:&quot;&quot;,&quot;camera&quot;:&quot;&quot;,&quot;caption&quot;:&quot;&quot;,&quot;created_timestamp&quot;:&quot;0&quot;,&quot;copyright&quot;:&quot;&quot;,&quot;focal_length&quot;:&quot;0&quot;,&quot;iso&quot;:&quot;0&quot;,&quot;shutter_speed&quot;:&quot;0&quot;,&quot;title&quot;:&quot;&quot;,&quot;orientation&quot;:&quot;0&quot;}\" data-image-title=\"11 Camilo Rojas en Cultura Cumbia (1)\" data-image-description=\"\" data-image-caption=\"\" data-large-file=\"https:\/\/www.hoymercedes.com.ar\/principal\/wp-content\/uploads\/2017\/10\/11-Camilo-Rojas-en-Cultura-Cumbia-1.jpg\" class=\"aligncenter size-medium wp-image-68241\" src=\"https:\/\/www.hoymercedes.com.ar\/principal\/wp-content\/uploads\/2017\/10\/11-Camilo-Rojas-en-Cultura-Cumbia-1-630x420.jpg\" alt=\"\" width=\"630\" height=\"420\" srcset=\"https:\/\/www.hoymercedes.com.ar\/principal\/wp-content\/uploads\/2017\/10\/11-Camilo-Rojas-en-Cultura-Cumbia-1.jpg 630w, https:\/\/www.hoymercedes.com.ar\/principal\/wp-content\/uploads\/2017\/10\/11-Camilo-Rojas-en-Cultura-Cumbia-1-150x100.jpg 150w, https:\/\/www.hoymercedes.com.ar\/principal\/wp-content\/uploads\/2017\/10\/11-Camilo-Rojas-en-Cultura-Cumbia-1-300x200.jpg 300w\" sizes=\"auto, (max-width: 630px) 100vw, 630px\" \/><\/p>\n<p>La cumbia vuelve al Centro Cultural La Trocha para que los mercedinos puedan disfrutar de todo el ritmo de las bandas locales. En \u00e9sta oportunidad actuar\u00e1n \u201cCamilo Rojas y su banda\u201d y la \u201cOrquesta T\u00edpica\u201d, dos propuestas muy fieles en su estilo que se presentan con mucho \u00e9xito en cada escenario al que los convocan.<\/p>\n<p>El proyecto \u201cCultura Cumbia\u201d, que organiza la Direcci\u00f3n de Cultura de la Municipalidad de Mercedes y que se suma a los eventos de Rock, Folklore y Tango que tambi\u00e9n se desarrollan mensualmente en el mismo predio, prepara su sexto encuentro luego del \u00e9xito que generaron las distintas fechas del ciclo que comenz\u00f3 en el mes de junio.<\/p>\n<p>En este caso, el d\u00eda se\u00f1alado es el viernes 13 de julio desde las 21, donde tambi\u00e9n habr\u00e1 servicio de cantina y, como siempre, la entrada ser\u00e1 libre y gratuita.<\/p>\n<p>Fuente: Prensa Municipal<\/p>\n","protected":false},"excerpt":{"rendered":"<p>El ciclo musical que ide\u00f3 la Direcci\u00f3n de Cultura de la Municipalidad ser\u00e1 el pr\u00f3ximo 13 de octubre desde las &#8230; <a title=\"Nueva fecha para el Cultura Cumbia en La Trocha\" class=\"read-more\" href=\"https:\/\/www.hoymercedes.com.ar\/principal\/2017\/10\/11\/nueva-fecha-para-el-cultura-cumbia-en-la-trocha\/\" aria-label=\"Leer m\u00e1s sobre Nueva fecha para el Cultura Cumbia en La Trocha\">Leer m\u00e1s<\/a><\/p>\n","protected":false},"author":1,"featured_media":68241,"comment_status":"closed","ping_status":"open","sticky":false,"template":"","format":"standard","meta":{"_monsterinsights_skip_tracking":false,"_monsterinsights_sitenote_active":false,"_monsterinsights_sitenote_note":"","_monsterinsights_sitenote_category":0,"jetpack_post_was_ever_published":false,"_jetpack_newsletter_access":"","_jetpack_dont_email_post_to_subs":false,"_jetpack_newsletter_tier_id":0,"_jetpack_memberships_contains_paywalled_content":false,"_jetpack_memberships_contains_paid_content":false,"footnotes":"","jetpack_publicize_message":"","jetpack_publicize_feature_enabled":true,"jetpack_social_post_already_shared":true,"jetpack_social_options":{"image_generator_settings":{"template":"highway","default_image_id":0,"font":"","enabled":false},"version":2},"_wpas_customize_per_network":false},"categories":[104],"tags":[7805,12042,3959,244],"class_list":["post-68240","post","type-post","status-publish","format-standard","has-post-thumbnail","hentry","category-cultura","tag-cultura","tag-cultura-cumbia","tag-la-trocha","tag-municipio-2","generate-columns","tablet-grid-50","mobile-grid-100","grid-parent","grid-50"],"jetpack_publicize_connections":[],"jetpack_featured_media_url":"https:\/\/www.hoymercedes.com.ar\/principal\/wp-content\/uploads\/2017\/10\/11-Camilo-Rojas-en-Cultura-Cumbia-1.jpg","wps_subtitle":"Viernes 13","jetpack_sharing_enabled":true,"_links":{"self":[{"href":"https:\/\/www.hoymercedes.com.ar\/principal\/wp-json\/wp\/v2\/posts\/68240","targetHints":{"allow":["GET"]}}],"collection":[{"href":"https:\/\/www.hoymercedes.com.ar\/principal\/wp-json\/wp\/v2\/posts"}],"about":[{"href":"https:\/\/www.hoymercedes.com.ar\/principal\/wp-json\/wp\/v2\/types\/post"}],"author":[{"embeddable":true,"href":"https:\/\/www.hoymercedes.com.ar\/principal\/wp-json\/wp\/v2\/users\/1"}],"replies":[{"embeddable":true,"href":"https:\/\/www.hoymercedes.com.ar\/principal\/wp-json\/wp\/v2\/comments?post=68240"}],"version-history":[{"count":0,"href":"https:\/\/www.hoymercedes.com.ar\/principal\/wp-json\/wp\/v2\/posts\/68240\/revisions"}],"wp:featuredmedia":[{"embeddable":true,"href":"https:\/\/www.hoymercedes.com.ar\/principal\/wp-json\/wp\/v2\/media\/68241"}],"wp:attachment":[{"href":"https:\/\/www.hoymercedes.com.ar\/principal\/wp-json\/wp\/v2\/media?parent=68240"}],"wp:term":[{"taxonomy":"category","embeddable":true,"href":"https:\/\/www.hoymercedes.com.ar\/principal\/wp-json\/wp\/v2\/categories?post=68240"},{"taxonomy":"post_tag","embeddable":true,"href":"https:\/\/www.hoymercedes.com.ar\/principal\/wp-json\/wp\/v2\/tags?post=68240"}],"curies":[{"name":"wp","href":"https:\/\/api.w.org\/{rel}","templated":true}]}}