{"id":68262,"date":"2017-10-12T16:33:26","date_gmt":"2017-10-12T19:33:26","guid":{"rendered":"http:\/\/www.hoymercedes.com.ar\/principal\/?p=68262"},"modified":"2017-10-12T15:48:29","modified_gmt":"2017-10-12T18:48:29","slug":"quiero-ser-para-conocer-la-oferta-educativa-de-estudios-superiores","status":"publish","type":"post","link":"https:\/\/www.hoymercedes.com.ar\/principal\/2017\/10\/12\/quiero-ser-para-conocer-la-oferta-educativa-de-estudios-superiores\/","title":{"rendered":"\u00abQuiero Ser\u00bb para conocer la oferta educativa de estudios superiores"},"content":{"rendered":"<p>La jornada del mi\u00e9rcoles fue un d\u00eda para dar a conocer la oferta en materia educativa del nivel superior. Instituciones de nivel terciario y universitario se dieron cita en el and\u00e9n de la vieja estaci\u00f3n de La Trocha para presentar sus propuestas a los estudiantes de nivel secundario que por all\u00ed recorrieron.<\/p>\n<p><img loading=\"lazy\" decoding=\"async\" data-attachment-id=\"68263\" data-permalink=\"https:\/\/www.hoymercedes.com.ar\/principal\/2017\/10\/12\/quiero-ser-para-conocer-la-oferta-educativa-de-estudios-superiores\/12-terciarios-1\/#main\" data-orig-file=\"https:\/\/www.hoymercedes.com.ar\/principal\/wp-content\/uploads\/2017\/10\/12-terciarios-1.jpg\" data-orig-size=\"630,420\" data-comments-opened=\"0\" data-image-meta=\"{&quot;aperture&quot;:&quot;5&quot;,&quot;credit&quot;:&quot;&quot;,&quot;camera&quot;:&quot;NIKON D5500&quot;,&quot;caption&quot;:&quot;&quot;,&quot;created_timestamp&quot;:&quot;1507718644&quot;,&quot;copyright&quot;:&quot;&quot;,&quot;focal_length&quot;:&quot;25&quot;,&quot;iso&quot;:&quot;400&quot;,&quot;shutter_speed&quot;:&quot;0.008&quot;,&quot;title&quot;:&quot;&quot;,&quot;orientation&quot;:&quot;1&quot;}\" data-image-title=\"12 terciarios 1\" data-image-description=\"\" data-image-caption=\"\" data-large-file=\"https:\/\/www.hoymercedes.com.ar\/principal\/wp-content\/uploads\/2017\/10\/12-terciarios-1.jpg\" class=\"aligncenter size-medium wp-image-68263\" src=\"https:\/\/www.hoymercedes.com.ar\/principal\/wp-content\/uploads\/2017\/10\/12-terciarios-1-630x420.jpg\" alt=\"\" width=\"630\" height=\"420\" srcset=\"https:\/\/www.hoymercedes.com.ar\/principal\/wp-content\/uploads\/2017\/10\/12-terciarios-1.jpg 630w, https:\/\/www.hoymercedes.com.ar\/principal\/wp-content\/uploads\/2017\/10\/12-terciarios-1-150x100.jpg 150w, https:\/\/www.hoymercedes.com.ar\/principal\/wp-content\/uploads\/2017\/10\/12-terciarios-1-300x200.jpg 300w\" sizes=\"auto, (max-width: 630px) 100vw, 630px\" \/><\/p>\n<p>&nbsp;<\/p>\n<p>Desde la ma\u00f1ana y hasta la mitad de la tarde, participaron de \u00abQuiero Ser\u00bb el Instituto Superior de Formaci\u00f3n Docente N\u00b0 137 (Escuelo Normal); Instituto de Formaci\u00f3n Docente y T\u00e9cnica N\u00b0 7, Instituto de Formaci\u00f3n \u00abCiudad de Mercedes\u00bb; Escuela de Arte, Conservatorio de M\u00fasica y el Centro Universitario Regional con las delegaciones de UNLu y CBC de UBA.<\/p>\n<p>La exposici\u00f3n de oferta estudiantil fue organizada por la Municipalidad de Mercedes a trav\u00e9s del \u00e1rea de Educaci\u00f3n y de Pol\u00edticas Juveniles.<\/p>\n<p><img loading=\"lazy\" decoding=\"async\" data-attachment-id=\"68264\" data-permalink=\"https:\/\/www.hoymercedes.com.ar\/principal\/2017\/10\/12\/quiero-ser-para-conocer-la-oferta-educativa-de-estudios-superiores\/12-terciarios-2\/#main\" data-orig-file=\"https:\/\/www.hoymercedes.com.ar\/principal\/wp-content\/uploads\/2017\/10\/12-terciarios-2.jpg\" data-orig-size=\"630,420\" data-comments-opened=\"0\" data-image-meta=\"{&quot;aperture&quot;:&quot;6.3&quot;,&quot;credit&quot;:&quot;&quot;,&quot;camera&quot;:&quot;NIKON D5500&quot;,&quot;caption&quot;:&quot;&quot;,&quot;created_timestamp&quot;:&quot;1507718650&quot;,&quot;copyright&quot;:&quot;&quot;,&quot;focal_length&quot;:&quot;18&quot;,&quot;iso&quot;:&quot;400&quot;,&quot;shutter_speed&quot;:&quot;0.00625&quot;,&quot;title&quot;:&quot;&quot;,&quot;orientation&quot;:&quot;1&quot;}\" data-image-title=\"12 terciarios 2\" data-image-description=\"\" data-image-caption=\"\" data-large-file=\"https:\/\/www.hoymercedes.com.ar\/principal\/wp-content\/uploads\/2017\/10\/12-terciarios-2.jpg\" class=\"aligncenter size-medium wp-image-68264\" src=\"https:\/\/www.hoymercedes.com.ar\/principal\/wp-content\/uploads\/2017\/10\/12-terciarios-2-630x420.jpg\" alt=\"\" width=\"630\" height=\"420\" srcset=\"https:\/\/www.hoymercedes.com.ar\/principal\/wp-content\/uploads\/2017\/10\/12-terciarios-2.jpg 630w, https:\/\/www.hoymercedes.com.ar\/principal\/wp-content\/uploads\/2017\/10\/12-terciarios-2-150x100.jpg 150w, https:\/\/www.hoymercedes.com.ar\/principal\/wp-content\/uploads\/2017\/10\/12-terciarios-2-300x200.jpg 300w\" sizes=\"auto, (max-width: 630px) 100vw, 630px\" \/><\/p>\n","protected":false},"excerpt":{"rendered":"<p>La jornada del mi\u00e9rcoles fue un d\u00eda para dar a conocer la oferta en materia educativa del nivel superior. Instituciones &#8230; <a title=\"\u00abQuiero Ser\u00bb para conocer la oferta educativa de estudios superiores\" class=\"read-more\" href=\"https:\/\/www.hoymercedes.com.ar\/principal\/2017\/10\/12\/quiero-ser-para-conocer-la-oferta-educativa-de-estudios-superiores\/\" aria-label=\"Leer m\u00e1s sobre \u00abQuiero Ser\u00bb para conocer la oferta educativa de estudios superiores\">Leer m\u00e1s<\/a><\/p>\n","protected":false},"author":1,"featured_media":68264,"comment_status":"closed","ping_status":"open","sticky":false,"template":"","format":"standard","meta":{"_monsterinsights_skip_tracking":false,"_monsterinsights_sitenote_active":false,"_monsterinsights_sitenote_note":"","_monsterinsights_sitenote_category":0,"jetpack_post_was_ever_published":false,"_jetpack_newsletter_access":"","_jetpack_dont_email_post_to_subs":false,"_jetpack_newsletter_tier_id":0,"_jetpack_memberships_contains_paywalled_content":false,"_jetpack_memberships_contains_paid_content":false,"footnotes":"","jetpack_publicize_message":"","jetpack_publicize_feature_enabled":true,"jetpack_social_post_already_shared":true,"jetpack_social_options":{"image_generator_settings":{"template":"highway","default_image_id":0,"font":"","enabled":false},"version":2},"_wpas_customize_per_network":false},"categories":[23],"tags":[11409,12048,244],"class_list":["post-68262","post","type-post","status-publish","format-standard","has-post-thumbnail","hentry","category-educacion","tag-educacion-superior","tag-instituto-de-formacion","tag-municipio-2","generate-columns","tablet-grid-50","mobile-grid-100","grid-parent","grid-50"],"jetpack_publicize_connections":[],"jetpack_featured_media_url":"https:\/\/www.hoymercedes.com.ar\/principal\/wp-content\/uploads\/2017\/10\/12-terciarios-2.jpg","wps_subtitle":"Durante la jornada del mi\u00e9rcoles \u00faltimo","jetpack_sharing_enabled":true,"_links":{"self":[{"href":"https:\/\/www.hoymercedes.com.ar\/principal\/wp-json\/wp\/v2\/posts\/68262","targetHints":{"allow":["GET"]}}],"collection":[{"href":"https:\/\/www.hoymercedes.com.ar\/principal\/wp-json\/wp\/v2\/posts"}],"about":[{"href":"https:\/\/www.hoymercedes.com.ar\/principal\/wp-json\/wp\/v2\/types\/post"}],"author":[{"embeddable":true,"href":"https:\/\/www.hoymercedes.com.ar\/principal\/wp-json\/wp\/v2\/users\/1"}],"replies":[{"embeddable":true,"href":"https:\/\/www.hoymercedes.com.ar\/principal\/wp-json\/wp\/v2\/comments?post=68262"}],"version-history":[{"count":0,"href":"https:\/\/www.hoymercedes.com.ar\/principal\/wp-json\/wp\/v2\/posts\/68262\/revisions"}],"wp:featuredmedia":[{"embeddable":true,"href":"https:\/\/www.hoymercedes.com.ar\/principal\/wp-json\/wp\/v2\/media\/68264"}],"wp:attachment":[{"href":"https:\/\/www.hoymercedes.com.ar\/principal\/wp-json\/wp\/v2\/media?parent=68262"}],"wp:term":[{"taxonomy":"category","embeddable":true,"href":"https:\/\/www.hoymercedes.com.ar\/principal\/wp-json\/wp\/v2\/categories?post=68262"},{"taxonomy":"post_tag","embeddable":true,"href":"https:\/\/www.hoymercedes.com.ar\/principal\/wp-json\/wp\/v2\/tags?post=68262"}],"curies":[{"name":"wp","href":"https:\/\/api.w.org\/{rel}","templated":true}]}}