{"id":68270,"date":"2017-10-16T16:08:40","date_gmt":"2017-10-16T19:08:40","guid":{"rendered":"http:\/\/www.hoymercedes.com.ar\/principal\/?p=68270"},"modified":"2017-10-12T16:12:47","modified_gmt":"2017-10-12T19:12:47","slug":"tango-en-el-anden-con-voz-femenina","status":"publish","type":"post","link":"https:\/\/www.hoymercedes.com.ar\/principal\/2017\/10\/16\/tango-en-el-anden-con-voz-femenina\/","title":{"rendered":"Tango en el anden con voz femenina"},"content":{"rendered":"<p><em><strong>El ciclo \u00abTango en el And\u00e9n\u00bb volver\u00e1 este jueves\u00a019 de octubre al Centro Cultura La Trocha.\u00a0Actuar\u00e1 Mirta Uguet acompa\u00f1ada del cuarteto dirigido por Eduardo Cirillo.\u00a0La entrada es libre y gratuita.<\/strong><\/em><\/p>\n<p><img loading=\"lazy\" decoding=\"async\" data-attachment-id=\"68271\" data-permalink=\"https:\/\/www.hoymercedes.com.ar\/principal\/2017\/10\/16\/tango-en-el-anden-con-voz-femenina\/16-tango-mirta-uguet\/#main\" data-orig-file=\"https:\/\/www.hoymercedes.com.ar\/principal\/wp-content\/uploads\/2017\/10\/16-Tango-Mirta-Uguet.jpg\" data-orig-size=\"630,354\" data-comments-opened=\"0\" data-image-meta=\"{&quot;aperture&quot;:&quot;0&quot;,&quot;credit&quot;:&quot;&quot;,&quot;camera&quot;:&quot;&quot;,&quot;caption&quot;:&quot;&quot;,&quot;created_timestamp&quot;:&quot;0&quot;,&quot;copyright&quot;:&quot;&quot;,&quot;focal_length&quot;:&quot;0&quot;,&quot;iso&quot;:&quot;0&quot;,&quot;shutter_speed&quot;:&quot;0&quot;,&quot;title&quot;:&quot;&quot;,&quot;orientation&quot;:&quot;0&quot;}\" data-image-title=\"16 Tango &amp;#8211; Mirta Uguet\" data-image-description=\"\" data-image-caption=\"\" data-large-file=\"https:\/\/www.hoymercedes.com.ar\/principal\/wp-content\/uploads\/2017\/10\/16-Tango-Mirta-Uguet.jpg\" class=\"aligncenter size-medium wp-image-68271\" src=\"https:\/\/www.hoymercedes.com.ar\/principal\/wp-content\/uploads\/2017\/10\/16-Tango-Mirta-Uguet-630x354.jpg\" alt=\"\" width=\"630\" height=\"354\" srcset=\"https:\/\/www.hoymercedes.com.ar\/principal\/wp-content\/uploads\/2017\/10\/16-Tango-Mirta-Uguet.jpg 630w, https:\/\/www.hoymercedes.com.ar\/principal\/wp-content\/uploads\/2017\/10\/16-Tango-Mirta-Uguet-150x84.jpg 150w\" sizes=\"auto, (max-width: 630px) 100vw, 630px\" \/><\/p>\n<p>La Direcci\u00f3n de Cultura sigue adelante con su proyecto de m\u00fasica en vivo en el C.C. La Trocha y el pr\u00f3ximo 19 de octubre habr\u00e1 Tango a partir de la hora 21.<\/p>\n<p>En este caso, habr\u00e1 clases de tango a cargo de Estimulo Dance, un grupo formado por personas que buscan transferir sus conocimientos a partir de la generaci\u00f3n de propuestas y espacios l\u00fadicos, donde se incentiva el baile y principalmente la participaci\u00f3n social. El grupo est\u00e1 dirigido por Leandro Alfredo Lofgren y trabajar\u00e1 en conjunto con todo el equipo de Tango en el And\u00e9n.<\/p>\n<p>\u201cCada una de las jornadas programadas para este espacio son siempre un \u00e9xito y queremos agradecer a los vecinos de Mercedes, que se acercan a compartir un momento muy lindo y en familia\u201d, coment\u00f3 la responsable del \u00e1rea, Luc\u00eda Capaccio, quien, acompa\u00f1ada por su equipo, est\u00e1 al frente de todas las manifestaciones culturales de la ciudad.<\/p>\n<p>El n\u00famero principal del evento estar\u00e1 a cargo de Mirta Uguet, la cantante mercedina que sigue transitando los escenarios del pa\u00eds con mucho \u00e9xito. En este caso, llegar\u00e1 a la ciudad acompa\u00f1ada por el cuarteto que dirige el m\u00fasico mercedino Eduardo Cirillo.<\/p>\n<p>El evento cuenta con servicio de cantina y la entrada es libre, p\u00fablica y gratuita.<\/p>\n<p>&nbsp;<\/p>\n<p>Fuente: Prensa Municipal<\/p>\n<p>&nbsp;<\/p>\n<p>&nbsp;<\/p>\n","protected":false},"excerpt":{"rendered":"<p>El ciclo \u00abTango en el And\u00e9n\u00bb volver\u00e1 este jueves\u00a019 de octubre al Centro Cultura La Trocha.\u00a0Actuar\u00e1 Mirta Uguet acompa\u00f1ada del &#8230; <a title=\"Tango en el anden con voz femenina\" class=\"read-more\" href=\"https:\/\/www.hoymercedes.com.ar\/principal\/2017\/10\/16\/tango-en-el-anden-con-voz-femenina\/\" aria-label=\"Leer m\u00e1s sobre Tango en el anden con voz femenina\">Leer m\u00e1s<\/a><\/p>\n","protected":false},"author":1,"featured_media":68271,"comment_status":"closed","ping_status":"open","sticky":false,"template":"","format":"standard","meta":{"_monsterinsights_skip_tracking":false,"_monsterinsights_sitenote_active":false,"_monsterinsights_sitenote_note":"","_monsterinsights_sitenote_category":0,"jetpack_post_was_ever_published":false,"_jetpack_newsletter_access":"","_jetpack_dont_email_post_to_subs":false,"_jetpack_newsletter_tier_id":0,"_jetpack_memberships_contains_paywalled_content":false,"_jetpack_memberships_contains_paid_content":false,"footnotes":"","jetpack_publicize_message":"","jetpack_publicize_feature_enabled":true,"jetpack_social_post_already_shared":true,"jetpack_social_options":{"image_generator_settings":{"template":"highway","default_image_id":0,"font":"","enabled":false},"version":2},"_wpas_customize_per_network":false},"categories":[104],"tags":[12049,7805,3959,244,1362],"class_list":["post-68270","post","type-post","status-publish","format-standard","has-post-thumbnail","hentry","category-cultura","tag-anden","tag-cultura","tag-la-trocha","tag-municipio-2","tag-tango","generate-columns","tablet-grid-50","mobile-grid-100","grid-parent","grid-50"],"jetpack_publicize_connections":[],"jetpack_featured_media_url":"https:\/\/www.hoymercedes.com.ar\/principal\/wp-content\/uploads\/2017\/10\/16-Tango-Mirta-Uguet.jpg","wps_subtitle":"El pr\u00f3ximo jueves 19","jetpack_sharing_enabled":true,"_links":{"self":[{"href":"https:\/\/www.hoymercedes.com.ar\/principal\/wp-json\/wp\/v2\/posts\/68270","targetHints":{"allow":["GET"]}}],"collection":[{"href":"https:\/\/www.hoymercedes.com.ar\/principal\/wp-json\/wp\/v2\/posts"}],"about":[{"href":"https:\/\/www.hoymercedes.com.ar\/principal\/wp-json\/wp\/v2\/types\/post"}],"author":[{"embeddable":true,"href":"https:\/\/www.hoymercedes.com.ar\/principal\/wp-json\/wp\/v2\/users\/1"}],"replies":[{"embeddable":true,"href":"https:\/\/www.hoymercedes.com.ar\/principal\/wp-json\/wp\/v2\/comments?post=68270"}],"version-history":[{"count":0,"href":"https:\/\/www.hoymercedes.com.ar\/principal\/wp-json\/wp\/v2\/posts\/68270\/revisions"}],"wp:featuredmedia":[{"embeddable":true,"href":"https:\/\/www.hoymercedes.com.ar\/principal\/wp-json\/wp\/v2\/media\/68271"}],"wp:attachment":[{"href":"https:\/\/www.hoymercedes.com.ar\/principal\/wp-json\/wp\/v2\/media?parent=68270"}],"wp:term":[{"taxonomy":"category","embeddable":true,"href":"https:\/\/www.hoymercedes.com.ar\/principal\/wp-json\/wp\/v2\/categories?post=68270"},{"taxonomy":"post_tag","embeddable":true,"href":"https:\/\/www.hoymercedes.com.ar\/principal\/wp-json\/wp\/v2\/tags?post=68270"}],"curies":[{"name":"wp","href":"https:\/\/api.w.org\/{rel}","templated":true}]}}