{"id":68303,"date":"2017-10-13T15:03:24","date_gmt":"2017-10-13T18:03:24","guid":{"rendered":"http:\/\/www.hoymercedes.com.ar\/principal\/?p=68303"},"modified":"2017-10-13T13:19:15","modified_gmt":"2017-10-13T16:19:15","slug":"cambiemos-cerro-la-campana-y-se-prepara-para-el-22","status":"publish","type":"post","link":"https:\/\/www.hoymercedes.com.ar\/principal\/2017\/10\/13\/cambiemos-cerro-la-campana-y-se-prepara-para-el-22\/","title":{"rendered":"Cambiemos cerr\u00f3 la campa\u00f1a y se prepara para el 22 de octubre"},"content":{"rendered":"<p><em><strong>El espacio pol\u00edtico que lleva al Dr. Jos\u00e9 Ses\u00f3n Comesa\u00f1a como principal candidato cerr\u00f3 su campa\u00f1a en la noche del jueves en el Club Comunicaciones. En sus discursos,\u00a0destacaron el trabajo militante, el acompa\u00f1amiento de los l\u00edderes nacionales y provinciales de la fuerza y anticiparon que buscan incrementar el n\u00famero de votos para lograr la mayor\u00eda en el HCD.\u00a0<\/strong><\/em><\/p>\n<p><img loading=\"lazy\" decoding=\"async\" data-attachment-id=\"68305\" data-permalink=\"https:\/\/www.hoymercedes.com.ar\/principal\/2017\/10\/13\/cambiemos-cerro-la-campana-y-se-prepara-para-el-22\/13-cierre-cambiemos-2\/#main\" data-orig-file=\"https:\/\/www.hoymercedes.com.ar\/principal\/wp-content\/uploads\/2017\/10\/13-cierre-cambiemos-2.jpg\" data-orig-size=\"630,420\" data-comments-opened=\"0\" data-image-meta=\"{&quot;aperture&quot;:&quot;3.5&quot;,&quot;credit&quot;:&quot;&quot;,&quot;camera&quot;:&quot;NIKON D3100&quot;,&quot;caption&quot;:&quot;&quot;,&quot;created_timestamp&quot;:&quot;1507841193&quot;,&quot;copyright&quot;:&quot;&quot;,&quot;focal_length&quot;:&quot;18&quot;,&quot;iso&quot;:&quot;3200&quot;,&quot;shutter_speed&quot;:&quot;0.02&quot;,&quot;title&quot;:&quot;&quot;,&quot;orientation&quot;:&quot;1&quot;}\" data-image-title=\"13 cierre cambiemos 2\" data-image-description=\"\" data-image-caption=\"\" data-large-file=\"https:\/\/www.hoymercedes.com.ar\/principal\/wp-content\/uploads\/2017\/10\/13-cierre-cambiemos-2.jpg\" class=\"aligncenter size-medium wp-image-68305\" src=\"https:\/\/www.hoymercedes.com.ar\/principal\/wp-content\/uploads\/2017\/10\/13-cierre-cambiemos-2-630x420.jpg\" alt=\"\" width=\"630\" height=\"420\" srcset=\"https:\/\/www.hoymercedes.com.ar\/principal\/wp-content\/uploads\/2017\/10\/13-cierre-cambiemos-2.jpg 630w, https:\/\/www.hoymercedes.com.ar\/principal\/wp-content\/uploads\/2017\/10\/13-cierre-cambiemos-2-150x100.jpg 150w, https:\/\/www.hoymercedes.com.ar\/principal\/wp-content\/uploads\/2017\/10\/13-cierre-cambiemos-2-300x200.jpg 300w\" sizes=\"auto, (max-width: 630px) 100vw, 630px\" \/><\/p>\n<p>Aunque faltan menos de una semana para las elecciones y para el inicio del a veda electora, el frente pol\u00edtico Cambiemos de Mercedes llev\u00f3 adelante en la noche del jueves el cierre de campa\u00f1a en vista a las elecciones legislativas del 22 de octubre pr\u00f3ximo. En el Club Comunicaciones, ante militantes, los candidatos a Concejales hablaron ante los presentes marcando la necesidad de incrementar la cantidad de votos de agosto para as\u00ed lograr la mayor\u00eda en el HCD local y fortalecer la fuerza en vistas al 2019.<\/p>\n<p>El cierre de una campa\u00f1a que hicieron \u201ccaminando toda la ciudad escuchando a los vecinos\u201d se cerr\u00f3, aunque no significase que dejar\u00e1n de hacerlo hasta el venidero viernes 20 a la espera de que la cantidad de votos obtenidos en agosto se incrementen lleguen a un triunfo que les d\u00e9 la posibilidad de tener qu\u00f3rum propio en el Concejo Deliberante y que contin\u00fae ese camino hasta la Intendencia de Mercedes, \u201ccamino comenzado en el 2015 de la mano de Lucas Fal y una brillante elecci\u00f3n con la que se logr\u00f3 cuatro bancas en el Concejo y un Consejero Escolar\u201d.<\/p>\n<p><img loading=\"lazy\" decoding=\"async\" data-attachment-id=\"68304\" data-permalink=\"https:\/\/www.hoymercedes.com.ar\/principal\/2017\/10\/13\/cambiemos-cerro-la-campana-y-se-prepara-para-el-22\/13-cierre-cambiemos-1\/#main\" data-orig-file=\"https:\/\/www.hoymercedes.com.ar\/principal\/wp-content\/uploads\/2017\/10\/13-cierre-cambiemos-1.jpg\" data-orig-size=\"630,420\" data-comments-opened=\"0\" data-image-meta=\"{&quot;aperture&quot;:&quot;5.6&quot;,&quot;credit&quot;:&quot;&quot;,&quot;camera&quot;:&quot;NIKON D3100&quot;,&quot;caption&quot;:&quot;&quot;,&quot;created_timestamp&quot;:&quot;1507841057&quot;,&quot;copyright&quot;:&quot;&quot;,&quot;focal_length&quot;:&quot;50&quot;,&quot;iso&quot;:&quot;3200&quot;,&quot;shutter_speed&quot;:&quot;0.016666666666667&quot;,&quot;title&quot;:&quot;&quot;,&quot;orientation&quot;:&quot;1&quot;}\" data-image-title=\"13 cierre cambiemos 1\" data-image-description=\"\" data-image-caption=\"\" data-large-file=\"https:\/\/www.hoymercedes.com.ar\/principal\/wp-content\/uploads\/2017\/10\/13-cierre-cambiemos-1.jpg\" class=\"aligncenter size-medium wp-image-68304\" src=\"https:\/\/www.hoymercedes.com.ar\/principal\/wp-content\/uploads\/2017\/10\/13-cierre-cambiemos-1-630x420.jpg\" alt=\"\" width=\"630\" height=\"420\" srcset=\"https:\/\/www.hoymercedes.com.ar\/principal\/wp-content\/uploads\/2017\/10\/13-cierre-cambiemos-1.jpg 630w, https:\/\/www.hoymercedes.com.ar\/principal\/wp-content\/uploads\/2017\/10\/13-cierre-cambiemos-1-150x100.jpg 150w, https:\/\/www.hoymercedes.com.ar\/principal\/wp-content\/uploads\/2017\/10\/13-cierre-cambiemos-1-300x200.jpg 300w\" sizes=\"auto, (max-width: 630px) 100vw, 630px\" \/><\/p>\n<p>Pasada la presentaci\u00f3n del evento y el agradecimiento a la presencia del ex combatiente de las Islas Malvinas Oscar Poltronieri, hablaron ante los presentes tres de los principales candidatos a Concejales: Sabrina Vi\u00f1ales, Esteban Biaggini y el cierre del primer candidato Jos\u00e9 Ses\u00f3n Comesa\u00f1a.<\/p>\n<p>La tercera candidata a Concejal y representante del Partido Fe, anticip\u00f3 que de darse una mayor\u00eda por parte de Cambiemos se buscar\u00e1 la presidencia del HCD y afirm\u00f3 que en dos a\u00f1os m\u00e1s, el Municipio estar\u00e1 en manos de la fuerza que a nivel nacional lidera el Presidente. \u201cLa PASO fue la prueba de fuego. Nos demostr\u00f3 con contundencia que los argentinos queremos el cambio. Que nos gusta que nos digan la verdad por m\u00e1s que nos duela, no queremos la mentira ni la soberbia\u201d, resalt\u00f3 Sabrina Vi\u00f1ales que demostr\u00f3 su orgullo, como mujer y argentina, por la Gobernadora Mar\u00eda Eugenia Vidal, y pidi\u00f3 el acompa\u00f1amiento de un mayor cantidad de vecinos y de fiscales para controlar los votos.<\/p>\n<p>Luego fue el turno del referente de la Juventud Radical. Esteban Biagini tambi\u00e9n destac\u00f3 el mensaje de las urnas de las primarias y anticip\u00f3 que la juventud estar\u00e1 representada desde su banca. \u201cLa ciudadan\u00eda nos acompa\u00f1\u00f3 en su gran mayor\u00eda en el mes de agosto. Nos dio un mensaje claro que algunos de no son de Cambiemos entendieron. F\u00edjense que hace dos meses que el Municipio se dio cuenta que ten\u00eda que gobernar la ciudad y se acord\u00f3 de atender los barrios y de acompa\u00f1a las obras p\u00fablicas. Imag\u00ednense si la Gobernadora hubiera esperado a las elecciones para atender a los vecinos de los municipios que esperaban obra p\u00fablica para llevarle calidad de vida\u201d afirm\u00f3. Luego, resalt\u00f3 que desde Cambiemos est\u00e1n ense\u00f1ando que la pol\u00edtica \u201cse hace con valores\u201d y por lo tanto, \u201cse sube la vara\u201d. Finalmente, resalt\u00f3 que en el Concejo Deliberante se podr\u00e1 discutir futuro porque \u201chabr\u00e1 una voz en el Concejo que garantice la voz de todos los j\u00f3venes mercedinos\u201d.<\/p>\n<p><img loading=\"lazy\" decoding=\"async\" data-attachment-id=\"68306\" data-permalink=\"https:\/\/www.hoymercedes.com.ar\/principal\/2017\/10\/13\/cambiemos-cerro-la-campana-y-se-prepara-para-el-22\/13-cierre-cambiemos-3\/#main\" data-orig-file=\"https:\/\/www.hoymercedes.com.ar\/principal\/wp-content\/uploads\/2017\/10\/13-cierre-cambiemos-3.jpg\" data-orig-size=\"630,420\" data-comments-opened=\"0\" data-image-meta=\"{&quot;aperture&quot;:&quot;3.5&quot;,&quot;credit&quot;:&quot;&quot;,&quot;camera&quot;:&quot;NIKON D3100&quot;,&quot;caption&quot;:&quot;&quot;,&quot;created_timestamp&quot;:&quot;1507841965&quot;,&quot;copyright&quot;:&quot;&quot;,&quot;focal_length&quot;:&quot;18&quot;,&quot;iso&quot;:&quot;1800&quot;,&quot;shutter_speed&quot;:&quot;0.016666666666667&quot;,&quot;title&quot;:&quot;&quot;,&quot;orientation&quot;:&quot;1&quot;}\" data-image-title=\"13 cierre cambiemos 3\" data-image-description=\"\" data-image-caption=\"\" data-large-file=\"https:\/\/www.hoymercedes.com.ar\/principal\/wp-content\/uploads\/2017\/10\/13-cierre-cambiemos-3.jpg\" class=\"aligncenter size-medium wp-image-68306\" src=\"https:\/\/www.hoymercedes.com.ar\/principal\/wp-content\/uploads\/2017\/10\/13-cierre-cambiemos-3-630x420.jpg\" alt=\"\" width=\"630\" height=\"420\" srcset=\"https:\/\/www.hoymercedes.com.ar\/principal\/wp-content\/uploads\/2017\/10\/13-cierre-cambiemos-3.jpg 630w, https:\/\/www.hoymercedes.com.ar\/principal\/wp-content\/uploads\/2017\/10\/13-cierre-cambiemos-3-150x100.jpg 150w, https:\/\/www.hoymercedes.com.ar\/principal\/wp-content\/uploads\/2017\/10\/13-cierre-cambiemos-3-300x200.jpg 300w\" sizes=\"auto, (max-width: 630px) 100vw, 630px\" \/><\/p>\n<p>El cierre estuvo a cargo del principal candidato a Concejal de Mercedes. Ses\u00f3n Comesa\u00f1a record\u00f3 c\u00f3mo fueron los meses de campa\u00f1a en vista a este 22 de octubre. Agradeci\u00f3 a todos los que participaron y expres\u00f3 su benepl\u00e1cito por el gobierno nacional y provincial, as\u00ed como con los principales referentes de Cambiemos a nivel nacional y provincial. \u201cCreemos que estamos en expansi\u00f3n y hay que subir la vara. Est\u00e1n creciendo los ingresos a la ciudad. Tenemos que promover el trabajo privado para los j\u00f3venes, porque el Estado no puede cobijar m\u00e1s empleados. Hay que crear un buen parque industrial con infraestructura para que las empresas vengan y apoyen a la ciudad. Para eso las tasas de seguridad e higiene no deben ser abusivas. En ciudades vecinas son menores y los empresarios hacen negocios, pero tambi\u00e9n dan empleo. Donde les es m\u00e1s barato, trabajan. No podemos desaprovechar esta ciudad. Tenemos un lugar estrat\u00e9gico con las rutas y los ferrocarriles\u201d dijo.<\/p>\n<p>\u201cCreo que estamos abrazados de una gran esperanza que nos llevar\u00e1 a un \u00e9xito rotundo, a un cambio de la din\u00e1mica del pa\u00eds, con el respeto de las leyes. Veo que los brotes verdes est\u00e1n creciendo y funcionando. Esperamos seguir en este camino y no decepcionarlos. Trabajaremos con honradez y empe\u00f1o\u201d, concluy\u00f3 Comesa\u00f1a cerrando as\u00ed el acto del jueves a la noche en el Club Comunicaciones.<\/p>\n<p>Texto: Hoy Mercedes<\/p>\n<p><img loading=\"lazy\" decoding=\"async\" data-attachment-id=\"68307\" data-permalink=\"https:\/\/www.hoymercedes.com.ar\/principal\/2017\/10\/13\/cambiemos-cerro-la-campana-y-se-prepara-para-el-22\/13-cierre-cambiemos-4\/#main\" data-orig-file=\"https:\/\/www.hoymercedes.com.ar\/principal\/wp-content\/uploads\/2017\/10\/13-cierre-cambiemos-4.jpg\" data-orig-size=\"630,420\" data-comments-opened=\"0\" data-image-meta=\"{&quot;aperture&quot;:&quot;4.8&quot;,&quot;credit&quot;:&quot;&quot;,&quot;camera&quot;:&quot;NIKON D3100&quot;,&quot;caption&quot;:&quot;&quot;,&quot;created_timestamp&quot;:&quot;1507842048&quot;,&quot;copyright&quot;:&quot;&quot;,&quot;focal_length&quot;:&quot;38&quot;,&quot;iso&quot;:&quot;1100&quot;,&quot;shutter_speed&quot;:&quot;0.016666666666667&quot;,&quot;title&quot;:&quot;&quot;,&quot;orientation&quot;:&quot;1&quot;}\" data-image-title=\"13 cierre cambiemos 4\" data-image-description=\"\" data-image-caption=\"\" data-large-file=\"https:\/\/www.hoymercedes.com.ar\/principal\/wp-content\/uploads\/2017\/10\/13-cierre-cambiemos-4.jpg\" class=\"aligncenter size-medium wp-image-68307\" src=\"https:\/\/www.hoymercedes.com.ar\/principal\/wp-content\/uploads\/2017\/10\/13-cierre-cambiemos-4-630x420.jpg\" alt=\"\" width=\"630\" height=\"420\" srcset=\"https:\/\/www.hoymercedes.com.ar\/principal\/wp-content\/uploads\/2017\/10\/13-cierre-cambiemos-4.jpg 630w, https:\/\/www.hoymercedes.com.ar\/principal\/wp-content\/uploads\/2017\/10\/13-cierre-cambiemos-4-150x100.jpg 150w, https:\/\/www.hoymercedes.com.ar\/principal\/wp-content\/uploads\/2017\/10\/13-cierre-cambiemos-4-300x200.jpg 300w\" sizes=\"auto, (max-width: 630px) 100vw, 630px\" \/><\/p>\n","protected":false},"excerpt":{"rendered":"<p>El espacio pol\u00edtico que lleva al Dr. Jos\u00e9 Ses\u00f3n Comesa\u00f1a como principal candidato cerr\u00f3 su campa\u00f1a en la noche del &#8230; <a title=\"Cambiemos cerr\u00f3 la campa\u00f1a y se prepara para el 22 de octubre\" class=\"read-more\" href=\"https:\/\/www.hoymercedes.com.ar\/principal\/2017\/10\/13\/cambiemos-cerro-la-campana-y-se-prepara-para-el-22\/\" aria-label=\"Leer m\u00e1s sobre Cambiemos cerr\u00f3 la campa\u00f1a y se prepara para el 22 de octubre\">Leer m\u00e1s<\/a><\/p>\n","protected":false},"author":1,"featured_media":68307,"comment_status":"closed","ping_status":"open","sticky":false,"template":"","format":"standard","meta":{"_monsterinsights_skip_tracking":false,"_monsterinsights_sitenote_active":false,"_monsterinsights_sitenote_note":"","_monsterinsights_sitenote_category":0,"jetpack_post_was_ever_published":false,"_jetpack_newsletter_access":"","_jetpack_dont_email_post_to_subs":false,"_jetpack_newsletter_tier_id":0,"_jetpack_memberships_contains_paywalled_content":false,"_jetpack_memberships_contains_paid_content":false,"footnotes":"","jetpack_publicize_message":"","jetpack_publicize_feature_enabled":true,"jetpack_social_post_already_shared":true,"jetpack_social_options":{"image_generator_settings":{"template":"highway","default_image_id":0,"font":"","enabled":false},"version":2},"_wpas_customize_per_network":false},"categories":[5],"tags":[8055,1409,8074,8993,11275,12057,10,5319],"class_list":["post-68303","post","type-post","status-publish","format-standard","has-post-thumbnail","hentry","category-politica","tag-cambiemos","tag-candidatos","tag-cierre-de-campana","tag-concejales","tag-elecciones-2017","tag-jose-seson-comesanan","tag-mercedes","tag-politica-2","generate-columns","tablet-grid-50","mobile-grid-100","grid-parent","grid-50"],"jetpack_publicize_connections":[],"jetpack_featured_media_url":"https:\/\/www.hoymercedes.com.ar\/principal\/wp-content\/uploads\/2017\/10\/13-cierre-cambiemos-4.jpg","wps_subtitle":"Elecciones legislativas","jetpack_sharing_enabled":true,"_links":{"self":[{"href":"https:\/\/www.hoymercedes.com.ar\/principal\/wp-json\/wp\/v2\/posts\/68303","targetHints":{"allow":["GET"]}}],"collection":[{"href":"https:\/\/www.hoymercedes.com.ar\/principal\/wp-json\/wp\/v2\/posts"}],"about":[{"href":"https:\/\/www.hoymercedes.com.ar\/principal\/wp-json\/wp\/v2\/types\/post"}],"author":[{"embeddable":true,"href":"https:\/\/www.hoymercedes.com.ar\/principal\/wp-json\/wp\/v2\/users\/1"}],"replies":[{"embeddable":true,"href":"https:\/\/www.hoymercedes.com.ar\/principal\/wp-json\/wp\/v2\/comments?post=68303"}],"version-history":[{"count":0,"href":"https:\/\/www.hoymercedes.com.ar\/principal\/wp-json\/wp\/v2\/posts\/68303\/revisions"}],"wp:featuredmedia":[{"embeddable":true,"href":"https:\/\/www.hoymercedes.com.ar\/principal\/wp-json\/wp\/v2\/media\/68307"}],"wp:attachment":[{"href":"https:\/\/www.hoymercedes.com.ar\/principal\/wp-json\/wp\/v2\/media?parent=68303"}],"wp:term":[{"taxonomy":"category","embeddable":true,"href":"https:\/\/www.hoymercedes.com.ar\/principal\/wp-json\/wp\/v2\/categories?post=68303"},{"taxonomy":"post_tag","embeddable":true,"href":"https:\/\/www.hoymercedes.com.ar\/principal\/wp-json\/wp\/v2\/tags?post=68303"}],"curies":[{"name":"wp","href":"https:\/\/api.w.org\/{rel}","templated":true}]}}