{"id":68333,"date":"2017-10-14T09:40:07","date_gmt":"2017-10-14T12:40:07","guid":{"rendered":"http:\/\/www.hoymercedes.com.ar\/principal\/?p=68333"},"modified":"2017-10-13T21:52:11","modified_gmt":"2017-10-14T00:52:11","slug":"jornada-de-ciclismo-en-el-anexo-femenino-de-la-unidad-n-5","status":"publish","type":"post","link":"https:\/\/www.hoymercedes.com.ar\/principal\/2017\/10\/14\/jornada-de-ciclismo-en-el-anexo-femenino-de-la-unidad-n-5\/","title":{"rendered":"Jornada de ciclismo en el Anexo Femenino de la Unidad N\u00b0 5"},"content":{"rendered":"<p>D\u00edas pasados, se realizo una jornada recreativa con las internas del anexo femenino que tiene la Unidad Penitenciaria N\u00b0 5 de Mercedes. se trat\u00f3 de un encuentro de ciclismo dentro del penal.\u00a0 Para\u00a0 ello, se acercaron hasta la c\u00e1rcel, las ciclistas Valeria G\u00f3mez, Sandra Carbo y Marcela Brawn, quienes se hicieron presentes con sus bicicletas y contaron sus historias y acercamiento al deporte.<\/p>\n<p><img loading=\"lazy\" decoding=\"async\" data-attachment-id=\"68334\" data-permalink=\"https:\/\/www.hoymercedes.com.ar\/principal\/2017\/10\/14\/jornada-de-ciclismo-en-el-anexo-femenino-de-la-unidad-n-5\/14-carcel-ciclismo\/#main\" data-orig-file=\"https:\/\/www.hoymercedes.com.ar\/principal\/wp-content\/uploads\/2017\/10\/14-carcel-ciclismo.jpg\" data-orig-size=\"630,473\" data-comments-opened=\"0\" data-image-meta=\"{&quot;aperture&quot;:&quot;0&quot;,&quot;credit&quot;:&quot;&quot;,&quot;camera&quot;:&quot;&quot;,&quot;caption&quot;:&quot;&quot;,&quot;created_timestamp&quot;:&quot;0&quot;,&quot;copyright&quot;:&quot;&quot;,&quot;focal_length&quot;:&quot;0&quot;,&quot;iso&quot;:&quot;0&quot;,&quot;shutter_speed&quot;:&quot;0&quot;,&quot;title&quot;:&quot;&quot;,&quot;orientation&quot;:&quot;0&quot;}\" data-image-title=\"14 carcel ciclismo\" data-image-description=\"\" data-image-caption=\"\" data-large-file=\"https:\/\/www.hoymercedes.com.ar\/principal\/wp-content\/uploads\/2017\/10\/14-carcel-ciclismo.jpg\" class=\"aligncenter size-medium wp-image-68334\" src=\"https:\/\/www.hoymercedes.com.ar\/principal\/wp-content\/uploads\/2017\/10\/14-carcel-ciclismo-630x473.jpg\" alt=\"\" width=\"630\" height=\"473\" srcset=\"https:\/\/www.hoymercedes.com.ar\/principal\/wp-content\/uploads\/2017\/10\/14-carcel-ciclismo.jpg 630w, https:\/\/www.hoymercedes.com.ar\/principal\/wp-content\/uploads\/2017\/10\/14-carcel-ciclismo-150x113.jpg 150w\" sizes=\"auto, (max-width: 630px) 100vw, 630px\" \/><\/p>\n<p>&nbsp;<\/p>\n<p>Luego de la charla en donde cada una de las invitadas cont\u00f3 su propia experiencia con la bicicleta, la jornada continu\u00f3 con un juego de postas para fomentar el movimiento del cuerpo, en el patio para recreaci\u00f3n que tiene la Unidad. Una de las postas era saltar la soga, mientras que las otras eran con pelotas, el\u00e1stico y por supuesto con bicicletas. Algunas de las internas contaron sus vivencias y otra coment\u00f3 que hac\u00eda seis a\u00f1os que no usaba una.<\/p>\n<p>La coordinaci\u00f3n de evento estuvo a cargo de Celeste Burone, de la Oficina de Pre Egreso del PLB, y los docentes de Educaci\u00f3n F\u00edsica Ramiro C\u00e1rdenas y Martin Borzalino. Adem\u00e1s colaboraron la Jefa del Anexo Ver\u00f3nica Vanin y el personal femenino, entre otros.<\/p>\n<p>En el cierre el Subdirector de Asistencia y Tratamiento Dar\u00edo Potes, agradeci\u00f3 a las ciclistas por su excelente predisposici\u00f3n, y a todos los que trabajaron para preparar un d\u00eda distinto para las detenidas, mostrando valores de convivencia que les sirvan para sus vidas y su futura libertad.<\/p>\n<p>Fuente: Unidad N\u00b0 5<\/p>\n","protected":false},"excerpt":{"rendered":"<p>D\u00edas pasados, se realizo una jornada recreativa con las internas del anexo femenino que tiene la Unidad Penitenciaria N\u00b0 5 &#8230; <a title=\"Jornada de ciclismo en el Anexo Femenino de la Unidad N\u00b0 5\" class=\"read-more\" href=\"https:\/\/www.hoymercedes.com.ar\/principal\/2017\/10\/14\/jornada-de-ciclismo-en-el-anexo-femenino-de-la-unidad-n-5\/\" aria-label=\"Leer m\u00e1s sobre Jornada de ciclismo en el Anexo Femenino de la Unidad N\u00b0 5\">Leer m\u00e1s<\/a><\/p>\n","protected":false},"author":1,"featured_media":68334,"comment_status":"closed","ping_status":"open","sticky":false,"template":"","format":"standard","meta":{"_monsterinsights_skip_tracking":false,"_monsterinsights_sitenote_active":false,"_monsterinsights_sitenote_note":"","_monsterinsights_sitenote_category":0,"jetpack_post_was_ever_published":false,"_jetpack_newsletter_access":"","_jetpack_dont_email_post_to_subs":false,"_jetpack_newsletter_tier_id":0,"_jetpack_memberships_contains_paywalled_content":false,"_jetpack_memberships_contains_paid_content":false,"footnotes":"","jetpack_publicize_message":"","jetpack_publicize_feature_enabled":true,"jetpack_social_post_already_shared":true,"jetpack_social_options":{"image_generator_settings":{"template":"highway","default_image_id":0,"font":"","enabled":false},"version":2},"_wpas_customize_per_network":false},"categories":[8],"tags":[9124,1453,204,9002],"class_list":["post-68333","post","type-post","status-publish","format-standard","has-post-thumbnail","hentry","category-sociedad","tag-anexo-femenino","tag-ciclismo","tag-deportes-2","tag-unidad-n-5","generate-columns","tablet-grid-50","mobile-grid-100","grid-parent","grid-50"],"jetpack_publicize_connections":[],"jetpack_featured_media_url":"https:\/\/www.hoymercedes.com.ar\/principal\/wp-content\/uploads\/2017\/10\/14-carcel-ciclismo.jpg","wps_subtitle":"Jornada recreativa","jetpack_sharing_enabled":true,"_links":{"self":[{"href":"https:\/\/www.hoymercedes.com.ar\/principal\/wp-json\/wp\/v2\/posts\/68333","targetHints":{"allow":["GET"]}}],"collection":[{"href":"https:\/\/www.hoymercedes.com.ar\/principal\/wp-json\/wp\/v2\/posts"}],"about":[{"href":"https:\/\/www.hoymercedes.com.ar\/principal\/wp-json\/wp\/v2\/types\/post"}],"author":[{"embeddable":true,"href":"https:\/\/www.hoymercedes.com.ar\/principal\/wp-json\/wp\/v2\/users\/1"}],"replies":[{"embeddable":true,"href":"https:\/\/www.hoymercedes.com.ar\/principal\/wp-json\/wp\/v2\/comments?post=68333"}],"version-history":[{"count":0,"href":"https:\/\/www.hoymercedes.com.ar\/principal\/wp-json\/wp\/v2\/posts\/68333\/revisions"}],"wp:featuredmedia":[{"embeddable":true,"href":"https:\/\/www.hoymercedes.com.ar\/principal\/wp-json\/wp\/v2\/media\/68334"}],"wp:attachment":[{"href":"https:\/\/www.hoymercedes.com.ar\/principal\/wp-json\/wp\/v2\/media?parent=68333"}],"wp:term":[{"taxonomy":"category","embeddable":true,"href":"https:\/\/www.hoymercedes.com.ar\/principal\/wp-json\/wp\/v2\/categories?post=68333"},{"taxonomy":"post_tag","embeddable":true,"href":"https:\/\/www.hoymercedes.com.ar\/principal\/wp-json\/wp\/v2\/tags?post=68333"}],"curies":[{"name":"wp","href":"https:\/\/api.w.org\/{rel}","templated":true}]}}