{"id":68365,"date":"2017-10-15T00:18:13","date_gmt":"2017-10-15T03:18:13","guid":{"rendered":"http:\/\/www.hoymercedes.com.ar\/principal\/?p=68365"},"modified":"2017-10-15T11:37:15","modified_gmt":"2017-10-15T14:37:15","slug":"el-1-x-1-de-club-mercedes-ante-everton","status":"publish","type":"post","link":"https:\/\/www.hoymercedes.com.ar\/principal\/2017\/10\/15\/el-1-x-1-de-club-mercedes-ante-everton\/","title":{"rendered":"El 1 x 1 de Club Mercedes ante Everton"},"content":{"rendered":"<p><strong><em>Club Mercedes cort\u00f3 una racha de seis partidos sin triunfos ante Everton, el \u00faltimo de la tabla, sac\u00e1ndose el maleficio de no poder ganar en condici\u00f3n de local, donde solo pudo rescatar dos puntos. Con un gol de Juli\u00e1n Alarc\u00f3n a los 10 del segundo tiempo, los de Walter D\u00edaz se quedaron con un triunfo valioso pensando en mantener la categor\u00eda. A continuaci\u00f3n, el 1 x 1 del blanquinegro ante el equipo platense.<\/em><\/strong><\/p>\n<p><img loading=\"lazy\" decoding=\"async\" data-attachment-id=\"68374\" data-permalink=\"https:\/\/www.hoymercedes.com.ar\/principal\/2017\/10\/15\/el-1-x-1-de-club-mercedes-ante-everton\/dscn9921\/#main\" data-orig-file=\"https:\/\/www.hoymercedes.com.ar\/principal\/wp-content\/uploads\/2017\/10\/DSCN9921.jpg\" data-orig-size=\"650,372\" data-comments-opened=\"0\" data-image-meta=\"{&quot;aperture&quot;:&quot;3.2&quot;,&quot;credit&quot;:&quot;&quot;,&quot;camera&quot;:&quot;COOLPIX L310&quot;,&quot;caption&quot;:&quot;&quot;,&quot;created_timestamp&quot;:&quot;1508006055&quot;,&quot;copyright&quot;:&quot;&quot;,&quot;focal_length&quot;:&quot;5.6&quot;,&quot;iso&quot;:&quot;110&quot;,&quot;shutter_speed&quot;:&quot;0.003125&quot;,&quot;title&quot;:&quot;&quot;,&quot;orientation&quot;:&quot;1&quot;}\" data-image-title=\"DSCN9921\" data-image-description=\"\" data-image-caption=\"\" data-large-file=\"https:\/\/www.hoymercedes.com.ar\/principal\/wp-content\/uploads\/2017\/10\/DSCN9921.jpg\" class=\"size-medium wp-image-68374 aligncenter\" src=\"https:\/\/www.hoymercedes.com.ar\/principal\/wp-content\/uploads\/2017\/10\/DSCN9921-630x361.jpg\" alt=\"\" width=\"630\" height=\"361\" srcset=\"https:\/\/www.hoymercedes.com.ar\/principal\/wp-content\/uploads\/2017\/10\/DSCN9921-630x361.jpg 630w, https:\/\/www.hoymercedes.com.ar\/principal\/wp-content\/uploads\/2017\/10\/DSCN9921-150x86.jpg 150w, https:\/\/www.hoymercedes.com.ar\/principal\/wp-content\/uploads\/2017\/10\/DSCN9921.jpg 650w\" sizes=\"auto, (max-width: 630px) 100vw, 630px\" \/><\/p>\n<p><strong>Francisco Bidone (6):<\/strong> Por primera vez desde que est\u00e1 como titular en el arco pudo mantener el cero. Si bien lo exigieron poco, estuvo siempre firme en las que se lo llam\u00f3 a trabajar. La m\u00e1s peligrosa fue el tiro de Simino que dio en el palo, tras un rebote en Bruno que descoloc\u00f3 al guardameta.<\/p>\n<p><strong>Juan Pedro gatti (6):<\/strong> La defensa no pas\u00f3 demasiados sobresaltos, pero siempre el central de Mercedes muestra marca f\u00e9rrea en el campo de juego. No fue sobrepasado ni por arriba ni por abajo.<\/p>\n<p><strong>Mat\u00edas Pineda (6):<\/strong> Jug\u00f3 su segundo partido y ante la falta de Schenone, tuvo que jugar con la cancha cambiada por el lateral izquierdo, siendo \u00e9l lateral derecho. Lo atacaron poco, y cuando tuvo que trabajar, lo hizo sin mayores dificultades.<\/p>\n<p><strong>Hern\u00e1n Bruno (5):<\/strong> Sigue sin tener el nivel de otros encuentros en donde jug\u00f3 como lateral derecho, el puesto en el que m\u00e1s c\u00f3modo se lo ve. Cuando tuvo que subir, no estuvo fino con la pelota, principalmente en el primer tiempo, malogrando algunos ataques. En defensa no tuvo demasiados inconvenientes. Fue amonestado por hablar, en un tiro libre a favor de Mercedes.<\/p>\n<p><strong>Nicol\u00e1s Contardi (5):<\/strong> Si bien no pas\u00f3 mayores inconvenientes, por momentos se lo not\u00f3 sin norte en la cancha y cuando ten\u00eda la pelota, demoraba demasiado en entregarla, lo que le gener\u00f3 algunos inconvenientes, principalmente en el primer tiempo.<\/p>\n<p><strong>Gabino Regueiro (6):<\/strong> Se complement\u00f3 bien con Gatti en la zaga central. Por arriba no perdi\u00f3, mientras que por abajo estuvo firme, salvo en una sola situaci\u00f3n en la que fue superado por abajo y eso deriv\u00f3 en una situaci\u00f3n de riesgo. Su ingreso al equipo sigue sumando en defensa.<\/p>\n<p><strong>Franco Gatti (6):<\/strong> Sigue sin poder tener situaciones de gol, pero ante Everton trabaj\u00f3 mucho para el equipo, trasladando la pelota, aguantando la marca, asistiendo a Alarc\u00f3n. Le dio el pase al delantero para que marque el \u00fanico gol del partido. Sigue en escalada su rendimiento en el torneo.<\/p>\n<p><strong>Joaqu\u00edn Parra (6):<\/strong> Otro que sigue subiendo su nivel. Estuvo m\u00e1s participativo en el juego. Por derecha, tuvo un buen desempe\u00f1o, sin mayores sobresaltos. Cuando sali\u00f3 Bruno por lesi\u00f3n, baj\u00f3 a la defensa y en los \u00faltimos minutos del partido tampoco tuvo complicaciones.<\/p>\n<p><strong>Juli\u00e1n Alarc\u00f3n (8):<\/strong> Otra vez, la que tuvo, la meti\u00f3. Lo llamaron para eso y ya marc\u00f3 cuatro goles en los \u00faltimos cuatro partidos. Se lo not\u00f3 con mucha confianza al aguantar la pelota, al descargar hacia los costados y tambi\u00e9n dentro del \u00e1rea. Incluso, se sac\u00f3 bien la marca de encima y gambete\u00f3 al arquero en el gol que err\u00f3 antes de finalizar el partido.<\/p>\n<p><strong>Thiago Portessi (6):<\/strong> Inquietante en los primeros quince minutos de juego, se fue apagando en el primer tiempo y cuando tuvo que ejecutar tiros libres, casi pone el 1 a 0 en el inicio del partido. En el segundo tiempo volvi\u00f3 a estar participativo, aunque sigui\u00f3 err\u00e1tico en los centros desde pelota parada.<\/p>\n<p><strong>Daniel Ojeda (7):<\/strong> Marc\u00f3 nuevamente el equilibrio defensivo. Esta vez jugando de doble cinco, orden\u00f3 al equipo, meti\u00f3, ensuci\u00f3 cuando tuvo que hacerlo y mostr\u00f3 jerarqu\u00eda ante un rival que pod\u00eda llegar a complicar. Junto a Alarc\u00f3n, empieza a ser clave en los partidos en los que Mercedes suma para sostener la categor\u00eda.<\/p>\n<p>&nbsp;<\/p>\n<p><strong>Cristian Barrientos (5):<\/strong> Entr\u00f3 a los 25 del segundo tiempo por Bruno, que sali\u00f3 lesionado. Se par\u00f3 en el lugar de Parra, que baj\u00f3 a la defensa. No gravit\u00f3 demasiado en un partido en el que los pelotazos abundaban y se superaba r\u00e1pido la mitad de la cancha.<\/p>\n<p><strong>Esteban Rodr\u00edguez (-):<\/strong> Entr\u00f3 a los 35 del segundo tiempo por Franco Gatti. En los pocos minutos en cancha, se lo not\u00f3 con m\u00e1s confianza, m\u00e1s participativo e incluso se asoci\u00f3 r\u00e1pido a sus compa\u00f1eros.<\/p>\n<p><strong>Luis Lawler (-):<\/strong> Entr\u00f3 a los 48 del segundo tiempo por Alarc\u00f3n. No logr\u00f3 en los dos minutos que jug\u00f3, poder tener contacto con el juego.<\/p>\n<p>&nbsp;<\/p>\n<p><strong>Walter D\u00edaz (aprobado):<\/strong> El entrenador cambi\u00f3 el esquema. Por primera vez en el torneo jug\u00f3 sin engancha, con dos l\u00edneas de 4 y acert\u00f3 en el equipo que puso en un partido complicado porque hac\u00eda mucho que Mercedes no ganaba y este s\u00e1bado estaba obligado a hacerlo. Por primera vez en el campeonato no utiliz\u00f3 a Arbello y el equipo mostr\u00f3 m\u00e1s conexi\u00f3n y mayor velocidad. Nuevamente un buen partido a nivel t\u00e1ctico del entrenador.<\/p>\n","protected":false},"excerpt":{"rendered":"<p>Club Mercedes cort\u00f3 una racha de seis partidos sin triunfos ante Everton, el \u00faltimo de la tabla, sac\u00e1ndose el maleficio &#8230; <a title=\"El 1 x 1 de Club Mercedes ante Everton\" class=\"read-more\" href=\"https:\/\/www.hoymercedes.com.ar\/principal\/2017\/10\/15\/el-1-x-1-de-club-mercedes-ante-everton\/\" aria-label=\"Leer m\u00e1s sobre El 1 x 1 de Club Mercedes ante Everton\">Leer m\u00e1s<\/a><\/p>\n","protected":false},"author":1,"featured_media":68374,"comment_status":"closed","ping_status":"open","sticky":false,"template":"","format":"standard","meta":{"_monsterinsights_skip_tracking":false,"_monsterinsights_sitenote_active":false,"_monsterinsights_sitenote_note":"","_monsterinsights_sitenote_category":0,"jetpack_post_was_ever_published":false,"_jetpack_newsletter_access":"","_jetpack_dont_email_post_to_subs":false,"_jetpack_newsletter_tier_id":0,"_jetpack_memberships_contains_paywalled_content":false,"_jetpack_memberships_contains_paid_content":false,"footnotes":"","jetpack_publicize_message":"","jetpack_publicize_feature_enabled":true,"jetpack_social_post_already_shared":true,"jetpack_social_options":{"image_generator_settings":{"template":"highway","default_image_id":0,"font":"","enabled":false},"version":2},"_wpas_customize_per_network":false},"categories":[21],"tags":[122,12063,11669,9674,10],"class_list":["post-68365","post","type-post","status-publish","format-standard","has-post-thumbnail","hentry","category-deportes","tag-club-mercedes","tag-deportes-1x1","tag-everton","tag-federal-b","tag-mercedes","generate-columns","tablet-grid-50","mobile-grid-100","grid-parent","grid-50"],"jetpack_publicize_connections":[],"jetpack_featured_media_url":"https:\/\/www.hoymercedes.com.ar\/principal\/wp-content\/uploads\/2017\/10\/DSCN9921.jpg","wps_subtitle":"Federal B","jetpack_sharing_enabled":true,"_links":{"self":[{"href":"https:\/\/www.hoymercedes.com.ar\/principal\/wp-json\/wp\/v2\/posts\/68365","targetHints":{"allow":["GET"]}}],"collection":[{"href":"https:\/\/www.hoymercedes.com.ar\/principal\/wp-json\/wp\/v2\/posts"}],"about":[{"href":"https:\/\/www.hoymercedes.com.ar\/principal\/wp-json\/wp\/v2\/types\/post"}],"author":[{"embeddable":true,"href":"https:\/\/www.hoymercedes.com.ar\/principal\/wp-json\/wp\/v2\/users\/1"}],"replies":[{"embeddable":true,"href":"https:\/\/www.hoymercedes.com.ar\/principal\/wp-json\/wp\/v2\/comments?post=68365"}],"version-history":[{"count":0,"href":"https:\/\/www.hoymercedes.com.ar\/principal\/wp-json\/wp\/v2\/posts\/68365\/revisions"}],"wp:featuredmedia":[{"embeddable":true,"href":"https:\/\/www.hoymercedes.com.ar\/principal\/wp-json\/wp\/v2\/media\/68374"}],"wp:attachment":[{"href":"https:\/\/www.hoymercedes.com.ar\/principal\/wp-json\/wp\/v2\/media?parent=68365"}],"wp:term":[{"taxonomy":"category","embeddable":true,"href":"https:\/\/www.hoymercedes.com.ar\/principal\/wp-json\/wp\/v2\/categories?post=68365"},{"taxonomy":"post_tag","embeddable":true,"href":"https:\/\/www.hoymercedes.com.ar\/principal\/wp-json\/wp\/v2\/tags?post=68365"}],"curies":[{"name":"wp","href":"https:\/\/api.w.org\/{rel}","templated":true}]}}